{"id":16339,"date":"2022-03-10T13:09:05","date_gmt":"2022-03-10T12:09:05","guid":{"rendered":"https:\/\/www.greenpeace.org\/czech\/?p=16339"},"modified":"2025-07-02T08:12:57","modified_gmt":"2025-07-02T07:12:57","slug":"prozkoumejte-ocean-z-pohodli-sveho-domova-tahle-videa-vas-tam-prenesou","status":"publish","type":"post","link":"https:\/\/www.greenpeace.org\/czech\/clanek\/16339\/prozkoumejte-ocean-z-pohodli-sveho-domova-tahle-videa-vas-tam-prenesou\/","title":{"rendered":"Prozkoumejte oce\u00e1n z pohodl\u00ed sv\u00e9ho domova: tahle videa v\u00e1s tam p\u0159enesou"},"content":{"rendered":"\n<p>Dne\u0161n\u00ed doba je n\u00e1ro\u010dn\u00e1 na psychiku. P\u0159in\u00e1\u0161\u00edme v\u00e1m proto uklid\u0148uj\u00edc\u00ed a \u00fa\u017easn\u00e9 z\u00e1b\u011bry oce\u00e1n\u016f.\u00a0<\/p>\n\n<p>Pro mnoho lid\u00ed je oce\u00e1n balz\u00e1mem v dob\u00e1ch \u00fazkosti a p\u0159et\u00ed\u017een\u00ed. Mo\u017en\u00e1 n\u00e1s uklid\u0148uje rozlehlost oce\u00e1nu, pocit p\u00edsku mezi prsty u nohou nebo rytmick\u00fd zvuk \u0161plouchaj\u00edc\u00edch vln. A\u0165 u\u017e je to cokoli, dok\u00e1\u017ee to z\u00e1zraky. V \u010cesk\u00e9 republice nem\u00e1me k oce\u00e1nu p\u0159\u00edstup, a tak jsme si \u0159ekli, \u017ee d\u00e1me dohromady kr\u00e1sn\u00e1 videa o oce\u00e1nech, kter\u00e1 m\u016f\u017eete sledovat t\u0159eba z va\u0161eho gau\u010de.<\/p>\n\n<p>I kdy\u017e je d\u016fle\u017eit\u00e9 z\u016fstat v obraze, je tak\u00e9 nezbytn\u00e9 dop\u0159\u00e1t sv\u00e9mu mozku odpo\u010dinek. Proto se na chv\u00edli pono\u0159te do uklid\u0148uj\u00edc\u00edch obraz\u016f a zvuk\u016f oce\u00e1nu, ke kter\u00fdm se p\u0159id\u00e1 i spousta kr\u00e1sn\u00e9 divok\u00e9 p\u0159\u00edrody.<\/p>\n\n<h2 class=\"wp-block-heading\"><strong>Plav\u00e1n\u00ed s tuleni na Nov\u00e9m Z\u00e9landu<\/strong><\/h2>\n\n<figure class=\"wp-block-embed is-type-video is-provider-youtube wp-block-embed-youtube wp-embed-aspect-16-9 wp-has-aspect-ratio\"><div class=\"wp-block-embed__wrapper\">\n<lite-youtube style=\"background-image: url('https:\/\/i.ytimg.com\/vi\/gD0EbnZyr10\/hqdefault.jpg');\" videoid=\"gD0EbnZyr10\" params=\"rel=0\"><\/lite-youtube>\n<\/div><\/figure>\n\n<h2 class=\"wp-block-heading\"><strong>L\u00e9tejte nad oce\u00e1nem<\/strong><\/h2>\n\n<figure class=\"wp-block-embed is-type-video is-provider-youtube wp-block-embed-youtube wp-embed-aspect-16-9 wp-has-aspect-ratio\"><div class=\"wp-block-embed__wrapper\">\n<lite-youtube style=\"background-image: url('https:\/\/i.ytimg.com\/vi\/-GUSrRhXcXA\/hqdefault.jpg');\" videoid=\"-GUSrRhXcXA\" params=\"rel=0\"><\/lite-youtube>\n<\/div><\/figure>\n\n<h2 class=\"wp-block-heading\"><strong>Poslechn\u011bte si ledov\u00fd koncert v Arktid\u011b<\/strong><\/h2>\n\n<figure class=\"wp-block-embed is-type-video is-provider-youtube wp-block-embed-youtube wp-embed-aspect-16-9 wp-has-aspect-ratio\"><div class=\"wp-block-embed__wrapper\">\n<lite-youtube style=\"background-image: url('https:\/\/i.ytimg.com\/vi\/YvXiSGbfxUI\/hqdefault.jpg');\" videoid=\"YvXiSGbfxUI\" params=\"rel=0\"><\/lite-youtube>\n<\/div><\/figure>\n\n<h2 class=\"wp-block-heading\"><strong>Zaplavte si v pestrobarevn\u00e9m Salish Sea<\/strong><\/h2>\n\n<figure class=\"wp-block-embed is-type-video is-provider-youtube wp-block-embed-youtube wp-embed-aspect-16-9 wp-has-aspect-ratio\"><div class=\"wp-block-embed__wrapper\">\n<lite-youtube style=\"background-image: url('https:\/\/i.ytimg.com\/vi\/ZVap9HzxVxM\/hqdefault.jpg');\" videoid=\"ZVap9HzxVxM\" params=\"rel=0\"><\/lite-youtube>\n<\/div><\/figure>\n\n<h2 class=\"wp-block-heading\"><strong>Uklid\u0148uj\u00edc\u00ed podmo\u0159sk\u00e9 z\u00e1b\u011bry z pob\u0159e\u017e\u00ed Austr\u00e1lie<\/strong><\/h2>\n\n<figure class=\"wp-block-embed is-type-video is-provider-youtube wp-block-embed-youtube wp-embed-aspect-16-9 wp-has-aspect-ratio\"><div class=\"wp-block-embed__wrapper\">\n<lite-youtube style=\"background-image: url('https:\/\/i.ytimg.com\/vi\/8BoOt60M3oI\/hqdefault.jpg');\" videoid=\"8BoOt60M3oI\" params=\"rel=0\"><\/lite-youtube>\n<\/div><\/figure>\n\n<p>A pokud se na to te\u010f po shl\u00e9dnut\u00ed t\u011bch \u00fa\u017easn\u00fdch vide\u00ed c\u00edt\u00edte, pomozte n\u00e1m vytvo\u0159it rozs\u00e1hlou s\u00ed\u0165 oce\u00e1nsk\u00fdch rezervac\u00ed, aby byly na\u0161e oce\u00e1ny zdrav\u00e9.&nbsp;<\/p>\n\n<div class=\"wp-block-buttons is-content-justification-center is-layout-flex wp-block-buttons-is-layout-flex\">\n<div class=\"wp-block-button is-style-cta\"><a class=\"wp-block-button__link\" href=\"https:\/\/www.zachranmeoceany.cz\/\"><strong>P\u0159idejte se ke kampani za z\u00e1chranu oce\u00e1n\u016f<\/strong><\/a><\/div>\n<\/div>\n","protected":false},"excerpt":{"rendered":"<p>Dne\u0161n\u00ed doba je n\u00e1ro\u010dn\u00e1 na psychiku. P\u0159in\u00e1\u0161\u00edme v\u00e1m proto uklid\u0148uj\u00edc\u00ed a \u00fa\u017easn\u00e9 z\u00e1b\u011bry oce\u00e1n\u016f.\u00a0<\/p>\n","protected":false},"author":27,"featured_media":16340,"comment_status":"open","ping_status":"closed","sticky":false,"template":"","format":"standard","meta":{"ep_exclude_from_search":false,"p4_og_title":"","p4_og_description":"","p4_og_image":"","p4_og_image_id":"","p4_seo_canonical_url":"","p4_campaign_name":"not set","p4_local_project":"not set","p4_basket_name":"not set","p4_department":"","footnotes":""},"categories":[2],"tags":[18],"p4-page-type":[16],"class_list":["post-16339","post","type-post","status-publish","format-standard","has-post-thumbnail","hentry","category-priroda","tag-oceany","p4-page-type-clanek"],"_links":{"self":[{"href":"https:\/\/www.greenpeace.org\/czech\/wp-json\/wp\/v2\/posts\/16339","targetHints":{"allow":["GET"]}}],"collection":[{"href":"https:\/\/www.greenpeace.org\/czech\/wp-json\/wp\/v2\/posts"}],"about":[{"href":"https:\/\/www.greenpeace.org\/czech\/wp-json\/wp\/v2\/types\/post"}],"author":[{"embeddable":true,"href":"https:\/\/www.greenpeace.org\/czech\/wp-json\/wp\/v2\/users\/27"}],"replies":[{"embeddable":true,"href":"https:\/\/www.greenpeace.org\/czech\/wp-json\/wp\/v2\/comments?post=16339"}],"version-history":[{"count":4,"href":"https:\/\/www.greenpeace.org\/czech\/wp-json\/wp\/v2\/posts\/16339\/revisions"}],"predecessor-version":[{"id":22326,"href":"https:\/\/www.greenpeace.org\/czech\/wp-json\/wp\/v2\/posts\/16339\/revisions\/22326"}],"wp:featuredmedia":[{"embeddable":true,"href":"https:\/\/www.greenpeace.org\/czech\/wp-json\/wp\/v2\/media\/16340"}],"wp:attachment":[{"href":"https:\/\/www.greenpeace.org\/czech\/wp-json\/wp\/v2\/media?parent=16339"}],"wp:term":[{"taxonomy":"category","embeddable":true,"href":"https:\/\/www.greenpeace.org\/czech\/wp-json\/wp\/v2\/categories?post=16339"},{"taxonomy":"post_tag","embeddable":true,"href":"https:\/\/www.greenpeace.org\/czech\/wp-json\/wp\/v2\/tags?post=16339"},{"taxonomy":"p4-page-type","embeddable":true,"href":"https:\/\/www.greenpeace.org\/czech\/wp-json\/wp\/v2\/p4-page-type?post=16339"}],"curies":[{"name":"wp","href":"https:\/\/api.w.org\/{rel}","templated":true}]}}