{"id":16726,"date":"2022-05-04T09:17:42","date_gmt":"2022-05-04T08:17:42","guid":{"rendered":"https:\/\/www.greenpeace.org\/czech\/?p=16726"},"modified":"2022-05-04T09:17:43","modified_gmt":"2022-05-04T08:17:43","slug":"greenpeace-chysta-akci-proti-lodi-se-sojou-z-brazilie-a-vyzve-eu-aby-prestala-nicit-prirodu","status":"publish","type":"post","link":"https:\/\/www.greenpeace.org\/czech\/tiskova-zprava\/16726\/greenpeace-chysta-akci-proti-lodi-se-sojou-z-brazilie-a-vyzve-eu-aby-prestala-nicit-prirodu\/","title":{"rendered":"Greenpeace chyst\u00e1 akci proti\u00a0 lodi se s\u00f3jou z Braz\u00edlie a vyzve EU, aby p\u0159estala ni\u010dit p\u0159\u00edrodu"},"content":{"rendered":"\n<p>Pobo\u010dka Greenpeace v Nizozemsku ozn\u00e1mila, \u017ee spole\u010dn\u011b s aktivisty a aktivistkami z cel\u00e9 Evropy v\u010detn\u011b \u010ceska podnikne akci proti ob\u0159\u00ed n\u00e1kladn\u00ed lodi Crimson Ace, kter\u00e1 je nyn\u00ed na cest\u011b z Braz\u00edlie do amsterdamsk\u00e9ho p\u0159\u00edstavu. Lo\u010f do Evropy p\u0159iv\u00e1\u017e\u00ed v\u00edce ne\u017e 60 000 tun s\u00f3ji pro krmen\u00ed zv\u00ed\u0159at, dorazit by m\u011bla p\u0159\u00ed\u0161t\u00ed t\u00fdden. Ka\u017edoro\u010dn\u011b se do Evropy na lod\u00edch dost\u00e1vaj\u00ed miliony tun palmov\u00e9ho oleje, masa a krmn\u00e9 s\u00f3ji. Evropsk\u00e1 spot\u0159eba t\u011bchto komodit p\u0159isp\u00edv\u00e1 k ni\u010den\u00ed prales\u016f a cenn\u00fdch ekosyst\u00e9m\u016f po cel\u00e9m sv\u011bt\u011b. A EU st\u00e1le nem\u00e1 \u017e\u00e1dn\u00e1 vymahateln\u00e1 pravidla, kter\u00e1 by import v\u0161ech problematick\u00fdch komodit \u0159e\u0161ila.\u00a0<\/p>\n\n<figure class=\"wp-block-image size-large\"><img loading=\"lazy\" decoding=\"async\" width=\"1024\" height=\"683\" src=\"https:\/\/www.greenpeace.org\/static\/planet4-czech-republic-stateless\/2022\/05\/ff5ea224-gp0sturq7-1024x683.jpg\" title=\"Fire Moratorium - Deforestation and Fire Monitoring in the Amazon. \u00a9 Christian Braga \/ Greenpeace\" alt=\"Fire Moratorium - Deforestation and Fire Monitoring in the Amazon. \u00a9 Christian Braga \/ Greenpeace\" class=\"wp-image-16727\" srcset=\"https:\/\/www.greenpeace.org\/static\/planet4-czech-republic-stateless\/2022\/05\/ff5ea224-gp0sturq7-1024x683.jpg 1024w, https:\/\/www.greenpeace.org\/static\/planet4-czech-republic-stateless\/2022\/05\/ff5ea224-gp0sturq7-300x200.jpg 300w, https:\/\/www.greenpeace.org\/static\/planet4-czech-republic-stateless\/2022\/05\/ff5ea224-gp0sturq7-768x512.jpg 768w, https:\/\/www.greenpeace.org\/static\/planet4-czech-republic-stateless\/2022\/05\/ff5ea224-gp0sturq7-510x340.jpg 510w, https:\/\/www.greenpeace.org\/static\/planet4-czech-republic-stateless\/2022\/05\/ff5ea224-gp0sturq7.jpg 1200w\" sizes=\"auto, (max-width: 1024px) 100vw, 1024px\" \/><figcaption>Odles\u0148ov\u00e1n\u00ed v Braz\u00edlii<div class=\"credit icon-left\"> \u00a9 Christian Braga \/ Greenpeace<\/div><\/figcaption><\/figure>\n\n<p>Velk\u00e1 \u010d\u00e1st komodit, kter\u00e9 EU dov\u00e1\u017e\u00ed, jako je s\u00f3ja, palmov\u00fd olej a maso, putuje pr\u00e1v\u011b\u00a0 do p\u0159\u00edstav\u016f v Rotterdamu a Amsterdamu a odtud jsou distribuov\u00e1ny do zbytku EU v\u010detn\u011b \u010ceska. Zat\u00edm je na trhu nemo\u017en\u00e9 rozli\u0161it mezi komoditami vyp\u011bstovan\u00fdmi udr\u017eiteln\u011b a t\u011bmi, kter\u00e9 stoj\u00ed t\u0159eba za k\u00e1cen\u00edm prales\u016f a ni\u010den\u00edm dal\u0161\u00edch cenn\u00fdch ekosyst\u00e9m\u016f..<\/p>\n\n<p>\u201cI to, co m\u00e1me na tal\u00ed\u0159i k ob\u011bdu u n\u00e1s v \u010cesku, zp\u016fsobuje zk\u00e1zu na druh\u00e9m konci sv\u011bta a p\u0159isp\u00edv\u00e1 k destrukci nejcenn\u011bj\u0161\u00ed p\u0159\u00edrody, bez kter\u00e9 nem\u00e1me \u0161anci zvl\u00e1dnout klimatickou krizi,\u201d \u0159\u00edk\u00e1 Jan Freidinger z Greenpeace.&nbsp;&nbsp;<\/p>\n\n<p>Aktu\u00e1ln\u00edm p\u0159\u00edkladem ni\u010den\u00ed p\u0159\u00edrody je brazilsk\u00e1 Cerrado &#8211; savana, kter\u00e1 je domovem jagu\u00e1r\u016f a dal\u0161\u00edch jedine\u010dn\u00fdch druh\u016f. P\u0159es polovinu jej\u00ed p\u0159irozen\u00e9 vegetace zmizelo kv\u016fli s\u00f3jov\u00fdm plant\u00e1\u017e\u00edm a pastvin\u00e1m. Zni\u010deno bylo v\u00edce ne\u017e 95 milion\u016f hektar\u016f, co\u017e je plocha v\u011bt\u0161\u00ed ne\u017e Francie a N\u011bmecko dohromady. Roz\u0161i\u0159uj\u00edc\u00ed se s\u00f3jov\u00e9 farmy zasahuj\u00ed tak\u00e9 do \u00fazem\u00ed a p\u016fdy m\u00edstn\u00edch komunit a drobn\u00fdch zem\u011bd\u011blc\u016f. S\u00f3ja se pou\u017e\u00edv\u00e1 p\u0159edev\u0161\u00edm jako krmivo pro intenzivn\u00ed chov hospod\u00e1\u0159sk\u00fdch zv\u00ed\u0159at, a to nejen v Ji\u017en\u00ed Americe, ale i v Evrop\u011b.<\/p>\n\n<p>Minist\u0159i \u017eivotn\u00edho prost\u0159ed\u00ed a zem\u011bd\u011blstv\u00ed EU, v\u010detn\u011b \u010desk\u00e9ho ministra Zde\u0148ka Nekuly, pr\u00e1v\u011b projedn\u00e1vaj\u00ed n\u00e1vrh unijn\u00edho na\u0159\u00edzen\u00ed, kter\u00e9 m\u00e1 sn\u00ed\u017eit pod\u00edl EU na ni\u010den\u00ed p\u0159\u00edrody a zajistit, aby na evropsk\u00fd trh byly dov\u00e1\u017eeny jen produkty z farem, kter\u00e9 se nepod\u00edl\u00ed na ni\u010den\u00ed prales\u016f a dal\u0161\u00edch ekosyst\u00e9m\u016f.<\/p>\n\n<p>Podle Greenpeace je to p\u0159elomov\u00fd n\u00e1vrh, kter\u00fd m\u00e1 ale zat\u00edm \u0159adu nedostatk\u016f. Organizaci vad\u00ed, \u017ee se zam\u011b\u0159uje pouze na lesy a opom\u00edj\u00ed dal\u0161\u00ed cenn\u00e9 ekosyst\u00e9my, jako jsou savany \u010di mok\u0159ady, a vynech\u00e1v\u00e1 mnoho produkt\u016f, kter\u00e9 maj\u00ed velk\u00fd dopad na p\u0159\u00edrodu, jako je vep\u0159ov\u00e9 \u010di ku\u0159ec\u00ed maso, kuku\u0159ice a kau\u010duk. Nav\u00edc v tuto chv\u00edli hroz\u00ed dal\u0161\u00ed rozvoln\u011bn\u00ed v textu sou\u010dasn\u00e9ho n\u00e1vrhu. Mezin\u00e1rodn\u00ed korporace lobbuj\u00ed proti po\u017eadavk\u016fm na sledov\u00e1n\u00ed slo\u017eek ve sv\u00fdch v\u00fdrobc\u00edch a\u017e k p\u0159esn\u00e9mu m\u00edstu, kde p\u011bstovaly sv\u00e9 plodiny, nebo kde p\u00e1sly sv\u00e1 zv\u00ed\u0159ata, a evropsk\u00e9 vl\u00e1dy ze zem\u00ed bohat\u00fdch na lesy hroz\u00ed, \u017ee oslab\u00ed \u010d\u00e1sti z\u00e1kona, aby nep\u0159id\u011bl\u00e1valy pr\u00e1ci sv\u00fdm lesnick\u00fdm firm\u00e1m.&nbsp;<\/p>\n\n<p>Greenpeace proto po\u017eaduje, aby minist\u0159i \u010dlensk\u00fdch st\u00e1t\u016f EU zajistili, \u017ee spolu\u00fa\u010dast Evropy na ni\u010den\u00ed p\u0159\u00edrody a poru\u0161ov\u00e1n\u00ed lidsk\u00fdch pr\u00e1v skon\u010d\u00ed.<\/p>\n","protected":false},"excerpt":{"rendered":"<p>Pobo\u010dka Greenpeace v Nizozemsku ozn\u00e1mila, \u017ee spole\u010dn\u011b s aktivisty a aktivistkami z cel\u00e9 Evropy v\u010detn\u011b \u010ceska podnikne akci proti ob\u0159\u00ed n\u00e1kladn\u00ed lodi Crimson Ace, kter\u00e1 je nyn\u00ed na cest\u011b z&hellip;<\/p>\n","protected":false},"author":27,"featured_media":16727,"comment_status":"open","ping_status":"closed","sticky":false,"template":"","format":"standard","meta":{"ep_exclude_from_search":false,"p4_og_title":"","p4_og_description":"","p4_og_image":"","p4_og_image_id":"","p4_seo_canonical_url":"","p4_campaign_name":"not set","p4_local_project":"not set","p4_basket_name":"not set","p4_department":"","footnotes":""},"categories":[2],"tags":[17],"p4-page-type":[14],"class_list":["post-16726","post","type-post","status-publish","format-standard","has-post-thumbnail","hentry","category-priroda","tag-lesy-pralesy","p4-page-type-tiskova-zprava"],"_links":{"self":[{"href":"https:\/\/www.greenpeace.org\/czech\/wp-json\/wp\/v2\/posts\/16726","targetHints":{"allow":["GET"]}}],"collection":[{"href":"https:\/\/www.greenpeace.org\/czech\/wp-json\/wp\/v2\/posts"}],"about":[{"href":"https:\/\/www.greenpeace.org\/czech\/wp-json\/wp\/v2\/types\/post"}],"author":[{"embeddable":true,"href":"https:\/\/www.greenpeace.org\/czech\/wp-json\/wp\/v2\/users\/27"}],"replies":[{"embeddable":true,"href":"https:\/\/www.greenpeace.org\/czech\/wp-json\/wp\/v2\/comments?post=16726"}],"version-history":[{"count":1,"href":"https:\/\/www.greenpeace.org\/czech\/wp-json\/wp\/v2\/posts\/16726\/revisions"}],"predecessor-version":[{"id":16728,"href":"https:\/\/www.greenpeace.org\/czech\/wp-json\/wp\/v2\/posts\/16726\/revisions\/16728"}],"wp:featuredmedia":[{"embeddable":true,"href":"https:\/\/www.greenpeace.org\/czech\/wp-json\/wp\/v2\/media\/16727"}],"wp:attachment":[{"href":"https:\/\/www.greenpeace.org\/czech\/wp-json\/wp\/v2\/media?parent=16726"}],"wp:term":[{"taxonomy":"category","embeddable":true,"href":"https:\/\/www.greenpeace.org\/czech\/wp-json\/wp\/v2\/categories?post=16726"},{"taxonomy":"post_tag","embeddable":true,"href":"https:\/\/www.greenpeace.org\/czech\/wp-json\/wp\/v2\/tags?post=16726"},{"taxonomy":"p4-page-type","embeddable":true,"href":"https:\/\/www.greenpeace.org\/czech\/wp-json\/wp\/v2\/p4-page-type?post=16726"}],"curies":[{"name":"wp","href":"https:\/\/api.w.org\/{rel}","templated":true}]}}