{"id":17023,"date":"2021-12-14T11:45:00","date_gmt":"2021-12-14T10:45:00","guid":{"rendered":"https:\/\/www.greenpeace.org\/czech\/?p=17023"},"modified":"2022-06-14T11:46:03","modified_gmt":"2022-06-14T10:46:03","slug":"co-bude-ekologicka-transformace-znamenat-pro-obycejnou-rodinu","status":"publish","type":"post","link":"https:\/\/www.greenpeace.org\/czech\/clanek\/17023\/co-bude-ekologicka-transformace-znamenat-pro-obycejnou-rodinu\/","title":{"rendered":"Co bude ekologick\u00e1 transformace znamenat pro oby\u010dejnou rodinu?"},"content":{"rendered":"\n<p>V n\u00e1sleduj\u00edc\u00edch letech \u010dek\u00e1 \u010ceskou republiku obrovsk\u00e1 transformace, nepodobn\u00e1 t\u00e9 z 90. let. Uhl\u00ed, ze kter\u00e9ho vyr\u00e1b\u00edme 40 % na\u0161\u00ed energie, bude muset b\u00fdt nahrazeno jin\u00fdmi zdroji energie. A nejde jen o transformaci energetiky \u2013 tou v\u00fdzvou a p\u0159\u00edle\u017eitost\u00ed je obecn\u011bji p\u0159echod k udr\u017eiteln\u011bj\u0161\u00ed ekonomice i v dal\u0161\u00edch oblastech, jak\u00fdmi jsou nap\u0159\u00edklad p\u00e9\u010de o krajinu a doprava. <\/p>\n\n<figure class=\"wp-block-embed is-type-video is-provider-youtube wp-block-embed-youtube wp-embed-aspect-16-9 wp-has-aspect-ratio\"><div class=\"wp-block-embed__wrapper\">\n<lite-youtube style=\"background-image: url('https:\/\/i.ytimg.com\/vi\/mtVvf0rz_vQ\/hqdefault.jpg');\" videoid=\"mtVvf0rz_vQ\" params=\"rel=0\"><\/lite-youtube>\n<\/div><\/figure>\n\n<p>Tzv. \u201ezelen\u00e1 transformace\u201c s sebou nese nejen v\u00fdzvu ke spole\u010densk\u00fdm a ekonomick\u00fdm zm\u011bn\u00e1m, ale p\u0159in\u00e1\u0161\u00ed i rozs\u00e1hl\u00e9 investice ze strany st\u00e1tu. St\u00e1vaj\u00edc\u00ed v\u00fdzkumy ukazuj\u00ed, \u017ee lid\u00e9 s ni\u017e\u0161\u00edmi p\u0159\u00edjmy vn\u00edmaj\u00ed zelenou transformaci \u010dast\u011bji jako ohro\u017een\u00ed. Nevhodn\u011b nebo i jen necitliv\u011b nastaven\u00e1 opat\u0159en\u00ed skute\u010dn\u011b mohou v\u00e9st k tomu, \u017ee z nich bude profitovat jen \u010d\u00e1st spole\u010dnosti \u2013 pravd\u011bpodobn\u011b ti l\u00e9pe postaven\u00ed. Mohou tak v\u00e9st k dal\u0161\u00edmu rozev\u00edr\u00e1n\u00ed spole\u010densk\u00fdch n\u016f\u017eek. P\u0159edev\u0161\u00edm ale p\u0159edstavuj\u00ed riziko pro legitimitu cel\u00e9ho procesu a \u2013 jak ukazuje nap\u0159\u00edklad zku\u0161enosti z Francie \u2013 a p\u0159isp\u00edvat k procesu polarizace spole\u010dnosti. <\/p>\n\n<p>\u010cemu je d\u016fle\u017eit\u00e9 v\u011bnovat v \u010desk\u00e9m kontextu pozornost, aby se zelen\u00e1 transformace stala p\u0159\u00edle\u017eitost\u00ed pro spole\u010dnost jako celek? Jak\u00e1 rizika jsou s n\u00ed spojena? Jak zabr\u00e1nit tomu, aby nejv\u00edce dopadla na nejchud\u0161\u00ed a nejohro\u017een\u011bj\u0161\u00ed? V p\u0159edn\u00e1\u0161ce Akademie Greenpeace se sociolo\u017eka Lucie Trlifajov\u00e1 pod\u00edv\u00e1 na procesy, kter\u00e9 formuj\u00ed na\u0161i spole\u010dnost, a pop\u00ed\u0161e rizikov\u00e1 m\u00edsta a syst\u00e9mov\u00e9 probl\u00e9my, kter\u00fdm \u010del\u00ed n\u00e1\u0161 st\u00e1t. A to nejen v soci\u00e1ln\u00edch oblastech.<\/p>\n","protected":false},"excerpt":{"rendered":"<p>V n\u00e1sleduj\u00edc\u00edch letech \u010dek\u00e1 \u010ceskou republiku obrovsk\u00e1 transformace, nepodobn\u00e1 t\u00e9 z 90. let. Uhl\u00ed, ze kter\u00e9ho vyr\u00e1b\u00edme 40 % na\u0161\u00ed energie, bude muset b\u00fdt nahrazeno jin\u00fdmi zdroji energie. A nejde&hellip;<\/p>\n","protected":false},"author":29,"featured_media":17024,"comment_status":"open","ping_status":"closed","sticky":false,"template":"","format":"standard","meta":{"ep_exclude_from_search":false,"p4_og_title":"","p4_og_description":"","p4_og_image":"","p4_og_image_id":"","p4_seo_canonical_url":"","p4_campaign_name":"not set","p4_local_project":"not set","p4_basket_name":"not set","p4_department":"","footnotes":""},"categories":[4],"tags":[],"p4-page-type":[16],"class_list":["post-17023","post","type-post","status-publish","format-standard","has-post-thumbnail","hentry","category-energeticka-revoluce","p4-page-type-clanek"],"_links":{"self":[{"href":"https:\/\/www.greenpeace.org\/czech\/wp-json\/wp\/v2\/posts\/17023","targetHints":{"allow":["GET"]}}],"collection":[{"href":"https:\/\/www.greenpeace.org\/czech\/wp-json\/wp\/v2\/posts"}],"about":[{"href":"https:\/\/www.greenpeace.org\/czech\/wp-json\/wp\/v2\/types\/post"}],"author":[{"embeddable":true,"href":"https:\/\/www.greenpeace.org\/czech\/wp-json\/wp\/v2\/users\/29"}],"replies":[{"embeddable":true,"href":"https:\/\/www.greenpeace.org\/czech\/wp-json\/wp\/v2\/comments?post=17023"}],"version-history":[{"count":1,"href":"https:\/\/www.greenpeace.org\/czech\/wp-json\/wp\/v2\/posts\/17023\/revisions"}],"predecessor-version":[{"id":17025,"href":"https:\/\/www.greenpeace.org\/czech\/wp-json\/wp\/v2\/posts\/17023\/revisions\/17025"}],"wp:featuredmedia":[{"embeddable":true,"href":"https:\/\/www.greenpeace.org\/czech\/wp-json\/wp\/v2\/media\/17024"}],"wp:attachment":[{"href":"https:\/\/www.greenpeace.org\/czech\/wp-json\/wp\/v2\/media?parent=17023"}],"wp:term":[{"taxonomy":"category","embeddable":true,"href":"https:\/\/www.greenpeace.org\/czech\/wp-json\/wp\/v2\/categories?post=17023"},{"taxonomy":"post_tag","embeddable":true,"href":"https:\/\/www.greenpeace.org\/czech\/wp-json\/wp\/v2\/tags?post=17023"},{"taxonomy":"p4-page-type","embeddable":true,"href":"https:\/\/www.greenpeace.org\/czech\/wp-json\/wp\/v2\/p4-page-type?post=17023"}],"curies":[{"name":"wp","href":"https:\/\/api.w.org\/{rel}","templated":true}]}}