{"id":17228,"date":"2022-07-21T09:55:00","date_gmt":"2022-07-21T08:55:00","guid":{"rendered":"https:\/\/www.greenpeace.org\/czech\/?p=17228"},"modified":"2022-07-25T11:37:01","modified_gmt":"2022-07-25T10:37:01","slug":"urady-uz-mesice-ignoruji-ilegalni-kaceni-buku-v-krusnych-horach-greenpeace-si-stezuje-ministerstvum","status":"publish","type":"post","link":"https:\/\/www.greenpeace.org\/czech\/tiskova-zprava\/17228\/urady-uz-mesice-ignoruji-ilegalni-kaceni-buku-v-krusnych-horach-greenpeace-si-stezuje-ministerstvum\/","title":{"rendered":"\u00da\u0159ady u\u017e m\u011bs\u00edce ignoruj\u00ed ileg\u00e1ln\u00ed k\u00e1cen\u00ed buk\u016f v Kru\u0161n\u00fdch hor\u00e1ch. Greenpeace si st\u011b\u017euje ministerstv\u016fm"},"content":{"rendered":"\n<p>Uplynuly ji\u017e t\u0159i m\u011bs\u00edce od chv\u00edle, kdy organizace Greenpeace upozornila na ileg\u00e1ln\u00ed k\u00e1cen\u00ed vz\u00e1cn\u00fdch bu\u010din v Kru\u0161n\u00fdch hor\u00e1ch a podala podn\u011bt \u010cesk\u00e9 inspekci \u017eivotn\u00edho prost\u0159ed\u00ed, p\u0159esto se zat\u00edm nic nestalo. Organizace Greenpeace, kter\u00e1 po inspekci \u017e\u00e1dala zah\u00e1jen\u00ed p\u0159estupkov\u00e9ho \u0159\u00edzen\u00ed se st\u00e1tn\u00edm podnikem Lesy \u010cesk\u00e9 republiky, z\u00e1kaz t\u011b\u017eby star\u00fdch porost\u016f v oblasti Litv\u00ednova a ud\u011blen\u00ed pokut v horn\u00ed hranici sazby, proto nyn\u00ed kv\u016fli ne\u010dinnosti inspekce podala podn\u011bt k ministerstvu \u017eivotn\u00edho prost\u0159ed\u00ed. Z\u00e1rove\u0148 ekologick\u00e1 organizace podala podn\u011bt kv\u016fli ne\u010dinnosti i k Ministerstvu zem\u011bd\u011blstv\u00ed, proto\u017ee Krajsk\u00fd \u00fa\u0159ad \u00dasteck\u00e9ho kraje dosud nereagoval na \u017e\u00e1dost Greenpeace, aby Les\u016fm \u010cR zabr\u00e1nil obchodovat s neleg\u00e1ln\u011b vyk\u00e1cen\u00fdm d\u0159evem.<\/p>\n\n<figure class=\"wp-block-image size-large\"><img loading=\"lazy\" decoding=\"async\" width=\"1024\" height=\"683\" src=\"https:\/\/www.greenpeace.org\/static\/planet4-czech-republic-stateless\/2022\/07\/c012378a-img_8032-1024x683.jpg\" alt=\"\" class=\"wp-image-17257\" srcset=\"https:\/\/www.greenpeace.org\/static\/planet4-czech-republic-stateless\/2022\/07\/c012378a-img_8032-1024x683.jpg 1024w, https:\/\/www.greenpeace.org\/static\/planet4-czech-republic-stateless\/2022\/07\/c012378a-img_8032-300x200.jpg 300w, https:\/\/www.greenpeace.org\/static\/planet4-czech-republic-stateless\/2022\/07\/c012378a-img_8032-768x512.jpg 768w, https:\/\/www.greenpeace.org\/static\/planet4-czech-republic-stateless\/2022\/07\/c012378a-img_8032-1536x1024.jpg 1536w, https:\/\/www.greenpeace.org\/static\/planet4-czech-republic-stateless\/2022\/07\/c012378a-img_8032-2048x1366.jpg 2048w, https:\/\/www.greenpeace.org\/static\/planet4-czech-republic-stateless\/2022\/07\/c012378a-img_8032-510x340.jpg 510w\" sizes=\"auto, (max-width: 1024px) 100vw, 1024px\" \/><figcaption>Protest za v\u011bt\u0161\u00ed ochranu kru\u0161nohorsk\u00fdch bu\u010din na z\u00e1mku Jeze\u0159\u00ed (c) Greenpeace<\/figcaption><\/figure>\n\n<p><a href=\"https:\/\/archiv.hn.cz\/c1-67045560-stat-kaci-cenne-krusnohorske-buky-z-doby-marie-terezie-bez-povoleni-a-proti-vuli-vedcu-i-mistnich\">St\u00e1tn\u00ed podnik Lesy \u010cR\u00a0 p\u0159iznal, \u017ee vyk\u00e1cel<\/a> 240 let star\u00e9 buky minim\u00e1ln\u011b na dvou lokalit\u00e1ch u Litv\u00ednova bez povolen\u00ed, a tedy neleg\u00e1ln\u011b. T\u011b\u017eba n\u011bkolika hektar\u016f lesa v evropsky v\u00fdznamn\u00e9 lokalit\u011b V\u00fdchodn\u00ed Kru\u0161noho\u0159\u00ed zas\u00e1hla unik\u00e1tn\u00ed star\u00fd les, kter\u00fd je \u00fato\u010di\u0161t\u011bm chr\u00e1n\u011bn\u00fdch a vz\u00e1cn\u00fdch \u017eivo\u010dich\u016f. P\u0159es jasn\u00e9 a p\u0159iznan\u00e9 poru\u0161en\u00ed z\u00e1kona ov\u0161em inspekce ani po t\u0159ech m\u011bs\u00edc\u00edch nijak nekon\u00e1. Ministerstvo \u017eivotn\u00edho prost\u0159ed\u00ed by m\u011blo nyn\u00ed podle Greenpeace p\u0159ik\u00e1zat inspekci, aby zjednala n\u00e1pravu. Podobn\u011b by i Ministerstvo zem\u011bd\u011blstv\u00ed m\u011blo na\u0159\u00eddit Krajsk\u00e9mu \u00fa\u0159adu, aby se zab\u00fdval obchodov\u00e1n\u00edm s ileg\u00e1ln\u011b vyk\u00e1cen\u00fdm d\u0159evem.<\/p>\n\n<p><strong>Nikol Krej\u010dov\u00e1, koordin\u00e1torka kampan\u011b Greenpeace za z\u00e1chranu bu\u010din, \u0159\u00edk\u00e1:<\/strong><br><em>\u201eJe neuv\u011b\u0159iteln\u00e9, \u017ee neleg\u00e1ln\u00ed k\u00e1cen\u00ed unik\u00e1tn\u00edch star\u00fdch buk\u016f inspekce \u017eivotn\u00edho prost\u0159ed\u00ed u\u017e t\u0159i m\u011bs\u00edce p\u0159ehl\u00ed\u017e\u00ed. Kauzou se nechce zab\u00fdvat ani Krajsk\u00fd \u00fa\u0159ad \u00dasteck\u00e9ho kraje. Neleg\u00e1ln\u00ed k\u00e1cen\u00ed p\u0159iznal s\u00e1m st\u00e1tn\u00ed podnik Lesy \u010cR. Bez povolen\u00ed vyk\u00e1cel unik\u00e1tn\u00ed stromy, kter\u00e9 poskytuj\u00ed \u00fato\u010di\u0161t\u011b vz\u00e1cn\u00fdm druh\u016fm pt\u00e1k\u016f, hmyzu a dal\u0161\u00edch \u017eivo\u010dich\u016f. Proto se nyn\u00ed obrac\u00edme na ministerstvo \u017eivotn\u00edho prost\u0159ed\u00ed a ministerstvo zem\u011bd\u011blstv\u00ed, aby p\u0159im\u011bly \u00fa\u0159ady kauzu \u0159e\u0161it. Douf\u00e1me, \u017ee se do\u010dk\u00e1me aspo\u0148 \u010d\u00e1ste\u010dn\u00e9 spravedlnosti \u2013 tedy z\u00e1kazu k\u00e1cen\u00ed star\u00fdch porost\u016f v okol\u00ed a vysok\u00e9 pokuty, kter\u00e1 odrad\u00ed v opakov\u00e1n\u00ed ni\u010den\u00ed p\u0159\u00edrody.\u201c<\/em><\/p>\n\n<p><em><strong>Jarom\u00edr Kyzour, pr\u00e1vn\u00ed z\u00e1stupce Greenpeace, \u0159\u00edk\u00e1:<\/strong><\/em> \u201e<em>Ani po n\u011bkolika m\u011bs\u00edc\u00edch ve\u0159ejnost nev\u00ed, jak \u010ceska inspekce \u017eivotn\u00edho prost\u0159ed\u00ed pro\u0161etrila t\u011b\u017ebu star\u00fdch buk\u016f, kter\u00e1 podle v\u0161eho prob\u011bhla protipr\u00e1vn\u011b. To jen posiluje obavy, \u017ee nyn\u011bj\u0161\u00ed ochrana kru\u0161nohorsk\u00fdch bu\u010din je velmi slab\u00e1. Pokud se potvrd\u00ed nejen to, \u017ee k\u00e1cen\u00ed bylo neleg\u00e1ln\u00ed, ale dokonce se s t\u00edmto d\u0159evem je\u0161t\u011b obchodovalo, byla by to mimo\u0159\u00e1dn\u011b \u0161patn\u00e1 vizitka.<\/em>\u201c<\/p>\n","protected":false},"excerpt":{"rendered":"<p>Uplynuly ji\u017e t\u0159i m\u011bs\u00edce od chv\u00edle, kdy organizace Greenpeace upozornila na ileg\u00e1ln\u00ed k\u00e1cen\u00ed vz\u00e1cn\u00fdch bu\u010din v Kru\u0161n\u00fdch hor\u00e1ch a podala podn\u011bt \u010cesk\u00e9 inspekci \u017eivotn\u00edho prost\u0159ed\u00ed,&hellip;<\/p>\n","protected":false},"author":29,"featured_media":17229,"comment_status":"open","ping_status":"closed","sticky":false,"template":"","format":"standard","meta":{"ep_exclude_from_search":false,"p4_og_title":"","p4_og_description":"","p4_og_image":"","p4_og_image_id":"","p4_seo_canonical_url":"","p4_campaign_name":"not set","p4_local_project":"not set","p4_basket_name":"not set","p4_department":"","footnotes":""},"categories":[2],"tags":[17],"p4-page-type":[14],"class_list":["post-17228","post","type-post","status-publish","format-standard","has-post-thumbnail","hentry","category-priroda","tag-lesy-pralesy","p4-page-type-tiskova-zprava"],"_links":{"self":[{"href":"https:\/\/www.greenpeace.org\/czech\/wp-json\/wp\/v2\/posts\/17228","targetHints":{"allow":["GET"]}}],"collection":[{"href":"https:\/\/www.greenpeace.org\/czech\/wp-json\/wp\/v2\/posts"}],"about":[{"href":"https:\/\/www.greenpeace.org\/czech\/wp-json\/wp\/v2\/types\/post"}],"author":[{"embeddable":true,"href":"https:\/\/www.greenpeace.org\/czech\/wp-json\/wp\/v2\/users\/29"}],"replies":[{"embeddable":true,"href":"https:\/\/www.greenpeace.org\/czech\/wp-json\/wp\/v2\/comments?post=17228"}],"version-history":[{"count":6,"href":"https:\/\/www.greenpeace.org\/czech\/wp-json\/wp\/v2\/posts\/17228\/revisions"}],"predecessor-version":[{"id":17263,"href":"https:\/\/www.greenpeace.org\/czech\/wp-json\/wp\/v2\/posts\/17228\/revisions\/17263"}],"wp:featuredmedia":[{"embeddable":true,"href":"https:\/\/www.greenpeace.org\/czech\/wp-json\/wp\/v2\/media\/17229"}],"wp:attachment":[{"href":"https:\/\/www.greenpeace.org\/czech\/wp-json\/wp\/v2\/media?parent=17228"}],"wp:term":[{"taxonomy":"category","embeddable":true,"href":"https:\/\/www.greenpeace.org\/czech\/wp-json\/wp\/v2\/categories?post=17228"},{"taxonomy":"post_tag","embeddable":true,"href":"https:\/\/www.greenpeace.org\/czech\/wp-json\/wp\/v2\/tags?post=17228"},{"taxonomy":"p4-page-type","embeddable":true,"href":"https:\/\/www.greenpeace.org\/czech\/wp-json\/wp\/v2\/p4-page-type?post=17228"}],"curies":[{"name":"wp","href":"https:\/\/api.w.org\/{rel}","templated":true}]}}