{"id":17274,"date":"2022-07-28T12:00:00","date_gmt":"2022-07-28T11:00:00","guid":{"rendered":"https:\/\/www.greenpeace.org\/czech\/?p=17274"},"modified":"2022-08-01T16:01:40","modified_gmt":"2022-08-01T15:01:40","slug":"s-kampani-spolu-pro-pralesy-tentokrat-vyrazime-na-let-it-roll","status":"publish","type":"post","link":"https:\/\/www.greenpeace.org\/czech\/clanek\/17274\/s-kampani-spolu-pro-pralesy-tentokrat-vyrazime-na-let-it-roll\/","title":{"rendered":"S\u00a0kampan\u00ed Spolu pro pralesy tentokr\u00e1t vyr\u00e1\u017e\u00edme na Let It Roll"},"content":{"rendered":"\n<p><strong>Na\u0161\u00ed dal\u0161\u00ed zast\u00e1vkou na festivalov\u00e9m turn\u00e9 bude zn\u00e1m\u00fd Drum &amp; Bass festival Let It Roll, kter\u00fd se uskute\u010dn\u00ed 4. a\u017e 6. srpna na leti\u0161ti v&nbsp;Milovic\u00edch<\/strong> <strong>nedaleko Prahy.<\/strong><\/p>\n\n<figure class=\"wp-block-image size-large\"><img loading=\"lazy\" decoding=\"async\" width=\"1024\" height=\"683\" src=\"https:\/\/www.greenpeace.org\/static\/planet4-czech-republic-stateless\/2022\/07\/7866aeba-rock-for-people-2022-27-of-32-1024x683.jpg\" alt=\"\" class=\"wp-image-17275\" srcset=\"https:\/\/www.greenpeace.org\/static\/planet4-czech-republic-stateless\/2022\/07\/7866aeba-rock-for-people-2022-27-of-32-1024x683.jpg 1024w, https:\/\/www.greenpeace.org\/static\/planet4-czech-republic-stateless\/2022\/07\/7866aeba-rock-for-people-2022-27-of-32-300x200.jpg 300w, https:\/\/www.greenpeace.org\/static\/planet4-czech-republic-stateless\/2022\/07\/7866aeba-rock-for-people-2022-27-of-32-768x512.jpg 768w, https:\/\/www.greenpeace.org\/static\/planet4-czech-republic-stateless\/2022\/07\/7866aeba-rock-for-people-2022-27-of-32-1536x1024.jpg 1536w, https:\/\/www.greenpeace.org\/static\/planet4-czech-republic-stateless\/2022\/07\/7866aeba-rock-for-people-2022-27-of-32-2048x1366.jpg 2048w, https:\/\/www.greenpeace.org\/static\/planet4-czech-republic-stateless\/2022\/07\/7866aeba-rock-for-people-2022-27-of-32-510x340.jpg 510w\" sizes=\"auto, (max-width: 1024px) 100vw, 1024px\" \/><\/figure>\n\n<p>I nyn\u00ed bude na\u0161im hlavn\u00edm t\u00e9matem kampa\u0148 Spolu pro pralesy, jej\u00ed\u017e c\u00edlem je v\u011bt\u0161\u00ed ochrana les\u016f a p\u0159\u00edrody po cel\u00e9m sv\u011bt\u011b. Evropsk\u00e1 komise loni p\u0159edstavila n\u00e1vrh z\u00e1kona, kter\u00fd m\u00e1 ukon\u010dit pod\u00edl Evropy na glob\u00e1ln\u00edm odles\u0148ov\u00e1n\u00ed. \u0158ada st\u00e1t\u016f a firem se bohu\u017eel sna\u017e\u00ed tento z\u00e1kon zm\u011bk\u010dit. P\u0159ipoj se k&nbsp;v\u00edce jak milionu Evropan\u016fm, kte\u0159\u00ed se vyslovili pro kampa\u0148 #Together4Forests a p\u0159isp\u011bj sv\u00fdm hlasem p\u0159\u00edmo na festivalu i ty!<\/p>\n\n<p><strong>A na co se tentokr\u00e1t m\u016f\u017ee\u0161 t\u011b\u0161it, pokud n\u00e1s nav\u0161t\u00edv\u00ed\u0161 v&nbsp;na\u0161\u00ed Greenpeace z\u00f3n\u011b?<\/strong><\/p>\n\n<ul class=\"wp-block-list\"><li>V\u00a0ekod\u00edln\u011b si m\u016f\u017ee\u0161 zkusit vyrobit pen\u011b\u017eenku z tetrapaku, n\u00e1u\u0161nice z pivn\u00edch z\u00e1tek nebo \u010delenku do vlas\u016f ze star\u00e9ho oble\u010den\u00ed<\/li><li>Nebav\u00ed t\u011b pou\u017e\u00edvat neekologick\u00e9 produkty?\u00a0\u00a0Vyrob si p\u0159\u00edrodn\u00ed \u0161amp\u00f3n, sprchov\u00fd gel nebo balz\u00e1m na rty bez palmov\u00e9ho oleje v na\u0161\u00ed pralesn\u00ed laborato\u0159i<\/li><li>Nebo si zkr\u00e1tka p\u0159ij\u010f odpo\u010dinout a zchladit se do na\u0161\u00ed pralesn\u00ed chill-out z\u00f3ny<\/li><li>Pot\u0159ebuje\u0161 si nab\u00edt telefon? Vyu\u017eij \u010distou sol\u00e1rn\u00ed energii u n\u00e1s!<\/li><li>Tr\u00e1p\u00ed t\u011b glob\u00e1ln\u00ed deforestace a degradace les\u016f? Podepi\u0161 petici za celoevroopsk\u00fd z\u00e1kon proti odles\u0148ov\u00e1n\u00ed<\/li><li>Chce\u0161 vypadat cool? Po\u0159i\u010f u n\u00e1s stylovou pralesn\u00ed tetova\u010dku<\/li><\/ul>\n\n<p>Pokud nebude\u0161 m\u00edt zrovna tv\u016fr\u010d\u00ed n\u00e1ladu, p\u0159ij\u010f si alespo\u0148 poslechnout panelovou diskuzi, kter\u00e1 prob\u011bhne v p\u00e1tek od 15:00 do 16:00 a bude se t\u00fdkat pr\u00e1v\u011b kampan\u011b Spolu pro pralesy.<\/p>\n\n<p>Pokud se na Let It Roll nedostane\u0161, podepi\u0161 na\u0161i v\u00fdzvu.<\/p>\n\n<div class=\"wp-block-buttons is-layout-flex wp-block-buttons-is-layout-flex\">\n<div class=\"wp-block-button is-style-cta\"><a class=\"wp-block-button__link\" href=\"https:\/\/www.spolupropralesy.cz\">Podepsat v\u00fdzvu Spolu pro pralesy<\/a><\/div>\n<\/div>\n","protected":false},"excerpt":{"rendered":"<p>Na\u0161\u00ed dal\u0161\u00ed zast\u00e1vkou na festivalov\u00e9m turn\u00e9 bude zn\u00e1my drum and bass festival Let It Roll, kter\u00fd trv\u00e1 od \u010dtvrt\u00e9ho do \u0161est\u00e9ho srpna na leti\u0161ti v&nbsp;Milovic\u00edch.<\/p>\n","protected":false},"author":74,"featured_media":17276,"comment_status":"open","ping_status":"closed","sticky":false,"template":"","format":"standard","meta":{"ep_exclude_from_search":false,"p4_og_title":"","p4_og_description":"","p4_og_image":"","p4_og_image_id":"","p4_seo_canonical_url":"","p4_campaign_name":"not set","p4_local_project":"not set","p4_basket_name":"not set","p4_department":"","footnotes":""},"categories":[2],"tags":[17],"p4-page-type":[16],"class_list":["post-17274","post","type-post","status-publish","format-standard","has-post-thumbnail","hentry","category-priroda","tag-lesy-pralesy","p4-page-type-clanek"],"_links":{"self":[{"href":"https:\/\/www.greenpeace.org\/czech\/wp-json\/wp\/v2\/posts\/17274","targetHints":{"allow":["GET"]}}],"collection":[{"href":"https:\/\/www.greenpeace.org\/czech\/wp-json\/wp\/v2\/posts"}],"about":[{"href":"https:\/\/www.greenpeace.org\/czech\/wp-json\/wp\/v2\/types\/post"}],"author":[{"embeddable":true,"href":"https:\/\/www.greenpeace.org\/czech\/wp-json\/wp\/v2\/users\/74"}],"replies":[{"embeddable":true,"href":"https:\/\/www.greenpeace.org\/czech\/wp-json\/wp\/v2\/comments?post=17274"}],"version-history":[{"count":6,"href":"https:\/\/www.greenpeace.org\/czech\/wp-json\/wp\/v2\/posts\/17274\/revisions"}],"predecessor-version":[{"id":17364,"href":"https:\/\/www.greenpeace.org\/czech\/wp-json\/wp\/v2\/posts\/17274\/revisions\/17364"}],"wp:featuredmedia":[{"embeddable":true,"href":"https:\/\/www.greenpeace.org\/czech\/wp-json\/wp\/v2\/media\/17276"}],"wp:attachment":[{"href":"https:\/\/www.greenpeace.org\/czech\/wp-json\/wp\/v2\/media?parent=17274"}],"wp:term":[{"taxonomy":"category","embeddable":true,"href":"https:\/\/www.greenpeace.org\/czech\/wp-json\/wp\/v2\/categories?post=17274"},{"taxonomy":"post_tag","embeddable":true,"href":"https:\/\/www.greenpeace.org\/czech\/wp-json\/wp\/v2\/tags?post=17274"},{"taxonomy":"p4-page-type","embeddable":true,"href":"https:\/\/www.greenpeace.org\/czech\/wp-json\/wp\/v2\/p4-page-type?post=17274"}],"curies":[{"name":"wp","href":"https:\/\/api.w.org\/{rel}","templated":true}]}}