{"id":17423,"date":"2022-08-18T10:03:16","date_gmt":"2022-08-18T09:03:16","guid":{"rendered":"https:\/\/www.greenpeace.org\/czech\/?p=17423"},"modified":"2022-08-18T10:03:19","modified_gmt":"2022-08-18T09:03:19","slug":"organizace-greenpeace-se-odvolala-proti-povoleni-k-tezbe-lesu-cr-na-uzemi-krusnohorskych-bucin","status":"publish","type":"post","link":"https:\/\/www.greenpeace.org\/czech\/tiskova-zprava\/17423\/organizace-greenpeace-se-odvolala-proti-povoleni-k-tezbe-lesu-cr-na-uzemi-krusnohorskych-bucin\/","title":{"rendered":"Organizace Greenpeace se odvolala proti povolen\u00ed k t\u011b\u017eb\u011b Les\u016f \u010cR na \u00fazem\u00ed kru\u0161nohorsk\u00fdch bu\u010din\u00a0"},"content":{"rendered":"\n<p>Krajsk\u00fd \u00fa\u0159ad \u00dasteck\u00e9ho kraje rozhodl ve v\u011bci t\u011b\u017eby ve st\u00e1tn\u00edch les\u00edch u Litv\u00ednova a Telnice. Pl\u00e1n t\u011b\u017eby krajsk\u00fd \u00fa\u0159ad sice v\u00fdrazn\u011b omezil, p\u0159esto n\u011bkter\u00e9 aspekty povolen\u00ed pova\u017euje organizace Greenpeace za problematick\u00e9, a proto se dnes proti povolen\u00ed odvolala k Ministerstvu \u017eivotn\u00edho prost\u0159ed\u00ed. Dot\u010den\u00e9 lesy se nach\u00e1zej\u00ed v evropsky v\u00fdznamn\u00e9 lokalit\u011b V\u00fdchodn\u00ed Kru\u0161noho\u0159\u00ed, kter\u00e1 dosud nem\u00e1 status chr\u00e1n\u011bn\u00e9ho \u00fazem\u00ed. Jedn\u00e1 se o tyt\u00e9\u017e lesy, v nich\u017e Lesy \u010cR letos na ja\u0159e <a href=\"https:\/\/www.greenpeace.org\/czech\/tiskova-zprava\/16729\/lesy-cr-ilegalne-vykacely-stare-buky-v-krusnych-horach-greenpeace-navrhuje-pokutu-a-zakaz-tezby-v-okoli\/\">vyk\u00e1cely p\u0159es 200 let star\u00e9 vz\u00e1cn\u00e9 buky bez platn\u00e9ho povolen\u00ed<\/a>. Neleg\u00e1ln\u00ed k\u00e1cen\u00ed na podn\u011bt Greenpeace \u0159e\u0161\u00ed \u010cesk\u00e1 inspekce \u017eivotn\u00edho prost\u0159ed\u00ed a obchod s neleg\u00e1ln\u011b vyt\u011b\u017een\u00fdm d\u0159evem pro\u0161et\u0159uje \u00dastav pro hospod\u00e1\u0159skou \u00fapravu les\u016f.<\/p>\n\n<figure class=\"wp-block-image size-large\"><img loading=\"lazy\" decoding=\"async\" width=\"1024\" height=\"768\" src=\"https:\/\/www.greenpeace.org\/static\/planet4-czech-republic-stateless\/2022\/06\/b8d9cfbd-20220513_123643-1024x768.jpg\" alt=\"\" class=\"wp-image-16938\" srcset=\"https:\/\/www.greenpeace.org\/static\/planet4-czech-republic-stateless\/2022\/06\/b8d9cfbd-20220513_123643-1024x768.jpg 1024w, https:\/\/www.greenpeace.org\/static\/planet4-czech-republic-stateless\/2022\/06\/b8d9cfbd-20220513_123643-300x225.jpg 300w, https:\/\/www.greenpeace.org\/static\/planet4-czech-republic-stateless\/2022\/06\/b8d9cfbd-20220513_123643-768x576.jpg 768w, https:\/\/www.greenpeace.org\/static\/planet4-czech-republic-stateless\/2022\/06\/b8d9cfbd-20220513_123643-1536x1152.jpg 1536w, https:\/\/www.greenpeace.org\/static\/planet4-czech-republic-stateless\/2022\/06\/b8d9cfbd-20220513_123643-2048x1536.jpg 2048w, https:\/\/www.greenpeace.org\/static\/planet4-czech-republic-stateless\/2022\/06\/b8d9cfbd-20220513_123643-1821x1366.jpg 1821w, https:\/\/www.greenpeace.org\/static\/planet4-czech-republic-stateless\/2022\/06\/b8d9cfbd-20220513_123643-453x340.jpg 453w\" sizes=\"auto, (max-width: 1024px) 100vw, 1024px\" \/><figcaption>Dokumentace ileg\u00e1ln\u00edho k\u00e1cen\u00ed Les\u016f \u010cR v Kru\u0161n\u00fdch hor\u00e1ch. (c) Greenpeace &#8211; Nikol Krej\u010dov\u00e1<\/figcaption><\/figure>\n\n<p>Oproti p\u016fvodn\u00ed \u017e\u00e1dosti Les\u016f \u010cR z prosince minul\u00e9ho roku byla t\u011b\u017eba po n\u00e1mitk\u00e1ch Greenpeace v\u00fdrazn\u011b omezena. Krajsk\u00fd \u00fa\u0159ad tak zachr\u00e1nil od pok\u00e1cen\u00ed minim\u00e1ln\u011b stovky strom\u016f star\u0161\u00edch 130 let. Kraj tak\u00e9 provedl podrobn\u00fd pr\u016fzkum situace v\u010detn\u011b \u0161et\u0159en\u00ed na m\u00edst\u011b, d\u00edky \u010demu\u017e do\u0161lo k lep\u0161\u00edmu zhodnocen\u00ed situace, a na\u0159\u00eddil ponech\u00e1vat v lese mrtv\u00e9 d\u0159evo. V pln\u00e9m rozsahu povolil t\u011b\u017ebu z bezpe\u010dnostn\u00edch d\u016fvod\u016f pouze okolo silnic a dom\u016f. Naopak zcela zam\u00edtnuto bylo k\u00e1cen\u00ed v oblasti budouc\u00ed p\u0159\u00edrodn\u00ed pam\u00e1tky Pekelsk\u00e9 \u00fadol\u00ed.<\/p>\n\n<p>U ostatn\u00edch porost\u016f byla t\u011b\u017eba sn\u00ed\u017eena na 10 % objemu d\u0159eva, ofici\u00e1ln\u00edm d\u016fvodem je tzv. obnovn\u00ed t\u011b\u017eba, kter\u00e1 m\u00e1 \u00fadajn\u011b lesu pomoci. Greenpeace obnovn\u00ed t\u011b\u017ebu kritizuje, nebo\u0165 lesy jsou podle expert\u016f schopny obnovovat se samy bez z\u00e1sah\u016f lid\u00ed. Ka\u017ed\u00e1 t\u011b\u017eba naopak krom\u011b ztr\u00e1ty strom\u016f vede tak\u00e9 k po\u0161kozen\u00ed cel\u00e9 lokality a v m\u00edstech, kter\u00e1 jsou bohat\u00e1 na biodiverzitu, vede i ke ztr\u00e1t\u011b stanovi\u0161\u0165 vz\u00e1cn\u00fdch a chr\u00e1n\u011bn\u00fdch druh\u016f pt\u00e1k\u016f, netop\u00fdr\u016f a brouk\u016f. Dot\u010den\u00e9 bukov\u00e9 lesy jsou p\u0159itom velmi star\u00e9, v\u0161echny jsou star\u0161\u00ed ne\u017e 130 let a funguj\u00ed jako centrum biodiverzity, ve kter\u00e9m \u017eij\u00ed vz\u00e1cn\u00e9 a chr\u00e1n\u011bn\u00e9 druhy pt\u00e1k\u016f, netop\u00fdr\u016f, hmyzu a dal\u0161\u00edch skupin \u017eivo\u010dich\u016f. Takov\u00e9 porosty jsou v \u010cesku velmi vz\u00e1cn\u00e9 a tvo\u0159\u00ed jen 5 % v\u0161ech les\u016f.&nbsp;<\/p>\n\n<p>Krom\u011b obnovn\u00ed t\u011b\u017eby kritizuje Greenpeace t\u011b\u017ebu p\u0159edev\u0161\u00edm ve dvou lokalit\u00e1ch mezi obcemi Mezibo\u0159\u00ed a Litv\u00ednovem, kter\u00e9 jsou hojn\u011b nav\u0161t\u011bvov\u00e1ny m\u00edstn\u00edmi obyvateli. T\u011b\u017eba se m\u00e1 t\u00fdkat t\u0159etiny jedn\u00e9 lokality (253 strom\u016f) a poloviny druh\u00e9 (257 strom\u016f), d\u016fvodem m\u00e1 b\u00fdt bezpe\u010dnost n\u00e1v\u0161t\u011bvn\u00edk\u016f lesa. Nen\u00ed zde ale \u017e\u00e1dn\u00e9 podrobn\u00e9 od\u016fvodn\u011bn\u00ed, pro\u010d m\u00e1 t\u011b\u017eba v unik\u00e1tn\u00edch les\u00edch nad 150 let v\u011bku prob\u00edhat zrovna navr\u017een\u00fdm zp\u016fsobem. Greenpeace navrhuje podrobn\u00fd pr\u016fzkum obou lokalit, aby na m\u00edst\u011b mohlo co nejv\u00edce strom\u016f z\u016fstat. V les\u00edch plat\u00ed z hlediska bezpe\u010dnosti povinnost udr\u017eovat pouze ofici\u00e1ln\u00ed cesty, nap\u0159\u00edklad turisticky zna\u010den\u00e9, k masivn\u00edmu k\u00e1cen\u00ed v dan\u00fdch lokalit\u00e1ch tak Greenpeace nevid\u00ed d\u016fvod.<\/p>\n\n<p>Greenpeace tak\u00e9 kritizuje \u00fa\u0159ad, \u017ee p\u0159ipou\u0161t\u00ed vyk\u00e1cen\u00ed dutinov\u00fdch strom\u016f, v nich\u017e \u017eij\u00ed chr\u00e1n\u011bn\u00e9 druhy. Naru\u0161ov\u00e1n\u00ed stanovi\u0161\u0165 chr\u00e1n\u011bn\u00fdch druh\u016f je toti\u017e nez\u00e1konn\u00e9 a mus\u00ed na n\u011bj b\u00fdt v\u00fdjimka ze z\u00e1kona, nebo mus\u00ed b\u00fdt zak\u00e1z\u00e1no. To se v p\u0159\u00edpad\u011b povolen\u00ed pro Lesy \u010cR nestalo.<\/p>\n\n<p><strong>Nikol Krej\u010dov\u00e1, koordin\u00e1torka kampan\u011b za z\u00e1chranu bu\u010din, Greenpeace \u0159\u00edk\u00e1:<br><\/strong><em>\u201dJe dob\u0159e, \u017ee se krajsk\u00fd \u00fa\u0159ad za\u010dal v\u00edce zab\u00fdvat po\u0161kozen\u00edm kru\u0161nohorsk\u00fdch bu\u010din a rozhodl se v n\u011bm d\u00e1le nepokra\u010dovat. V minul\u00fdch letech se v t\u00e9to evropsky v\u00fdznamn\u00e9 lokalit\u011b k\u00e1celo na mnoha m\u00edstech, a to \u010dasto i holose\u010dn\u011b. Takovou praxi je nutn\u00e9 zastavit, abychom unik\u00e1tn\u00ed star\u00e9 bu\u010diny nezni\u010dily. Oce\u0148ujeme, \u017ee v p\u0159\u00edpad\u011b Les\u016f \u010cR kraj v\u00fdrazn\u011b omezil t\u011b\u017ebu. Ale odvol\u00e1v\u00e1me se proti ve\u0161ker\u00e9 t\u011b\u017eb\u011b, kter\u00e1 nen\u00ed od\u016fvodn\u011bn\u00e1 bezpe\u010dnost\u00ed. Je toti\u017e podle n\u00e1s zbyte\u010dn\u00e1 a vede pouze k dal\u0161\u00edmu naru\u0161en\u00ed m\u00edstn\u00edch unik\u00e1tn\u00edch lokalit. Nesouhlas\u00edme p\u0159edev\u0161\u00edm s masivn\u00edm k\u00e1cen\u00edm les\u016f mezi obcemi Mezibo\u0159\u00ed a Litv\u00ednov, kde m\u00e1 j\u00edt k zemi na n\u011bkter\u00fdch m\u00edstech a\u017e polovina strom\u016f.\u201d<\/em><\/p>\n","protected":false},"excerpt":{"rendered":"<p>Krajsk\u00fd \u00fa\u0159ad \u00dasteck\u00e9ho kraje rozhodl ve v\u011bci t\u011b\u017eby ve st\u00e1tn\u00edch les\u00edch u Litv\u00ednova a Telnice. Pl\u00e1n t\u011b\u017eby krajsk\u00fd \u00fa\u0159ad sice v\u00fdrazn\u011b omezil, p\u0159esto n\u011bkter\u00e9 aspekty povolen\u00ed pova\u017euje organizace Greenpeace za&hellip;<\/p>\n","protected":false},"author":27,"featured_media":16938,"comment_status":"open","ping_status":"closed","sticky":false,"template":"","format":"standard","meta":{"ep_exclude_from_search":false,"p4_og_title":"","p4_og_description":"","p4_og_image":"","p4_og_image_id":"","p4_seo_canonical_url":"","p4_campaign_name":"not set","p4_local_project":"not set","p4_basket_name":"not set","p4_department":"","footnotes":""},"categories":[2],"tags":[17],"p4-page-type":[14],"class_list":["post-17423","post","type-post","status-publish","format-standard","has-post-thumbnail","hentry","category-priroda","tag-lesy-pralesy","p4-page-type-tiskova-zprava"],"_links":{"self":[{"href":"https:\/\/www.greenpeace.org\/czech\/wp-json\/wp\/v2\/posts\/17423","targetHints":{"allow":["GET"]}}],"collection":[{"href":"https:\/\/www.greenpeace.org\/czech\/wp-json\/wp\/v2\/posts"}],"about":[{"href":"https:\/\/www.greenpeace.org\/czech\/wp-json\/wp\/v2\/types\/post"}],"author":[{"embeddable":true,"href":"https:\/\/www.greenpeace.org\/czech\/wp-json\/wp\/v2\/users\/27"}],"replies":[{"embeddable":true,"href":"https:\/\/www.greenpeace.org\/czech\/wp-json\/wp\/v2\/comments?post=17423"}],"version-history":[{"count":1,"href":"https:\/\/www.greenpeace.org\/czech\/wp-json\/wp\/v2\/posts\/17423\/revisions"}],"predecessor-version":[{"id":17424,"href":"https:\/\/www.greenpeace.org\/czech\/wp-json\/wp\/v2\/posts\/17423\/revisions\/17424"}],"wp:featuredmedia":[{"embeddable":true,"href":"https:\/\/www.greenpeace.org\/czech\/wp-json\/wp\/v2\/media\/16938"}],"wp:attachment":[{"href":"https:\/\/www.greenpeace.org\/czech\/wp-json\/wp\/v2\/media?parent=17423"}],"wp:term":[{"taxonomy":"category","embeddable":true,"href":"https:\/\/www.greenpeace.org\/czech\/wp-json\/wp\/v2\/categories?post=17423"},{"taxonomy":"post_tag","embeddable":true,"href":"https:\/\/www.greenpeace.org\/czech\/wp-json\/wp\/v2\/tags?post=17423"},{"taxonomy":"p4-page-type","embeddable":true,"href":"https:\/\/www.greenpeace.org\/czech\/wp-json\/wp\/v2\/p4-page-type?post=17423"}],"curies":[{"name":"wp","href":"https:\/\/api.w.org\/{rel}","templated":true}]}}