{"id":17525,"date":"2022-09-06T16:30:59","date_gmt":"2022-09-06T15:30:59","guid":{"rendered":"https:\/\/www.greenpeace.org\/czech\/?p=17525"},"modified":"2022-09-06T17:13:10","modified_gmt":"2022-09-06T16:13:10","slug":"cesti-hudebnici-nahrali-skladby-se-zvuky-z-expedic-greenpeace-krest-alba-probehne-na-koncerte-v-praze","status":"publish","type":"post","link":"https:\/\/www.greenpeace.org\/czech\/tiskova-zprava\/17525\/cesti-hudebnici-nahrali-skladby-se-zvuky-z-expedic-greenpeace-krest-alba-probehne-na-koncerte-v-praze\/","title":{"rendered":"\u010ce\u0161t\u00ed hudebn\u00edci nahr\u00e1li skladby se zvuky z expedic Greenpeace. K\u0159est alba prob\u011bhne na koncert\u011b v Praze"},"content":{"rendered":"\n<p><strong>Greenpeace vyd\u00e1v\u00e1 hudebn\u00ed kompilaci Soundtrack pro planetu. Vznikla v r\u00e1mci projekt\u016f, kter\u00e9 p\u0159ipom\u00ednaj\u00ed 50. v\u00fdro\u010d\u00ed zalo\u017een\u00ed organizace a z\u00e1rove\u0148 30 let od za\u010d\u00e1tku \u010desk\u00e9 pobo\u010dky. Na album p\u0159isp\u011bli zn\u00e1m\u00ed tv\u016frci elektronick\u00e9 hudby jako Luk\u00e1\u0161 Turza, Jan 2 &amp; Charlie One, Josef Sedlo\u0148 &amp; Sonority, Himalayan Dalai Lama, ale i hudebn\u00ed skladatelka Beata Hlavenkov\u00e1 \u010di zp\u011bv\u00e1k Ben Cristovao a zp\u011bva\u010dka Barbora Pol\u00e1kov\u00e1. Ve v\u0161ech skladb\u00e1ch zn\u00ed zvuky p\u0159\u00edrody nahran\u00e9 b\u011bhem expedic Greenpeace na r\u016fzn\u00fdch m\u00edstech planety.\u00a0\u00a0<\/strong><\/p>\n\n<figure class=\"wp-block-image size-large\"><img loading=\"lazy\" decoding=\"async\" width=\"1024\" height=\"683\" src=\"https:\/\/www.greenpeace.org\/static\/planet4-czech-republic-stateless\/2021\/10\/ee4ab07b-finaleterka_11zon-1024x683.jpg\" alt=\"\" class=\"wp-image-14911\" srcset=\"https:\/\/www.greenpeace.org\/static\/planet4-czech-republic-stateless\/2021\/10\/ee4ab07b-finaleterka_11zon-1024x683.jpg 1024w, https:\/\/www.greenpeace.org\/static\/planet4-czech-republic-stateless\/2021\/10\/ee4ab07b-finaleterka_11zon-300x200.jpg 300w, https:\/\/www.greenpeace.org\/static\/planet4-czech-republic-stateless\/2021\/10\/ee4ab07b-finaleterka_11zon-768x512.jpg 768w, https:\/\/www.greenpeace.org\/static\/planet4-czech-republic-stateless\/2021\/10\/ee4ab07b-finaleterka_11zon-1536x1024.jpg 1536w, https:\/\/www.greenpeace.org\/static\/planet4-czech-republic-stateless\/2021\/10\/ee4ab07b-finaleterka_11zon-2048x1366.jpg 2048w, https:\/\/www.greenpeace.org\/static\/planet4-czech-republic-stateless\/2021\/10\/ee4ab07b-finaleterka_11zon-510x340.jpg 510w\" sizes=\"auto, (max-width: 1024px) 100vw, 1024px\" \/><figcaption>Violoncellistka Terezie Kovalov\u00e1<\/figcaption><\/figure>\n\n<p>Ekologick\u00e1 organizace Greenpeace si p\u0159ipom\u00edn\u00e1 po cel\u00e9m sv\u011bt\u011b sv\u00e9 v\u00fdznamn\u00e9 v\u00fdro\u010d\u00ed nejr\u016fzn\u011bj\u0161\u00edmi kreativn\u00edmi aktivitami. Jedn\u00edm z projekt\u016f \u010desk\u00e9 pobo\u010dky je kompilace Soundtrack pro planetu, do n\u00ed\u017e se zapojila cel\u00e1 \u0159ada hudebn\u00edk\u016f &#8211; Ben Cristovao a Barbora Pol\u00e1kov\u00e1, jejich\u017e skladby zremixoval Luk\u00e1\u0161 Turza, Beata Hlavenkov\u00e1, Himalayan Dalai Lama, Ai fen, John Green &amp; Charlie Brown (Jan 2 a Charlie One z Ohm Square), Hifi &amp; Lofi (Josef Sedlo\u0148 &amp; Sonority), Chromestatic (Martin Hoffer ze Skyline) a Whithe. T\u0159i skladby vze\u0161ly ze sout\u011b\u017ee, kterou organizace Greenpeace vyhl\u00e1sila. Jejich auto\u0159i jsou Martin \u0160imek, Auri Forda a Oponji.<\/p>\n\n<figure class=\"wp-block-image alignright size-full is-resized\"><img loading=\"lazy\" decoding=\"async\" src=\"https:\/\/www.greenpeace.org\/static\/planet4-czech-republic-stateless\/2022\/09\/c098827b-deezer-profile-pic.png\" alt=\"\" class=\"wp-image-17527\" width=\"278\" height=\"278\" srcset=\"https:\/\/www.greenpeace.org\/static\/planet4-czech-republic-stateless\/2022\/09\/c098827b-deezer-profile-pic.png 500w, https:\/\/www.greenpeace.org\/static\/planet4-czech-republic-stateless\/2022\/09\/c098827b-deezer-profile-pic-300x300.png 300w, https:\/\/www.greenpeace.org\/static\/planet4-czech-republic-stateless\/2022\/09\/c098827b-deezer-profile-pic-150x150.png 150w, https:\/\/www.greenpeace.org\/static\/planet4-czech-republic-stateless\/2022\/09\/c098827b-deezer-profile-pic-340x340.png 340w\" sizes=\"auto, (max-width: 278px) 100vw, 278px\" \/><figcaption>P\u0159ebal alba (c) Greenpeace<\/figcaption><\/figure>\n\n<p><em>\u201cOslovili jsme hudebn\u00edky, kte\u0159\u00ed s Greenpeace d\u0159\u00edve spolupracovali, ale i ty, u kter\u00fdch jsme v\u011bd\u011bli, \u017ee je jim ochrana p\u0159\u00edrody bl\u00edzk\u00e1. B\u00e1ra Pol\u00e1kov\u00e1, Ben Cristovao a Terezie Kovalov\u00e1, kter\u00e1 je na kompilaci sou\u010d\u00e1st\u00ed skupiny Himalayan Dalai Lama, loni podpo\u0159ili projekt Vol\u00edm pro planetu. Z\u00e1rove\u0148 jsme cht\u011bli d\u00e1t dohromady album se sv\u011b\u017e\u00edm zvukem, kde by se potkali hudebn\u00edci, kte\u0159\u00ed by se mo\u017en\u00e1 jinde nepotkali, ale dohromady v\u0161ichni skv\u011ble lad\u00ed. A p\u0159\u00e1li jsme si d\u00e1t \u0161anci i v\u0161em ostatn\u00edm, proto jsme uspo\u0159\u00e1dali sout\u011b\u017e. Spole\u010dnou linkou skladeb jsou zvuky p\u0159\u00edrody a hlasy zv\u00ed\u0159at nahran\u00e9 b\u011bhem expedic Greenpeace po cel\u00e9m sv\u011bt\u011b &#8211; v\u0161ichni m\u011bli k dispozici tuto zvukovou banku a \u010derpali z n\u00ed. Z v\u00fdsledku m\u00e1me obrovskou radost,\u201d <\/em>\u0159\u00edk\u00e1 za Greenpeace Ivana \u010cesnek Marcinov\u00e1 p\u016fsob\u00edc\u00ed jako DJka IM Cyber, kter\u00e1 projekt dramaturgicky vedla.&nbsp;<\/p>\n\n<p><em>\u201cPr\u00e1ce na kompilaci Greenpeace byla radost. A d\u016fv\u011bra, kterou v m\u00e9 zvukov\u00e9 a remix\u00e9rsk\u00e9 schopnosti vlo\u017eili, m\u011b naplnila pokorou. Kdy\u017e jsem ale byl ve studiu, sna\u017eil jsem se z\u016fstat v\u011brn\u00fd sv\u00e9 zvukov\u00e9 estetice a pracovat jako obvykle. P\u0159im\u00edch\u00e1vat do skladeb zvuky p\u0159\u00edrody nebo obecn\u011b organick\u00e9 zvuky a prost\u011b cokoliv, co \u017eije, je milovan\u00fd postup a producentsk\u00fd trik, jak jinak syntetickou skladbu v u\u0161\u00edch poslucha\u010de zlid\u0161tit. A vlastn\u011b jsem slo\u017eil nebo produkoval jen m\u00e1lo skladeb, kde bych tenhle postup nevyu\u017eil,\u201d <\/em>\u0159\u00edk\u00e1 Luk\u00e1\u0161 Turza (d\u0159\u00edve p\u016fsobil pod pseudonymy jako Juanita Juarez nebo Brooklyn), kter\u00fd zajistil mastering cel\u00e9ho alba Soundtrack pro planetu a jako producent na n\u011bj p\u0159isp\u011bl dv\u011bma remixy &#8211; ke skladb\u011b Vesm\u00edr od Bena Cristovao a p\u00edsni Voda Barbory Pol\u00e1kov\u00e9.&nbsp;<\/p>\n\n<p><em>\u201cLuk\u00e1\u0161 Turza pat\u0159\u00ed bezpochyby mezi nejlep\u0161\u00ed \u010desk\u00e9 producenty. M\u00e1m radost, \u017ee se rozhodl zrovna pro m\u016fj song Vesm\u00edr, kter\u00e9mu dal \u00fapln\u011b novou podobu. Bav\u00ed m\u011b, jak\u00fdm sm\u011brem s remixem \u0161el,\u201d <\/em>\u0159\u00edk\u00e1 zp\u011bv\u00e1k Ben Cristovao.&nbsp;<\/p>\n\n<p><em>\u201cZkoumat ohro\u017een\u00e9 oblasti jako hudebn\u00edk skrze zvuky, kter\u00e9 danou oblast symbolizuj\u00ed, je pro m\u011b osobn\u011b velmi zaj\u00edmav\u00e9. \u010cist\u011b z toho d\u016fvodu, \u017ee st\u00e1le p\u0159em\u00fd\u0161l\u00edte jako um\u011blec nad t\u00edm, jak se vlastn\u011b m\u016f\u017eete vyjad\u0159ovat k sou\u010dasn\u00e9 situaci. Takto to m\u016f\u017eeme ud\u011blat beze slov, nemus\u00edme k tomu nic dod\u00e1vat, nech\u00e1me jenom zn\u00edt to, co odch\u00e1z\u00ed,\u201d <\/em>\u0159ekla ke spolupr\u00e1ci na Soundtracku pro planetu violoncellistka Terezie Kovalov\u00e1, kter\u00e1 na kompilaci nahr\u00e1la skladbu s projektem Himalayan Dalai Lama.\u00a0<\/p>\n\n<figure class=\"wp-block-embed is-type-rich is-provider-spotify wp-block-embed-spotify wp-embed-aspect-21-9 wp-has-aspect-ratio\"><div class=\"wp-block-embed__wrapper\">\n<iframe title=\"Spotify Embed: Soundtrack pro planetu by Greenpeace CZ\" style=\"border-radius: 12px\" width=\"100%\" height=\"352\" frameborder=\"0\" allowfullscreen allow=\"autoplay; clipboard-write; encrypted-media; fullscreen; picture-in-picture\" loading=\"lazy\" src=\"https:\/\/open.spotify.com\/embed\/album\/5Xkog1nOBkX65lGle1e19c?utm_source=oembed\"><\/iframe>\n<\/div><\/figure>\n\n<p>Hudba hr\u00e1la v historii celosv\u011btov\u00e9 organizace Greenpeace v\u00fdznamnou roli. Kdy\u017e na za\u010d\u00e1tku 70. let pl\u00e1novala mal\u00e1 skupina aktivist\u016f expedici proti odpalov\u00e1n\u00ed jadern\u00fdch zbran\u00ed, byli to pr\u00e1v\u011b hudebn\u00edci, kdo pomohl vybrat finan\u010dn\u00ed prost\u0159edky na pron\u00e1jem star\u00e9 ryb\u00e1\u0159sk\u00e9 lodi a dal\u0161\u00ed nezbytn\u00e9 v\u00fddaje. Na \u00fasp\u011b\u0161n\u00e9m benefi\u010dn\u00edm koncertu ve Vancouveru tehdy vystoupila slavn\u00e1 p\u00edsni\u010dk\u00e1\u0159ka Joni Mitchell a jej\u00ed kolega James Taylor. Pr\u00e1v\u011b na z\u00e1klad\u011b t\u00e9to prvn\u00ed mise vznikl fenom\u00e9n Greenpeace.&nbsp;<\/p>\n\n<p>V pr\u016fb\u011bhu dal\u0161\u00edch pades\u00e1ti let kampan\u011b Greenpeace podpo\u0159ila a na ekologick\u00e1 t\u00e9mata upozornila cel\u00e1 \u0159ada hudebn\u00edk\u016f, i t\u011bch nejzn\u00e1m\u011bj\u0161\u00edch \u2013 nap\u0159\u00edklad U2, Kraftwerk \u010di Public Enemy. Skladatel Ludovico Einaudi hr\u00e1l svou skladbu dokonce na plovouc\u00ed plo\u0161in\u011b v Severn\u00edm ledov\u00e9m oce\u00e1nu a Thom Yorke z Radiohead vytvo\u0159il pro Greenpeace skladbu \u201eHands off the Antarctic\u201c pro kampa\u0148 na ochranu sv\u011btov\u00fdch oce\u00e1n\u016f.<\/p>\n\n<figure class=\"wp-block-embed is-type-video is-provider-youtube wp-block-embed-youtube wp-embed-aspect-16-9 wp-has-aspect-ratio\"><div class=\"wp-block-embed__wrapper\">\n<lite-youtube style=\"background-image: url('https:\/\/i.ytimg.com\/vi\/2DLnhdnSUVs\/hqdefault.jpg');\" videoid=\"2DLnhdnSUVs\" params=\"rel=0\"><\/lite-youtube>\n<\/div><figcaption>Ludovico Einaudi hraje v Arktid\u011b. <\/figcaption><\/figure>\n\n<p>Album <strong><em>Soundtrack pro planetu by Greenpeace<\/em><\/strong> vych\u00e1z\u00ed na Spotify, Apple Music a dal\u0161\u00edch digit\u00e1ln\u00edch platform\u00e1ch. Distribuci zajistila hudebn\u00ed agentura Championship Music.&nbsp;<\/p>\n\n<p>K\u0159est kompilace prob\u011bhne v p\u00e1tek 16. z\u00e1\u0159\u00ed v Kas\u00e1rn\u00e1ch Karl\u00edn v Praze na akci Greenpeace Koncert pro planetu. Vystoup\u00ed zde Lenka Dusilov\u00e1, Barbora Pol\u00e1kov\u00e1, Himalayan Dalai Lama, Jan 2 &amp; Charlie One a DJov\u00e9 Luk\u00e1\u0161 Turza a IM Cyber. Moderuje Ivana Veselkov\u00e1 zn\u00e1m\u00e1 z podcastu Buchty na r\u00e1diu Wave. Za\u010d\u00e1tek akce je v 16.30.<\/p>\n","protected":false},"excerpt":{"rendered":"<p>Greenpeace vyd\u00e1v\u00e1 hudebn\u00ed kompilaci Soundtrack pro planetu. Vznikla v r\u00e1mci projekt\u016f, kter\u00e9 p\u0159ipom\u00ednaj\u00ed 50. v\u00fdro\u010d\u00ed zalo\u017een\u00ed organizace a z\u00e1rove\u0148 30 let od za\u010d\u00e1tku \u010desk\u00e9 pobo\u010dky. Na album p\u0159isp\u011bli zn\u00e1m\u00ed tv\u016frci&hellip;<\/p>\n","protected":false},"author":27,"featured_media":14911,"comment_status":"open","ping_status":"closed","sticky":false,"template":"","format":"standard","meta":{"ep_exclude_from_search":false,"p4_og_title":"","p4_og_description":"","p4_og_image":"","p4_og_image_id":"","p4_seo_canonical_url":"","p4_campaign_name":"not set","p4_local_project":"not set","p4_basket_name":"not set","p4_department":"","footnotes":""},"categories":[3],"tags":[24,13,27,22,28],"p4-page-type":[14],"class_list":["post-17525","post","type-post","status-publish","format-standard","has-post-thumbnail","hentry","category-nas-svet","tag-aktivni-spolecnost","tag-o-greenpeace","tag-podporuji-greenpeace","tag-setrimeplanetu","tag-uspechy","p4-page-type-tiskova-zprava"],"_links":{"self":[{"href":"https:\/\/www.greenpeace.org\/czech\/wp-json\/wp\/v2\/posts\/17525","targetHints":{"allow":["GET"]}}],"collection":[{"href":"https:\/\/www.greenpeace.org\/czech\/wp-json\/wp\/v2\/posts"}],"about":[{"href":"https:\/\/www.greenpeace.org\/czech\/wp-json\/wp\/v2\/types\/post"}],"author":[{"embeddable":true,"href":"https:\/\/www.greenpeace.org\/czech\/wp-json\/wp\/v2\/users\/27"}],"replies":[{"embeddable":true,"href":"https:\/\/www.greenpeace.org\/czech\/wp-json\/wp\/v2\/comments?post=17525"}],"version-history":[{"count":7,"href":"https:\/\/www.greenpeace.org\/czech\/wp-json\/wp\/v2\/posts\/17525\/revisions"}],"predecessor-version":[{"id":17533,"href":"https:\/\/www.greenpeace.org\/czech\/wp-json\/wp\/v2\/posts\/17525\/revisions\/17533"}],"wp:featuredmedia":[{"embeddable":true,"href":"https:\/\/www.greenpeace.org\/czech\/wp-json\/wp\/v2\/media\/14911"}],"wp:attachment":[{"href":"https:\/\/www.greenpeace.org\/czech\/wp-json\/wp\/v2\/media?parent=17525"}],"wp:term":[{"taxonomy":"category","embeddable":true,"href":"https:\/\/www.greenpeace.org\/czech\/wp-json\/wp\/v2\/categories?post=17525"},{"taxonomy":"post_tag","embeddable":true,"href":"https:\/\/www.greenpeace.org\/czech\/wp-json\/wp\/v2\/tags?post=17525"},{"taxonomy":"p4-page-type","embeddable":true,"href":"https:\/\/www.greenpeace.org\/czech\/wp-json\/wp\/v2\/p4-page-type?post=17525"}],"curies":[{"name":"wp","href":"https:\/\/api.w.org\/{rel}","templated":true}]}}