{"id":17540,"date":"2022-09-09T15:55:48","date_gmt":"2022-09-09T14:55:48","guid":{"rendered":"https:\/\/www.greenpeace.org\/czech\/?p=17540"},"modified":"2022-09-09T18:52:07","modified_gmt":"2022-09-09T17:52:07","slug":"zisky-z-elektraren-maji-jit-lidem-staty-musi-pomoci-zranitelnym-a-srazit-zavislost-na-plynu","status":"publish","type":"post","link":"https:\/\/www.greenpeace.org\/czech\/tiskova-zprava\/17540\/zisky-z-elektraren-maji-jit-lidem-staty-musi-pomoci-zranitelnym-a-srazit-zavislost-na-plynu\/","title":{"rendered":"Zisky z elektr\u00e1ren maj\u00ed j\u00edt lidem. St\u00e1ty mus\u00ed pomoci zraniteln\u00fdm a srazit z\u00e1vislost na plynu"},"content":{"rendered":"\n<p>Energeti\u010dt\u00ed minist\u0159i a ministryn\u011b st\u00e1t\u016f EU se shodli na celoevropsk\u00e9m z\u00e1sahu do trhu s elekt\u0159inou, kter\u00fd bude spo\u010d\u00edvat v odvodu zisk\u016f z v\u00fdroby elekt\u0159iny v levn\u011bj\u0161\u00edch zdroj\u00edch (zejm\u00e9na jadern\u00e9 a obnoviteln\u00e9, ale i uheln\u00e9) a jejich vyu\u017eit\u00ed na pomoc lidem s vysok\u00fdmi \u00fa\u010dty za elekt\u0159inu, kterou na ne\u00fanosnou \u00farove\u0148 zdra\u017euje drah\u00fd zemn\u00ed plyn a nejistota ohledn\u011b jeho dod\u00e1vek. Nyn\u00ed je kl\u00ed\u010dov\u00e9, aby \u010cesko vyu\u017eilo pen\u00edze dob\u0159e a zam\u011b\u0159ilo nejvy\u0161\u0161\u00ed pomoc nejohro\u017een\u011bj\u0161\u00edm. Mus\u00ed tak\u00e9 v\u00edce pomoci lidem se zvl\u00e1dnut\u00edm cen plynu na vyt\u00e1p\u011bn\u00ed. Z\u00e1rove\u0148 je nutn\u00e9 zrychlit energetick\u00e9 renovace dom\u016f, rozvoj dom\u00e1c\u00edch obnoviteln\u00fdch zdroj\u016f a umo\u017enit lidem sd\u00edlen\u00ed \u010dist\u00e9 a levn\u00e9 energie.&nbsp;&nbsp;&nbsp;<\/p>\n\n<figure class=\"wp-block-image size-full\"><img loading=\"lazy\" decoding=\"async\" width=\"640\" height=\"376\" src=\"https:\/\/www.greenpeace.org\/static\/planet4-czech-republic-stateless\/2021\/11\/92f5959c-trifazovy_elektromer.jpg\" alt=\"\" class=\"wp-image-15238\" srcset=\"https:\/\/www.greenpeace.org\/static\/planet4-czech-republic-stateless\/2021\/11\/92f5959c-trifazovy_elektromer.jpg 640w, https:\/\/www.greenpeace.org\/static\/planet4-czech-republic-stateless\/2021\/11\/92f5959c-trifazovy_elektromer-300x176.jpg 300w, https:\/\/www.greenpeace.org\/static\/planet4-czech-republic-stateless\/2021\/11\/92f5959c-trifazovy_elektromer-510x300.jpg 510w\" sizes=\"auto, (max-width: 640px) 100vw, 640px\" \/><figcaption>Elektrom\u011br (c) Wikimedia Commons<\/figcaption><\/figure>\n\n<p>\u0158e\u0161en\u00ed navazuje na <a href=\"https:\/\/www.tydenikhrot.cz\/clanek\/reseni-drahe-elektriny-limit-pro-levne-zdroje-prispevky-a-uspory\">d\u0159\u00edv\u011bj\u0161\u00ed n\u00e1vrh Evropsk\u00e9 komise<\/a>, kter\u00fd po\u010d\u00edt\u00e1 s t\u00edm, \u017ee pro ka\u017ed\u00fd zdroj energie by se stanovila nejvy\u0161\u0161\u00ed mo\u017en\u00e1 cena, za n\u00ed\u017e by mohl prod\u00e1vat, a \u010d\u00e1stky nad t\u00edmto stropem by se odevzd\u00e1valy do fondu, z n\u011bho\u017e by pak byly placeny kompenzace spot\u0159ebitel\u016fm za drahou elekt\u0159inu.&nbsp;<\/p>\n\n<p>V\u00fdhodou tohoto \u0159e\u0161en\u00ed je podle ekologick\u00fdch organizac\u00ed, \u017ee cena elekt\u0159iny bude nad\u00e1le motivovat k \u00faspor\u00e1m a nahrazov\u00e1n\u00ed lok\u00e1ln\u00edmi obnoviteln\u00fdmi zdroji, k \u010demu\u017e mohou b\u00fdt vyu\u017eity i zaslan\u00e9 pen\u00edze. Kompenzace lidem a firm\u00e1m je v\u0161ak nutn\u00e9 nastavit tak, aby nezv\u00fdhod\u0148ovaly vy\u0161\u0161\u00ed spot\u0159ebu. Z\u00e1rove\u0148 je nutn\u00e9, aby kompenzace byly c\u00edlen\u00e9 a nejv\u00edce se dostalo na ty, co maj\u00ed nejni\u017e\u0161\u00ed p\u0159\u00edjmy a jsou nejv\u00edce ohro\u017eeni energetickou chudobou. Nutnost pen\u00edze p\u0159erozd\u011blovat a z\u00e1vislost na spr\u00e1vn\u00e9m nastavcen\u00ed je z\u00e1rove\u0148 nejv\u011bt\u0161\u00ed slabina tohoto \u0159e\u0161en\u00ed.<\/p>\n\n<figure class=\"wp-block-embed is-type-wp-embed is-provider-greenpeace-ceska-republika wp-block-embed-greenpeace-ceska-republika\"><div class=\"wp-block-embed__wrapper\">\n<blockquote class=\"wp-embedded-content\" data-secret=\"G7A5dbejq4\"><a href=\"https:\/\/www.greenpeace.org\/czech\/tiskova-analyza\/17535\/jak-na-drahe-energie-obe-navrhovana-evropska-reseni-mohou-lidem-snizit-ucty-za-elektrinu\/\">Br\u00edfing: Jak na drah\u00e9 energie? Ob\u011b navrhovan\u00e1 evropsk\u00e1 \u0159e\u0161en\u00ed mohou lidem sn\u00ed\u017eit \u00fa\u010dty za elekt\u0159inu<\/a><\/blockquote><iframe loading=\"lazy\" class=\"wp-embedded-content\" sandbox=\"allow-scripts\" security=\"restricted\" style=\"position: absolute; clip: rect(1px, 1px, 1px, 1px);\" title=\"&#8222;Br\u00edfing: Jak na drah\u00e9 energie? Ob\u011b navrhovan\u00e1 evropsk\u00e1 \u0159e\u0161en\u00ed mohou lidem sn\u00ed\u017eit \u00fa\u010dty za elekt\u0159inu&#8220; &#8212; Greenpeace \u010cesk\u00e1 republika\" src=\"https:\/\/www.greenpeace.org\/czech\/tiskova-analyza\/17535\/jak-na-drahe-energie-obe-navrhovana-evropska-reseni-mohou-lidem-snizit-ucty-za-elektrinu\/embed\/#?secret=Fr5o42SEI2#?secret=G7A5dbejq4\" data-secret=\"G7A5dbejq4\" width=\"500\" height=\"282\" frameborder=\"0\" marginwidth=\"0\" marginheight=\"0\" scrolling=\"no\"><\/iframe>\n<\/div><\/figure>\n\n<p><strong>Ji\u0159\u00ed Ko\u017eelouh, vedouc\u00ed energetick\u00e9ho programu Hnut\u00ed DUHa, \u0159\u00edk\u00e1:&nbsp;<\/strong><br><em>\u201cEvropsk\u00e9 \u0159e\u0161en\u00ed je z\u00e1klad, abychom energetickou krizi zvl\u00e1dli. P\u0159esun pen\u011bz za elekt\u0159inu z dom\u00e1cnost\u00ed, firem \u010di obc\u00ed k v\u00fdrobc\u016fm nen\u00ed udr\u017eiteln\u00fd. Vyu\u017eit\u00ed zisk\u016f je cestou, jak vysok\u00e9 ceny zvl\u00e1dnout. Ale je na \u010cesk\u00e9 republice, jestli dok\u00e1\u017ee spr\u00e1vn\u011b zac\u00edlit pomoc, aby se nejv\u00edce dostalo nejpot\u0159ebn\u011bj\u0161\u00edm. A z\u00e1rove\u0148 je jasn\u00e9, \u017ee jde o krizov\u00e9 \u0159e\u0161en\u00ed a kupujeme si \u010das, kter\u00fd mus\u00edme maxim\u00e1ln\u011b vyu\u017e\u00edt pro zateplov\u00e1n\u00ed dom\u016f, instalaci sol\u00e1rn\u00edch panel\u016f \u010di rozvoj komunitn\u00ed energetiky, aby lid\u00e9, firmy i obce mohli z\u00e1sadn\u011b sn\u00ed\u017eit svoji z\u00e1vislost na nevyzpytateln\u00e9m energetick\u00e9m trhu.\u201d<\/em><\/p>\n\n<p><strong>Jaroslav Bican, koordin\u00e1tor energetick\u00e9 kampan\u011b Greenpeace, uv\u00e1d\u00ed:&nbsp;<\/strong><br><em>\u201cDosavadn\u00ed shodu evropsk\u00fdch politik\u016f je t\u0159eba ocenit, z\u00e1rove\u0148 v\u0161ak bude z\u00e1le\u017eet na tom, jak bude vypadat konkr\u00e9tn\u00ed pomoc a zda skute\u010dn\u011b doputuje k t\u011bm nejv\u00edce ohro\u017een\u00fdm skupin\u00e1m obyvatel. Sou\u010dasn\u011b nesm\u00edme zapom\u00ednat na dlouhodob\u00e1 \u0159e\u0161en\u00ed. Energetick\u00fd syst\u00e9m je dnes uzp\u016fsoben na m\u00edru velk\u00fdm centr\u00e1ln\u00edm fosiln\u00edm zdroj\u016fm, sou\u010dasn\u00e1 krize p\u0159itom odkryla jeho slab\u00e1 m\u00edsta. Z\u00e1rukou energetick\u00e9 bezpe\u010dnosti a levn\u00e9 energie tak do budoucna m\u016f\u017ee b\u00fdt mno\u017estv\u00ed mal\u00fdch obnoviteln\u00fdch zdroj\u016f a syst\u00e9my komunitn\u00ed energetiky, kter\u00e9 zajist\u00ed co nejv\u011bt\u0161\u00ed lok\u00e1ln\u00ed energetickou sob\u011bsta\u010dnost.\u201d&nbsp;<\/em><\/p>\n","protected":false},"excerpt":{"rendered":"<p>Energeti\u010dt\u00ed minist\u0159i a ministryn\u011b st\u00e1t\u016f EU se shodli na celoevropsk\u00e9m z\u00e1sahu do trhu s elekt\u0159inou, kter\u00fd bude spo\u010d\u00edvat v odvodu zisk\u016f z v\u00fdroby elekt\u0159iny v levn\u011bj\u0161\u00edch zdroj\u00edch (zejm\u00e9na jadern\u00e9 a&hellip;<\/p>\n","protected":false},"author":27,"featured_media":15238,"comment_status":"open","ping_status":"closed","sticky":false,"template":"","format":"standard","meta":{"ep_exclude_from_search":false,"p4_og_title":"","p4_og_description":"","p4_og_image":"","p4_og_image_id":"","p4_seo_canonical_url":"","p4_campaign_name":"not set","p4_local_project":"not set","p4_basket_name":"not set","p4_department":"","footnotes":""},"categories":[4],"tags":[25,26],"p4-page-type":[14],"class_list":["post-17540","post","type-post","status-publish","format-standard","has-post-thumbnail","hentry","category-energeticka-revoluce","tag-konec-doby-fosilni","tag-obnovitelne-zdroje","p4-page-type-tiskova-zprava"],"_links":{"self":[{"href":"https:\/\/www.greenpeace.org\/czech\/wp-json\/wp\/v2\/posts\/17540","targetHints":{"allow":["GET"]}}],"collection":[{"href":"https:\/\/www.greenpeace.org\/czech\/wp-json\/wp\/v2\/posts"}],"about":[{"href":"https:\/\/www.greenpeace.org\/czech\/wp-json\/wp\/v2\/types\/post"}],"author":[{"embeddable":true,"href":"https:\/\/www.greenpeace.org\/czech\/wp-json\/wp\/v2\/users\/27"}],"replies":[{"embeddable":true,"href":"https:\/\/www.greenpeace.org\/czech\/wp-json\/wp\/v2\/comments?post=17540"}],"version-history":[{"count":3,"href":"https:\/\/www.greenpeace.org\/czech\/wp-json\/wp\/v2\/posts\/17540\/revisions"}],"predecessor-version":[{"id":17554,"href":"https:\/\/www.greenpeace.org\/czech\/wp-json\/wp\/v2\/posts\/17540\/revisions\/17554"}],"wp:featuredmedia":[{"embeddable":true,"href":"https:\/\/www.greenpeace.org\/czech\/wp-json\/wp\/v2\/media\/15238"}],"wp:attachment":[{"href":"https:\/\/www.greenpeace.org\/czech\/wp-json\/wp\/v2\/media?parent=17540"}],"wp:term":[{"taxonomy":"category","embeddable":true,"href":"https:\/\/www.greenpeace.org\/czech\/wp-json\/wp\/v2\/categories?post=17540"},{"taxonomy":"post_tag","embeddable":true,"href":"https:\/\/www.greenpeace.org\/czech\/wp-json\/wp\/v2\/tags?post=17540"},{"taxonomy":"p4-page-type","embeddable":true,"href":"https:\/\/www.greenpeace.org\/czech\/wp-json\/wp\/v2\/p4-page-type?post=17540"}],"curies":[{"name":"wp","href":"https:\/\/api.w.org\/{rel}","templated":true}]}}