{"id":17633,"date":"2022-10-04T09:27:41","date_gmt":"2022-10-04T08:27:41","guid":{"rendered":"https:\/\/www.greenpeace.org\/czech\/?p=17633"},"modified":"2022-10-04T09:29:09","modified_gmt":"2022-10-04T08:29:09","slug":"greenpeace-kritizuje-navrh-pokacet-30-000-stromu-v-bucinach-ktere-ma-od-zacatku-letosniho-roku-chranit-smluvni-ochrana","status":"publish","type":"post","link":"https:\/\/www.greenpeace.org\/czech\/tiskova-zprava\/17633\/greenpeace-kritizuje-navrh-pokacet-30-000-stromu-v-bucinach-ktere-ma-od-zacatku-letosniho-roku-chranit-smluvni-ochrana\/","title":{"rendered":"Greenpeace kritizuje n\u00e1vrh pok\u00e1cet 30 000 strom\u016f v bu\u010din\u00e1ch, kter\u00e9 m\u00e1 od za\u010d\u00e1tku leto\u0161n\u00edho roku chr\u00e1nit smluvn\u00ed ochrana"},"content":{"rendered":"\n<p>\u00dasteck\u00fd krajsk\u00fd \u00fa\u0159ad pr\u00e1v\u011b te\u010f rozhoduje o n\u00e1vrhu lesn\u00edho hospod\u00e1\u0159sk\u00e9ho pl\u00e1nu na \u00fazem\u00ed star\u00fdch bukov\u00fdch les\u016f u Horn\u00edho Ji\u0159et\u00edna, vyj\u00e1d\u0159it by se k n\u011bmu m\u011bl v p\u0159\u00ed\u0161t\u00edch t\u00fddnech. Vlastn\u00edk lesa nyn\u00ed chce v evropsky v\u00fdznamn\u00e9 lokalit\u011b V\u00fdchodn\u00ed Kru\u0161noho\u0159\u00ed pok\u00e1cet zhruba 30 tis\u00edc star\u00fdch buk\u016f, organizace Greenpeace tento pl\u00e1n kritizuje.<\/p>\n\n<figure class=\"wp-block-image size-large\"><img loading=\"lazy\" decoding=\"async\" width=\"1024\" height=\"683\" src=\"https:\/\/www.greenpeace.org\/static\/planet4-czech-republic-stateless\/2021\/06\/250ca9e9-vladimir-burt-starosta-horniho-jiretina-1024x683.jpg\" alt=\"\" class=\"wp-image-14036\" srcset=\"https:\/\/www.greenpeace.org\/static\/planet4-czech-republic-stateless\/2021\/06\/250ca9e9-vladimir-burt-starosta-horniho-jiretina-1024x683.jpg 1024w, https:\/\/www.greenpeace.org\/static\/planet4-czech-republic-stateless\/2021\/06\/250ca9e9-vladimir-burt-starosta-horniho-jiretina-300x200.jpg 300w, https:\/\/www.greenpeace.org\/static\/planet4-czech-republic-stateless\/2021\/06\/250ca9e9-vladimir-burt-starosta-horniho-jiretina-768x512.jpg 768w, https:\/\/www.greenpeace.org\/static\/planet4-czech-republic-stateless\/2021\/06\/250ca9e9-vladimir-burt-starosta-horniho-jiretina-1536x1024.jpg 1536w, https:\/\/www.greenpeace.org\/static\/planet4-czech-republic-stateless\/2021\/06\/250ca9e9-vladimir-burt-starosta-horniho-jiretina-2048x1366.jpg 2048w, https:\/\/www.greenpeace.org\/static\/planet4-czech-republic-stateless\/2021\/06\/250ca9e9-vladimir-burt-starosta-horniho-jiretina-510x340.jpg 510w\" sizes=\"auto, (max-width: 1024px) 100vw, 1024px\" \/><figcaption>Protest proti k\u00e1cen\u00ed bukov\u00fdch les\u016f u Horn\u00edho Ji\u0159et\u00edna. (c) Greenpeace &#8211; Jakub \u0160ed\u00fd<\/figcaption><\/figure>\n\n<p>Ve vz\u00e1cn\u00e9m lese, kter\u00fd vlastn\u00ed spole\u010dnost I.H. Farm spojen\u00e1 s uhlobaronem Pavlem Tyka\u010dem, se v posledn\u00edch letech v\u00fdrazn\u011b k\u00e1celo, vznikaly zde rozs\u00e1hl\u00e9 holiny a doch\u00e1zelo k devastaci star\u00fdch porost\u016f. Po kampani Greenpeace, b\u011bhem n\u00ed\u017e podepsalo petici za vyhl\u00e1\u0161en\u00ed chr\u00e1n\u011bn\u00e9ho \u00fazem\u00ed s bezz\u00e1sahov\u00fdm re\u017eimem p\u0159es 10 tis\u00edc lid\u00ed, byla krajsk\u00fd \u00fa\u0159adem alespo\u0148 uzav\u0159ena s vlastn\u00edkem smlouva, kter\u00e1 zaji\u0161\u0165uje bezz\u00e1sahovost na t\u0159etin\u011b \u00fazem\u00ed (200 hektar\u016f), na zb\u00fdvaj\u00edc\u00edch dvou t\u0159etin\u00e1ch se pak m\u00e1 nov\u011b hospoda\u0159it \u0161etrn\u011bji ne\u017e v minulosti.&nbsp;<\/p>\n\n<p>Smluvn\u00ed ochran\u011b navzdory pl\u00e1nuje firma I.H. Farm vyt\u011b\u017eit v p\u0159\u00ed\u0161t\u00edch deseti letech 60 000 m3 d\u0159eva, co\u017e je okolo 30 000 vzrostl\u00fdch strom\u016f, p\u0159edev\u0161\u00edm star\u00fdch buk\u016f.&nbsp;<\/p>\n\n<p>V\u00fd\u0161i t\u011b\u017eeb p\u0159itom v minulosti kritizoval i s\u00e1m krajsk\u00fd \u00fa\u0159ad u\u017e u minul\u00e9 verze lesn\u00edho hospod\u00e1\u0159sk\u00e9ho pl\u00e1nu, kterou odm\u00edtl., Sou\u010dasn\u00fd pl\u00e1n je v\u0161ak velmi podobn\u00fd tomu, kter\u00fd na kraji nepro\u0161el, v\u010detn\u011b v\u00fd\u0161e t\u011b\u017eeb &#8211; ta z\u016fst\u00e1v\u00e1 stejn\u00e1. Spole\u010dnost I. H. Farm v lo\u0148sk\u00e9m roce tvrdila, \u017ee cel\u00e9 \u00fazem\u00ed v jej\u00edm vlastnictv\u00ed m\u016f\u017ee b\u00fdt bezz\u00e1sahov\u00e9. P\u0159esto\u017ee bezz\u00e1sahovost \u00fazem\u00ed po\u017eadovala i ve\u0159ejnost, krajsk\u00fd \u00fa\u0159ad takov\u00fd typ ochrany neza\u0159\u00eddil a nikdy se nevyj\u00e1d\u0159il, zda se k tomuto kroku neodhodlal kv\u016fli nutnosti platit majitel\u016fm p\u0159\u00edpadn\u00e9 u\u0161l\u00e9 zisky \u010di z jin\u00e9ho d\u016fvodu.<\/p>\n\n<p>Krajsk\u00fd \u00fa\u0159ad by m\u011bl podle Greenpeace a m\u011bsta Horn\u00ed Ji\u0159et\u00edn vydat nesouhlasn\u00e9 stanovisko s n\u00e1vrhem lesn\u00edho hospod\u00e1\u0159sk\u00e9ho pl\u00e1nu a po\u017eadovat minim\u00e1ln\u011b razantn\u00ed sn\u00ed\u017een\u00ed t\u011b\u017eeb. Z\u00e1rove\u0148 by m\u011bla vl\u00e1da rozhodnout o systematick\u00e9 ochran\u011b star\u00fdch les\u016f star\u0161\u00edch 130 let, a zabr\u00e1nit tak jejich destrukci.<\/p>\n\n<p>Podle Greenpeace je evidentn\u00ed, \u017ee sou\u010dasn\u00e1 smluvn\u00ed ochrana nen\u00ed vzhledem k jedine\u010dnosti a v\u00fdznamu dan\u00e9 lokality dostate\u010dn\u00e1 a vyz\u00fdv\u00e1 kraj, aby zajistil bezz\u00e1sahovost na cel\u00e9m jej\u00edm \u00fazem\u00ed. K\u00e1cen\u00edm doch\u00e1z\u00ed k v\u00fdrazn\u00e9mu po\u0161kozov\u00e1n\u00ed p\u0159edm\u011btu ochrany t\u00e9to lokality, tedy bukov\u00fdch les\u016f, a sni\u017euje se t\u00edm tak\u00e9 biodiverzita.&nbsp;<\/p>\n\n<p><strong>Nikol Krej\u010dov\u00e1, koordin\u00e1torka kampan\u011b Greenpeace za z\u00e1chranu bu\u010din, \u0159\u00edk\u00e1:<br><\/strong><em>\u201dKrajsk\u00fd \u00fa\u0159ad mus\u00ed po\u017eadovat razantn\u00ed sn\u00ed\u017een\u00ed t\u011b\u017eby v lesn\u00edm hospod\u00e1\u0159sk\u00e9m celku Horn\u00ed Ji\u0159et\u00edn. Jinak smluvn\u00ed ochrana uzav\u0159en\u00e1 minul\u00fd rok nem\u00e1 pot\u0159ebn\u00fd v\u00fdznam a vz\u00e1cn\u00e9 bu\u010diny budou d\u00e1le ni\u010deny. V dob\u011b, kdy se v\u0161ude mluv\u00ed o s\u00e1zen\u00ed strom\u016f, m\u00e1 b\u00fdt vyk\u00e1ceno 30 tis\u00edc nejstar\u0161\u00edch a nejcenn\u011bj\u0161\u00edch buk\u016f, kter\u00e9 u n\u00e1s v\u016fbec rostou. Pokud mysl\u00ed vl\u00e1da a ministerstvo \u017eivotn\u00edho prost\u0159ed\u00ed sv\u00e9 z\u00e1vazky v ochran\u011b biodiverzity a klimatu v\u00e1\u017en\u011b, mus\u00ed okam\u017eit\u011b zastavit k\u00e1cen\u00ed star\u00fdch les\u016f, v\u010detn\u011b t\u011bch v Kru\u0161n\u00fdch hor\u00e1ch, na jejich\u017e destrukci upozor\u0148ujeme dlouhodob\u011b.\u201d<\/em><strong> <\/strong>\u00a0<\/p>\n","protected":false},"excerpt":{"rendered":"<p>\u00dasteck\u00fd krajsk\u00fd \u00fa\u0159ad pr\u00e1v\u011b te\u010f rozhoduje o n\u00e1vrhu lesn\u00edho hospod\u00e1\u0159sk\u00e9ho pl\u00e1nu na \u00fazem\u00ed star\u00fdch bukov\u00fdch les\u016f u Horn\u00edho Ji\u0159et\u00edna, vyj\u00e1d\u0159it by se k n\u011bmu m\u011bl v p\u0159\u00ed\u0161t\u00edch t\u00fddnech. Vlastn\u00edk lesa&hellip;<\/p>\n","protected":false},"author":27,"featured_media":14036,"comment_status":"open","ping_status":"closed","sticky":false,"template":"","format":"standard","meta":{"ep_exclude_from_search":false,"p4_og_title":"","p4_og_description":"","p4_og_image":"","p4_og_image_id":"","p4_seo_canonical_url":"","p4_campaign_name":"not set","p4_local_project":"not set","p4_basket_name":"not set","p4_department":"","footnotes":""},"categories":[2],"tags":[17],"p4-page-type":[14],"class_list":["post-17633","post","type-post","status-publish","format-standard","has-post-thumbnail","hentry","category-priroda","tag-lesy-pralesy","p4-page-type-tiskova-zprava"],"_links":{"self":[{"href":"https:\/\/www.greenpeace.org\/czech\/wp-json\/wp\/v2\/posts\/17633","targetHints":{"allow":["GET"]}}],"collection":[{"href":"https:\/\/www.greenpeace.org\/czech\/wp-json\/wp\/v2\/posts"}],"about":[{"href":"https:\/\/www.greenpeace.org\/czech\/wp-json\/wp\/v2\/types\/post"}],"author":[{"embeddable":true,"href":"https:\/\/www.greenpeace.org\/czech\/wp-json\/wp\/v2\/users\/27"}],"replies":[{"embeddable":true,"href":"https:\/\/www.greenpeace.org\/czech\/wp-json\/wp\/v2\/comments?post=17633"}],"version-history":[{"count":4,"href":"https:\/\/www.greenpeace.org\/czech\/wp-json\/wp\/v2\/posts\/17633\/revisions"}],"predecessor-version":[{"id":17637,"href":"https:\/\/www.greenpeace.org\/czech\/wp-json\/wp\/v2\/posts\/17633\/revisions\/17637"}],"wp:featuredmedia":[{"embeddable":true,"href":"https:\/\/www.greenpeace.org\/czech\/wp-json\/wp\/v2\/media\/14036"}],"wp:attachment":[{"href":"https:\/\/www.greenpeace.org\/czech\/wp-json\/wp\/v2\/media?parent=17633"}],"wp:term":[{"taxonomy":"category","embeddable":true,"href":"https:\/\/www.greenpeace.org\/czech\/wp-json\/wp\/v2\/categories?post=17633"},{"taxonomy":"post_tag","embeddable":true,"href":"https:\/\/www.greenpeace.org\/czech\/wp-json\/wp\/v2\/tags?post=17633"},{"taxonomy":"p4-page-type","embeddable":true,"href":"https:\/\/www.greenpeace.org\/czech\/wp-json\/wp\/v2\/p4-page-type?post=17633"}],"curies":[{"name":"wp","href":"https:\/\/api.w.org\/{rel}","templated":true}]}}