{"id":17734,"date":"2022-10-18T10:13:40","date_gmt":"2022-10-18T09:13:40","guid":{"rendered":"https:\/\/www.greenpeace.org\/czech\/?p=17734"},"modified":"2023-12-05T10:17:09","modified_gmt":"2023-12-05T09:17:09","slug":"leto-2","status":"publish","type":"post","link":"https:\/\/www.greenpeace.org\/czech\/magazin\/17734\/leto-2\/","title":{"rendered":"L\u00e9to"},"content":{"rendered":"\n<figure class=\"wp-block-image size-full is-resized\"><img loading=\"lazy\" decoding=\"async\" src=\"https:\/\/www.greenpeace.org\/static\/planet4-czech-republic-stateless\/2022\/10\/a402cc45-p4-nahled.png\" alt=\"\" class=\"wp-image-17733\" width=\"500\" height=\"500\" srcset=\"https:\/\/www.greenpeace.org\/static\/planet4-czech-republic-stateless\/2022\/10\/a402cc45-p4-nahled.png 1000w, https:\/\/www.greenpeace.org\/static\/planet4-czech-republic-stateless\/2022\/10\/a402cc45-p4-nahled-300x300.png 300w, https:\/\/www.greenpeace.org\/static\/planet4-czech-republic-stateless\/2022\/10\/a402cc45-p4-nahled-150x150.png 150w, https:\/\/www.greenpeace.org\/static\/planet4-czech-republic-stateless\/2022\/10\/a402cc45-p4-nahled-768x768.png 768w, https:\/\/www.greenpeace.org\/static\/planet4-czech-republic-stateless\/2022\/10\/a402cc45-p4-nahled-340x340.png 340w\" sizes=\"auto, (max-width: 500px) 100vw, 500px\" \/><\/figure>\n\n<h2 class=\"wp-block-heading\">Obsah \u010d\u00edsla<\/h2>\n\n<ul class=\"wp-block-list\"><li>Klimatick\u00e1 \u017ealoba usp\u011bla i v \u010cesku<\/li><li>\u010cesko p\u0159edsed\u00e1 rad\u011b EU<\/li><li>V energetice si Evropa mus\u00ed v\u00edce pom\u00e1hat<\/li><li>8 v\u011bc\u00ed, kter\u00e9 mus\u00edme zm\u011bnit v energetice v cel\u00e9 Evropsk\u00e9 unii<\/li><li>\u010c\u00edm d\u0159\u00edve sn\u00ed\u017e\u00edme spot\u0159ebu, t\u00edm d\u0159\u00edve skon\u010d\u00edme s ruskou ropou<\/li><li>Klimatick\u00e1 krize a lidsk\u00e1 pr\u00e1va<\/li><li>Spolu pro pralesy<\/li><li>Indon\u00e9sie u\u017e zase vyv\u00e1\u017e\u00ed palmov\u00fd olej do Evropa. Kv\u016fli v\u00e1lce roste popt\u00e1vka<\/li><li>Create, Don&#8217;t Waste Day<\/li><li>P\u0159edsednick\u00e1 zem\u011b m\u00e1 b\u00fdt p\u0159\u00edkladem<\/li><\/ul>\n\n<div class=\"wp-block-buttons is-layout-flex wp-block-buttons-is-layout-flex\">\n<div class=\"wp-block-button is-style-cta\"><a class=\"wp-block-button__link\" href=\"https:\/\/www.greenpeace.org\/static\/planet4-czech-republic-stateless\/2022\/10\/e5c659d3-maketa_gp-02-2022.pdf\">St\u00e1hnout magaz\u00edn (PDF, 3MB)<\/a><\/div>\n<\/div>\n\n<p><\/p>\n","protected":false},"excerpt":{"rendered":"<p>Klimatick\u00e1 \u017ealoba usp\u011bla i v \u010cesku \u2022 \u010cesko p\u0159edsed\u00e1 rad\u011b EU \u2022<br \/>\nV energetice si Evropa mus\u00ed v\u00edce pom\u00e1hat \u2022 8 v\u011bc\u00ed, kter\u00e9 mus\u00edme zm\u011bnit v energetice v cel\u00e9 Evropsk\u00e9 unii \u2022 \u010c\u00edm d\u0159\u00edve sn\u00ed\u017e\u00edme spot\u0159ebu, t\u00edm d\u0159\u00edve skon\u010d\u00edme s ruskou ropou \u2022 Klimatick\u00e1 krize a lidsk\u00e1 pr\u00e1va \u2022 Spolu pro pralesy \u2022 Indon\u00e9sie u\u017e zase vyv\u00e1\u017e\u00ed palmov\u00fd olej do Evropa. Kv\u016fli v\u00e1lce roste popt\u00e1vka \u2022 Create, Don&#8217;t Waste Day \u2022 P\u0159edsednick\u00e1 zem\u011b m\u00e1 b\u00fdt p\u0159\u00edkladem<\/p>\n","protected":false},"author":37,"featured_media":17733,"comment_status":"closed","ping_status":"closed","sticky":false,"template":"","format":"standard","meta":{"ep_exclude_from_search":false,"p4_og_title":"","p4_og_description":"","p4_og_image":"","p4_og_image_id":"","p4_seo_canonical_url":"","p4_campaign_name":"not set","p4_local_project":"not set","p4_basket_name":"not set","p4_department":"","footnotes":""},"categories":[30],"tags":[],"p4-page-type":[35],"class_list":["post-17734","post","type-post","status-publish","format-standard","has-post-thumbnail","hentry","category-greenpeace","p4-page-type-magazin"],"_links":{"self":[{"href":"https:\/\/www.greenpeace.org\/czech\/wp-json\/wp\/v2\/posts\/17734","targetHints":{"allow":["GET"]}}],"collection":[{"href":"https:\/\/www.greenpeace.org\/czech\/wp-json\/wp\/v2\/posts"}],"about":[{"href":"https:\/\/www.greenpeace.org\/czech\/wp-json\/wp\/v2\/types\/post"}],"author":[{"embeddable":true,"href":"https:\/\/www.greenpeace.org\/czech\/wp-json\/wp\/v2\/users\/37"}],"replies":[{"embeddable":true,"href":"https:\/\/www.greenpeace.org\/czech\/wp-json\/wp\/v2\/comments?post=17734"}],"version-history":[{"count":5,"href":"https:\/\/www.greenpeace.org\/czech\/wp-json\/wp\/v2\/posts\/17734\/revisions"}],"predecessor-version":[{"id":17741,"href":"https:\/\/www.greenpeace.org\/czech\/wp-json\/wp\/v2\/posts\/17734\/revisions\/17741"}],"wp:featuredmedia":[{"embeddable":true,"href":"https:\/\/www.greenpeace.org\/czech\/wp-json\/wp\/v2\/media\/17733"}],"wp:attachment":[{"href":"https:\/\/www.greenpeace.org\/czech\/wp-json\/wp\/v2\/media?parent=17734"}],"wp:term":[{"taxonomy":"category","embeddable":true,"href":"https:\/\/www.greenpeace.org\/czech\/wp-json\/wp\/v2\/categories?post=17734"},{"taxonomy":"post_tag","embeddable":true,"href":"https:\/\/www.greenpeace.org\/czech\/wp-json\/wp\/v2\/tags?post=17734"},{"taxonomy":"p4-page-type","embeddable":true,"href":"https:\/\/www.greenpeace.org\/czech\/wp-json\/wp\/v2\/p4-page-type?post=17734"}],"curies":[{"name":"wp","href":"https:\/\/api.w.org\/{rel}","templated":true}]}}