{"id":17813,"date":"2022-11-03T13:41:32","date_gmt":"2022-11-03T12:41:32","guid":{"rendered":"https:\/\/www.greenpeace.org\/czech\/?p=17813"},"modified":"2022-11-03T13:41:35","modified_gmt":"2022-11-03T12:41:35","slug":"ceska-pobocka-greenpeace-startuje-vyzvu-pro-prirodu-ktera-pozaduje-ochranu-biologicke-rozmanitosti","status":"publish","type":"post","link":"https:\/\/www.greenpeace.org\/czech\/tiskova-zprava\/17813\/ceska-pobocka-greenpeace-startuje-vyzvu-pro-prirodu-ktera-pozaduje-ochranu-biologicke-rozmanitosti\/","title":{"rendered":"\u010cesk\u00e1 pobo\u010dka Greenpeace startuje V\u00fdzvu pro p\u0159\u00edrodu, kter\u00e1 po\u017eaduje ochranu biologick\u00e9 rozmanitosti"},"content":{"rendered":"\n<p>\u010cesk\u00e1 pobo\u010dka Greenpeace dnes spou\u0161t\u00ed kampa\u0148 V\u00fdzva pro p\u0159\u00edrodu za p\u0159ijet\u00ed a dodr\u017eov\u00e1n\u00ed celosv\u011btov\u00fdch c\u00edl\u016f ochrany biodiverzity do roku 2030. Ty se budou schvalovat v prosinci v kanadsk\u00e9m Montrealu na 15. konferenci (COP 15) k \u00damluv\u011b o biologick\u00e9 rozmanitosti. Mezi hlavn\u00ed c\u00edle pat\u0159\u00ed ochrana 30 % pevniny i sou\u0161e, sn\u00ed\u017een\u00ed zne\u010di\u0161t\u011bn\u00ed, zastaven\u00ed vym\u00edr\u00e1n\u00ed druh\u016f, omezen\u00ed spot\u0159eby pesticid\u016f a respektov\u00e1n\u00ed pr\u00e1v domorod\u00fdch obyvatel.\u00a0<\/p>\n\n<p>Lid\u00e9 mohou kampa\u0148 podpo\u0159it podpisem petice na str\u00e1nk\u00e1ch <a href=\"http:\/\/www.vyzvaproprirodu.cz\">www.vyzvaproprirodu.cz<\/a>. Sou\u010d\u00e1st\u00ed kampan\u011b budou i aktivity v \u010cesku. V minul\u00fdch letech se t\u00e9matu biodiverzity a ochrany p\u0159\u00edrody v\u011bnovala \u010desk\u00e1 kancel\u00e1\u0159 Greenpeace p\u0159edev\u0161\u00edm v kampani za ochranu unik\u00e1tn\u00edch bukov\u00fdch les\u016f v Kru\u0161n\u00fdch hor\u00e1ch, kter\u00e9 st\u00e1le nejsou chr\u00e1n\u011bn\u00e9, p\u0159esto\u017ee jsou sou\u010d\u00e1st\u00ed evropsk\u00fd v\u00fdznamn\u00e9 lokality v r\u00e1mci s\u00edt\u011b Natura 2000.<\/p>\n\n<figure class=\"wp-block-image size-large\"><img loading=\"lazy\" decoding=\"async\" width=\"1024\" height=\"681\" src=\"https:\/\/www.greenpeace.org\/static\/planet4-czech-republic-stateless\/2021\/11\/260b6fd2-202_10_25_buciny_tykac_2400px_zewlakk-4664-1024x681.jpg\" alt=\"\" class=\"wp-image-15270\" srcset=\"https:\/\/www.greenpeace.org\/static\/planet4-czech-republic-stateless\/2021\/11\/260b6fd2-202_10_25_buciny_tykac_2400px_zewlakk-4664-1024x681.jpg 1024w, https:\/\/www.greenpeace.org\/static\/planet4-czech-republic-stateless\/2021\/11\/260b6fd2-202_10_25_buciny_tykac_2400px_zewlakk-4664-300x200.jpg 300w, https:\/\/www.greenpeace.org\/static\/planet4-czech-republic-stateless\/2021\/11\/260b6fd2-202_10_25_buciny_tykac_2400px_zewlakk-4664-768x511.jpg 768w, https:\/\/www.greenpeace.org\/static\/planet4-czech-republic-stateless\/2021\/11\/260b6fd2-202_10_25_buciny_tykac_2400px_zewlakk-4664-1536x1022.jpg 1536w, https:\/\/www.greenpeace.org\/static\/planet4-czech-republic-stateless\/2021\/11\/260b6fd2-202_10_25_buciny_tykac_2400px_zewlakk-4664-2048x1363.jpg 2048w, https:\/\/www.greenpeace.org\/static\/planet4-czech-republic-stateless\/2021\/11\/260b6fd2-202_10_25_buciny_tykac_2400px_zewlakk-4664-510x340.jpg 510w\" sizes=\"auto, (max-width: 1024px) 100vw, 1024px\" \/><figcaption>Bu\u010diny v Kru\u0161n\u00fdch hor\u00e1ch. (c) Greenpeace &#8211; Petr Zewlakk Vrabec<\/figcaption><\/figure>\n\n<p>\u00damluva o biologick\u00e9 rozmanitosti je nejv\u00fdznamn\u011bj\u0161\u00ed mezin\u00e1rodn\u00ed mnohostrann\u00e1 dohoda&nbsp; zab\u00fdvaj\u00edc\u00ed se p\u00e9\u010d\u00ed o p\u0159\u00edrodn\u00ed a krajinn\u00e9 d\u011bdictv\u00ed. Jednou za dek\u00e1du se st\u00e1tn\u00edci t\u00e9m\u011b\u0159 v\u0161ech zem\u00ed sv\u011bta v r\u00e1mci konference smluvn\u00edch stran dohaduj\u00ed na prioritn\u00edch c\u00edlech pro ochranu biodiverzity na dal\u0161\u00edch deset let. Kv\u016fli koronaviru maj\u00ed nyn\u00ed jedn\u00e1n\u00ed dvoulet\u00fd skluz. C\u00edle pro uplynulou dek\u00e1du dohodly vl\u00e1dy t\u00e9m\u011b\u0159 200 zem\u00ed v roce 2010 v Japonsku a zn\u00e1m\u00e9 jako \u201edvacet c\u00edl\u016f z Ai\u010di\u201c. Zem\u011b se zav\u00e1zaly nap\u0159\u00edklad ke zv\u011bt\u0161en\u00ed rozlohy p\u0159\u00edrodn\u00edch rezervac\u00ed z p\u016fvodn\u00edch deseti procent rozlohy Zem\u011b na sedmn\u00e1ct. Stejn\u011b tak m\u011blo doj\u00edt k roz\u0161\u00ed\u0159en\u00ed chr\u00e1n\u011bn\u00fdch mo\u0159sk\u00fdch oblast\u00ed z tehdej\u0161\u00edho jednoho procenta na deset. K dosa\u017een\u00ed c\u00edl\u016f p\u0159itom m\u011blo doj\u00edt do konce roku 2020, tedy p\u0159ed dv\u011bma lety. \u017d\u00e1dn\u00fd z 21 c\u00edl\u016f nebyl dosud spln\u011bn.&nbsp;<\/p>\n\n<p><strong>Jan Freidinger, koordin\u00e1tor kampan\u011b V\u00fdzva pro p\u0159\u00edrodu v Greenpeace \u010cR, \u0159\u00edk\u00e1:<\/strong><strong><em> <\/em><\/strong><strong><em><br><\/em><\/strong><em>\u201c<\/em><em>Sv\u011btov\u00e9 vl\u00e1dy selh\u00e1vaj\u00ed v pln\u011bn\u00ed c\u00edl\u016f pro ochranu biodiverzity u\u017e druhou dek\u00e1du po sob\u011b. <\/em><em>Za posledn\u00edch pades\u00e1t let se po\u010dty voln\u011b \u017eij\u00edc\u00edch \u017eivo\u010dich\u016f na planet\u011b zmen\u0161ily o dv\u011b t\u0159etiny. Ka\u017ed\u00e9 dv\u011b vte\u0159iny je vyk\u00e1cen les o velikosti fotbalov\u00e9ho h\u0159i\u0161t\u011b. Ka\u017edou minutu skon\u010d\u00ed v oce\u00e1nech a \u0159ek\u00e1ch plastov\u00fd odpad o objemu popel\u00e1\u0159sk\u00e9ho vozu. Ka\u017ed\u00fd den vyhynou des\u00edtky druh\u016f. D\u016fkazy o lidmi zp\u016fsoben\u00e9 destrukci na\u0161\u00ed planety nebyly nikdy jasn\u011bj\u0161\u00ed a p\u0159esv\u011bd\u010div\u011bj\u0161\u00ed. Je \u010das p\u0159ej\u00edt od r\u00e9torick\u00fdch cvi\u010den\u00ed ke skute\u010dn\u00fdm \u010din\u016fm.\u201d&nbsp;<\/em><\/p>\n\n<p>D\u016fle\u017eitou roli bude na konferenci hr\u00e1t i \u010cesko, d\u00edky p\u0159edsednick\u00e9 roli v Evropsk\u00e9 unii. Pr\u00e1v\u011b pod taktovkou \u010ceska p\u0159ijala EU pozici pro COP 15. O\u010dek\u00e1v\u00e1 se, \u017ee se na konferenci p\u0159ijme tentokr\u00e1t 21 c\u00edl\u016f. Jejich n\u00e1vrh a konkr\u00e9tn\u00ed zn\u011bn\u00ed je st\u00e1le p\u0159edm\u011btem \u0159ady rozpor\u016f, p\u0159edev\u0161\u00edm mezi glob\u00e1ln\u00edm severem a jihem nap\u0159\u00edklad nad ot\u00e1zkami financov\u00e1n\u00ed ochrany cenn\u00fdch ekosyst\u00e9m\u016f s vysokou m\u00edrou biodiverzity. . O\u010dek\u00e1v\u00e1 se ale, \u017ee by k jednodu\u0161\u0161\u00edmu uzav\u0159en\u00ed dohody mohla p\u0159isp\u011bt zm\u011bna hlavy st\u00e1tu v Braz\u00edlii, proto\u017ee dosavadn\u00ed prezident Jair Bolsonaro otev\u0159en\u011b vystupoval proti \u0159ad\u011b biodiverzitn\u00edch c\u00edl\u016f, nap\u0159\u00edklad proti omezen\u00ed spot\u0159eby pesticid\u016f.\u00a0<\/p>\n","protected":false},"excerpt":{"rendered":"<p>\u010cesk\u00e1 pobo\u010dka Greenpeace dnes spou\u0161t\u00ed kampa\u0148 V\u00fdzva pro p\u0159\u00edrodu za p\u0159ijet\u00ed a dodr\u017eov\u00e1n\u00ed celosv\u011btov\u00fdch c\u00edl\u016f ochrany biodiverzity do roku 2030. Ty se budou schvalovat v prosinci v kanadsk\u00e9m Montrealu na&hellip;<\/p>\n","protected":false},"author":27,"featured_media":15270,"comment_status":"open","ping_status":"closed","sticky":false,"template":"","format":"standard","meta":{"ep_exclude_from_search":false,"p4_og_title":"","p4_og_description":"","p4_og_image":"","p4_og_image_id":"","p4_seo_canonical_url":"","p4_campaign_name":"not set","p4_local_project":"not set","p4_basket_name":"not set","p4_department":"","footnotes":""},"categories":[2],"tags":[23,17,18,21],"p4-page-type":[14],"class_list":["post-17813","post","type-post","status-publish","format-standard","has-post-thumbnail","hentry","category-priroda","tag-bez-chemie","tag-lesy-pralesy","tag-oceany","tag-plast-je-past","p4-page-type-tiskova-zprava"],"_links":{"self":[{"href":"https:\/\/www.greenpeace.org\/czech\/wp-json\/wp\/v2\/posts\/17813","targetHints":{"allow":["GET"]}}],"collection":[{"href":"https:\/\/www.greenpeace.org\/czech\/wp-json\/wp\/v2\/posts"}],"about":[{"href":"https:\/\/www.greenpeace.org\/czech\/wp-json\/wp\/v2\/types\/post"}],"author":[{"embeddable":true,"href":"https:\/\/www.greenpeace.org\/czech\/wp-json\/wp\/v2\/users\/27"}],"replies":[{"embeddable":true,"href":"https:\/\/www.greenpeace.org\/czech\/wp-json\/wp\/v2\/comments?post=17813"}],"version-history":[{"count":1,"href":"https:\/\/www.greenpeace.org\/czech\/wp-json\/wp\/v2\/posts\/17813\/revisions"}],"predecessor-version":[{"id":17814,"href":"https:\/\/www.greenpeace.org\/czech\/wp-json\/wp\/v2\/posts\/17813\/revisions\/17814"}],"wp:featuredmedia":[{"embeddable":true,"href":"https:\/\/www.greenpeace.org\/czech\/wp-json\/wp\/v2\/media\/15270"}],"wp:attachment":[{"href":"https:\/\/www.greenpeace.org\/czech\/wp-json\/wp\/v2\/media?parent=17813"}],"wp:term":[{"taxonomy":"category","embeddable":true,"href":"https:\/\/www.greenpeace.org\/czech\/wp-json\/wp\/v2\/categories?post=17813"},{"taxonomy":"post_tag","embeddable":true,"href":"https:\/\/www.greenpeace.org\/czech\/wp-json\/wp\/v2\/tags?post=17813"},{"taxonomy":"p4-page-type","embeddable":true,"href":"https:\/\/www.greenpeace.org\/czech\/wp-json\/wp\/v2\/p4-page-type?post=17813"}],"curies":[{"name":"wp","href":"https:\/\/api.w.org\/{rel}","templated":true}]}}