{"id":17825,"date":"2022-11-04T10:42:16","date_gmt":"2022-11-04T09:42:16","guid":{"rendered":"https:\/\/www.greenpeace.org\/czech\/?p=17825"},"modified":"2022-11-04T10:42:19","modified_gmt":"2022-11-04T09:42:19","slug":"aktiviste-a-aktivistky-greenpeace-protestuji-proti-niceni-pralesu-a-blokuji-lod-vezouci-papirove-role","status":"publish","type":"post","link":"https:\/\/www.greenpeace.org\/czech\/tiskova-zprava\/17825\/aktiviste-a-aktivistky-greenpeace-protestuji-proti-niceni-pralesu-a-blokuji-lod-vezouci-papirove-role\/","title":{"rendered":"Aktivist\u00e9 a aktivistky Greenpeace protestuj\u00ed proti ni\u010den\u00ed prales\u016f a blokuj\u00ed lo\u010f vezouc\u00ed pap\u00edrov\u00e9 role"},"content":{"rendered":"\n<p>Aktivist\u00e9 a aktivistky ze sedmi zem\u00ed Evropy v\u010detn\u011b \u010ceska\u00a0 zablokovali v n\u011bmeck\u00e9m p\u0159\u00edstavu L\u00fcbeck v\u00fdkl\u00e1dku celul\u00f3zy a pap\u00edru. P\u0159i protestu vyz\u00fdvaj\u00ed k ochran\u011b posledn\u00edch evropsk\u00fdch prales\u016f. T\u0159iat\u0159icet aktivist\u016f a aktivistek, kte\u0159\u00ed se p\u0159ihl\u00e1sili jako dobrovoln\u00edci Greenpeace N\u011bmecko, vyv\u011bsilo na z\u00e1di kontejnerov\u00e9 lodi Thuleland ob\u0159\u00ed transparent s n\u00e1pisem &#8222;Evrop\u0161t\u00ed minist\u0159i, chra\u0148te na\u0161e lesy&#8220;. Zastavili tak vykl\u00e1dku pap\u00edrov\u00fdch rol\u00ed.<\/p>\n\n<figure class=\"wp-block-image size-full\"><img loading=\"lazy\" decoding=\"async\" width=\"800\" height=\"600\" src=\"https:\/\/www.greenpeace.org\/static\/planet4-czech-republic-stateless\/2022\/11\/b43969bf-gp1t3c21_web_size.jpg\" alt=\"\" class=\"wp-image-17826\" srcset=\"https:\/\/www.greenpeace.org\/static\/planet4-czech-republic-stateless\/2022\/11\/b43969bf-gp1t3c21_web_size.jpg 800w, https:\/\/www.greenpeace.org\/static\/planet4-czech-republic-stateless\/2022\/11\/b43969bf-gp1t3c21_web_size-300x225.jpg 300w, https:\/\/www.greenpeace.org\/static\/planet4-czech-republic-stateless\/2022\/11\/b43969bf-gp1t3c21_web_size-768x576.jpg 768w, https:\/\/www.greenpeace.org\/static\/planet4-czech-republic-stateless\/2022\/11\/b43969bf-gp1t3c21_web_size-453x340.jpg 453w\" sizes=\"auto, (max-width: 800px) 100vw, 800px\" \/><figcaption>Des\u00edtky aktivist\u016f a aktivistek blokuj\u00ed lo\u010f s pap\u00edrem. (c) Greenpeace<\/figcaption><\/figure>\n\n<p>Aktivist\u00e9 a aktivistky Greenpeace vyz\u00fdvaj\u00ed evropsk\u00e9 ministry, aby se p\u0159ipojili k Evropsk\u00e9mu parlamentu a podpo\u0159ili nov\u00fd z\u00e1kon EU, kter\u00fd by vy\u017eadoval, aby spole\u010dnosti prod\u00e1vaj\u00edc\u00ed v\u00fdrobky, jako je pap\u00edr a lepenka, p\u0159esn\u011b v\u011bd\u011bly, odkud poch\u00e1z\u00ed d\u0159evo, kter\u00e9 bylo pou\u017eito, a aby prok\u00e1zaly, \u017ee ani v dodavatelsk\u00e9m \u0159et\u011bzci nedoch\u00e1zelo k ni\u010den\u00ed p\u0159\u00edrody. Z\u00e1kon se t\u00fdk\u00e1 i dal\u0161\u00edch komodit jako je s\u00f3ja, palmov\u00fd olej, kakao, hov\u011bz\u00ed maso \u010di k\u00e1va.<\/p>\n\n<p>N\u00e1kladn\u00ed lo\u010f Thuleland pravideln\u011b dod\u00e1v\u00e1 pap\u00edrov\u00e9 v\u00fdrobky, kter\u00e9 b\u00fdvaj\u00ed spojeny s k\u00e1cen\u00edm ekologicky cenn\u00fdch les\u016f. To ukazuje na nal\u00e9havou pot\u0159ebu p\u0159\u00edsn\u00fdch pr\u00e1vn\u00edch p\u0159edpis\u016f, kter\u00e9 by zabr\u00e1nily prodeji v\u00fdrobk\u016f spojen\u00fdch s odles\u0148ov\u00e1n\u00edm a znehodnocov\u00e1n\u00edm les\u016f v Evrop\u011b i mimo ni na vnit\u0159n\u00edm trhu EU. Dal\u0161\u00ed kolo <a href=\"https:\/\/www.greenpeace.org\/czech\/clanek\/17783\/o-podobe-noveho-zakona-na-ochranu-svetovych-lesu-se-rozhoduje-prave-ted\/\">trialogu &#8211; tedy jedn\u00e1n\u00ed o nov\u00e9m z\u00e1konu<\/a> EU proti odles\u0148ov\u00e1n\u00ed mezi \u010dlensk\u00fdmi st\u00e1ty EU, Evropsk\u00fdm parlamentem a Evropskou komis\u00ed by se m\u011blo uskute\u010dnit 9. listopadu.<\/p>\n\n<p>Evropsk\u00fd parlament po\u017eaduje d\u016fkladn\u011bj\u0161\u00ed definice odles\u0148ov\u00e1n\u00ed a degradace les\u016f, kter\u00e9 zajist\u00ed v\u011bt\u0161\u00ed ochranu les\u016f p\u0159ed zem\u011bd\u011blskou expanz\u00ed a destruktivn\u00edmi postupy t\u011b\u017eby d\u0159eva. Naopak n\u011bkter\u00e9 \u010dlensk\u00e9 st\u00e1ty se cht\u011bj\u00ed m\u011bk\u010d\u00ed definice, ktere nap\u0159\u00edklad omez\u00ed p\u016fsobnost z\u00e1kona jen na mal\u00e9 procento evropsk\u00fdch les\u016f.<\/p>\n\n<p><strong>Jan Freidinger z Greenpeace \u010cesk\u00e1 republika, kter\u00fd se \u00fa\u010dastn\u00ed protestu, \u0159\u00edk\u00e1:\u00a0<\/strong><br><em>\u201c\u010cesko reprezentuje p\u0159i jedn\u00e1n\u00edch s Evropsk\u00fdm parlamentem a Komis\u00ed o v\u00fdsledn\u00e9 podob\u011b z\u00e1kona proti odles\u0148ov\u00e1n\u00ed v\u0161echny \u010dlensk\u00e9 st\u00e1ty. \u010cesk\u00e9 p\u0159edsednictv\u00ed m\u00e1 tak jedine\u010dnou \u0161anci\u00a0 zapsat se do historie ochrany p\u0159\u00edrody a pomoci zajistit, \u017ee se pralesy p\u0159estanou prom\u011b\u0148ovat\u00a0 v role pap\u00edru, pastviny pro dobytek a plant\u00e1\u017ee s\u00f3ji nebo palmy olejn\u00e9.\u201d<\/em><\/p>\n","protected":false},"excerpt":{"rendered":"<p>Aktivist\u00e9 a aktivistky ze sedmi zem\u00ed Evropy v\u010detn\u011b \u010ceska\u00a0 zablokovali v n\u011bmeck\u00e9m p\u0159\u00edstavu L\u00fcbeck v\u00fdkl\u00e1dku celul\u00f3zy a pap\u00edru. <\/p>\n","protected":false},"author":27,"featured_media":17826,"comment_status":"open","ping_status":"closed","sticky":false,"template":"","format":"standard","meta":{"ep_exclude_from_search":false,"p4_og_title":"","p4_og_description":"","p4_og_image":"","p4_og_image_id":"","p4_seo_canonical_url":"","p4_campaign_name":"not set","p4_local_project":"not set","p4_basket_name":"not set","p4_department":"","footnotes":""},"categories":[2],"tags":[17],"p4-page-type":[14],"class_list":["post-17825","post","type-post","status-publish","format-standard","has-post-thumbnail","hentry","category-priroda","tag-lesy-pralesy","p4-page-type-tiskova-zprava"],"_links":{"self":[{"href":"https:\/\/www.greenpeace.org\/czech\/wp-json\/wp\/v2\/posts\/17825","targetHints":{"allow":["GET"]}}],"collection":[{"href":"https:\/\/www.greenpeace.org\/czech\/wp-json\/wp\/v2\/posts"}],"about":[{"href":"https:\/\/www.greenpeace.org\/czech\/wp-json\/wp\/v2\/types\/post"}],"author":[{"embeddable":true,"href":"https:\/\/www.greenpeace.org\/czech\/wp-json\/wp\/v2\/users\/27"}],"replies":[{"embeddable":true,"href":"https:\/\/www.greenpeace.org\/czech\/wp-json\/wp\/v2\/comments?post=17825"}],"version-history":[{"count":1,"href":"https:\/\/www.greenpeace.org\/czech\/wp-json\/wp\/v2\/posts\/17825\/revisions"}],"predecessor-version":[{"id":17827,"href":"https:\/\/www.greenpeace.org\/czech\/wp-json\/wp\/v2\/posts\/17825\/revisions\/17827"}],"wp:featuredmedia":[{"embeddable":true,"href":"https:\/\/www.greenpeace.org\/czech\/wp-json\/wp\/v2\/media\/17826"}],"wp:attachment":[{"href":"https:\/\/www.greenpeace.org\/czech\/wp-json\/wp\/v2\/media?parent=17825"}],"wp:term":[{"taxonomy":"category","embeddable":true,"href":"https:\/\/www.greenpeace.org\/czech\/wp-json\/wp\/v2\/categories?post=17825"},{"taxonomy":"post_tag","embeddable":true,"href":"https:\/\/www.greenpeace.org\/czech\/wp-json\/wp\/v2\/tags?post=17825"},{"taxonomy":"p4-page-type","embeddable":true,"href":"https:\/\/www.greenpeace.org\/czech\/wp-json\/wp\/v2\/p4-page-type?post=17825"}],"curies":[{"name":"wp","href":"https:\/\/api.w.org\/{rel}","templated":true}]}}