{"id":17913,"date":"2022-11-23T09:52:27","date_gmt":"2022-11-23T08:52:27","guid":{"rendered":"https:\/\/www.greenpeace.org\/czech\/?p=17913"},"modified":"2022-12-01T16:29:42","modified_gmt":"2022-12-01T15:29:42","slug":"odborna-konference-z-krize-nam-pomohou-uspory-obnovitelne-zdroje-a-vetsi-spoluprace-v-evrope","status":"publish","type":"post","link":"https:\/\/www.greenpeace.org\/czech\/tiskova-zprava\/17913\/odborna-konference-z-krize-nam-pomohou-uspory-obnovitelne-zdroje-a-vetsi-spoluprace-v-evrope\/","title":{"rendered":"Odborn\u00e1 konference: Z krize n\u00e1m pomohou \u00faspory, obnoviteln\u00e9 zdroje a v\u011bt\u0161\u00ed spolupr\u00e1ce v Evrop\u011b"},"content":{"rendered":"\n<p>Sou\u010dasn\u00e1 energetick\u00e1 krize m\u00e1 evropsk\u00e9, nikoliv n\u00e1rodn\u00ed \u0159e\u0161en\u00ed, shodli se experti z \u0159ady instituc\u00ed a organizac\u00ed, kte\u0159\u00ed v\u010dera odpoledne vystoupili v Sen\u00e1tu na konferenci&nbsp;<em>Udr\u017eiteln\u011b a dostupn\u011b: energetick\u00e1 bezpe\u010dnost v \u010dase transformace<\/em>. Od \u0159e\u010dn\u00edk\u016f opakovan\u011b zazn\u00edvalo, \u017ee Evropa si mus\u00ed v energetice v\u00edce pom\u00e1hat a v\u00edce sv\u00e9 snahy koordinovat, a to nejen p\u0159i zaji\u0161\u0165ov\u00e1n\u00ed dod\u00e1vek plynu v n\u00e1sleduj\u00edc\u00ed topn\u00e9 sez\u00f3n\u011b, ale i p\u0159i p\u0159echodu na bezemisn\u00ed energetiku.&nbsp;<\/p>\n\n<figure class=\"wp-block-image size-large\"><img loading=\"lazy\" decoding=\"async\" width=\"1024\" height=\"683\" src=\"https:\/\/www.greenpeace.org\/static\/planet4-czech-republic-stateless\/2022\/11\/45535d26-fw9b0921-1024x683.jpg\" alt=\"\" class=\"wp-image-17914\" srcset=\"https:\/\/www.greenpeace.org\/static\/planet4-czech-republic-stateless\/2022\/11\/45535d26-fw9b0921-1024x683.jpg 1024w, https:\/\/www.greenpeace.org\/static\/planet4-czech-republic-stateless\/2022\/11\/45535d26-fw9b0921-300x200.jpg 300w, https:\/\/www.greenpeace.org\/static\/planet4-czech-republic-stateless\/2022\/11\/45535d26-fw9b0921-768x512.jpg 768w, https:\/\/www.greenpeace.org\/static\/planet4-czech-republic-stateless\/2022\/11\/45535d26-fw9b0921-1536x1024.jpg 1536w, https:\/\/www.greenpeace.org\/static\/planet4-czech-republic-stateless\/2022\/11\/45535d26-fw9b0921-510x340.jpg 510w, https:\/\/www.greenpeace.org\/static\/planet4-czech-republic-stateless\/2022\/11\/45535d26-fw9b0921.jpg 2048w\" sizes=\"auto, (max-width: 1024px) 100vw, 1024px\" \/><figcaption class=\"wp-element-caption\">Hana Konr\u00e1dov\u00e1 z MPO, Jan Rovensk\u00fd z Greenpeace a \u0160t\u011bp\u00e1n Vizi z CDE na konferenci o energetice. (c) Greenpeace &#8211; Jakub \u0160ed\u00fd<\/figcaption><\/figure>\n\n<p>Panovala tak\u00e9 shoda, \u017ee p\u0159i \u0159e\u0161en\u00ed krize budou hr\u00e1t kl\u00ed\u010dovou roli energetick\u00e9 \u00faspory, zateplov\u00e1n\u00ed a obnoviteln\u00e9 zdroje energie a \u017ee je d\u016fle\u017eit\u00e9 tak\u00e9 \u0159e\u0161it energetickou chudobu, kterou zhor\u0161uj\u00ed sou\u010dasn\u00e9 vysok\u00e9 ceny energi\u00ed. \u010cesk\u00e1 republika podle \u00fa\u010dastn\u00edk\u016f zoufale pot\u0159ebuje novou aktu\u00e1ln\u00ed energetickou koncepci, kter\u00e1 by tyto trendy zohled\u0148ovala.<\/p>\n\n<p>Konferenci po\u0159\u00e1daly ekologick\u00e9 organizace spolu s projektem Fakta o klimatu a ve spolupr\u00e1ci s V\u00fdborem pro \u00fazemn\u00ed rozvoj, ve\u0159ejnou spr\u00e1vu a \u017eivotn\u00ed prost\u0159ed\u00ed Sen\u00e1tu \u010cR. Svou z\u00e1\u0161titou ji podpo\u0159ila m\u00edstop\u0159edsedkyn\u011b Sen\u00e1tu Jitka Seitlov\u00e1. \u00da\u010dastn\u00edci vystoupili ve dvou programov\u00fdch bloc\u00edch, kter\u00e9 byly zam\u011b\u0159en\u00e9 na dopady, \u0159e\u0161en\u00ed a budoucnost \u010desk\u00e9 i evropsk\u00e9 energetiky v \u0161ir\u0161\u00edm kontextu sou\u010dasn\u00e9 energetick\u00e9 krize.&nbsp;<\/p>\n\n<p>Vedle m\u00edstop\u0159edsedkyn\u011b Sen\u00e1tu Jitky Seitlov\u00e9 a sen\u00e1tora Zby\u0148ka Linharta na akci vystoupili Aleksandra Tomczak &#8211;&nbsp;\u010dlenka kabinetu m\u00edstop\u0159edsedy Evropsk\u00e9 komise&nbsp;Franse Timmermanse, \u0159editelka odboru elektroenergetiky a tepl\u00e1renstv\u00ed&nbsp;na Ministerstvu pr\u016fmyslu a obchodu Hana Konr\u00e1dov\u00e1, analytik Jan Klus\u00e1\u010dek z Platformy pro soci\u00e1ln\u00ed bydlen\u00ed, v\u00fdzkumn\u00edk Martin Jiru\u0161ek z Masarykovy univerzity, analytik Chris Rosslowe z think tanku Ember, \u010dlen p\u0159edstavenstva spole\u010dnosti \u010cEPS Pavel \u0160olc, b\u00fdval\u00fd ministr \u017eivotn\u00edho prost\u0159ed\u00ed a expert Komory OZE Martin Burs\u00edk, analytik Jan Rovensk\u00fd z Greenpeace \u010cR, vedouc\u00ed energetick\u00e9ho programu Hnut\u00ed DUHA Ji\u0159\u00ed Ko\u017eelouh a pr\u00e1vni\u010dka Eli\u0161ka Beranov\u00e1 z organizace Frank Bold.<\/p>\n\n<p><strong>Miriam Macurov\u00e1 z Greenpeace \u010cR \u0159\u00edk\u00e1:&nbsp;<\/strong><br><em>\u201cKonference se kon\u00e1 v dob\u011b, kdy EU, ale i cel\u00fd sv\u011bt \u010del\u00ed energetick\u00e9 krizi, kter\u00e1 je p\u0159\u00edm\u00fdm d\u016fsledkem rusk\u00e9 agrese v Ukrajin\u011b. Energetick\u00e1 krize \u00fazce souvis\u00ed s kriz\u00ed klimatickou, jej\u00ed\u017e \u0159e\u0161en\u00ed je tak\u00e9 urgentn\u00ed. C\u00edlem t\u00e9to konference proto bylo poskytnout prostor pro diskusi, kter\u00e1 p\u0159isp\u011bje k \u0159e\u0161en\u00ed energetick\u00e9 i klimatick\u00e9 krize. Tato \u0159e\u0161en\u00ed nav\u00edc v sou\u010dasn\u00e9 dob\u011b ji\u017e existuj\u00ed, jen jim pot\u0159ebujeme d\u00e1t dostate\u010dn\u00fd prostor.&nbsp;P\u0159\u00edle\u017eitost\u00ed pro dos\u00e1hnut\u00ed tohoto c\u00edle je na evropsk\u00e9 \u00farovni pr\u00e1v\u011b projedn\u00e1van\u00e1 klimaticko-energetick\u00e1 legislativa v r\u00e1mci bal\u00ed\u010dku Fit for 55 a REPower EU. Pro dos\u00e1hnut\u00ed energetick\u00e9 transformace slu\u010diteln\u00e9 s Pa\u0159\u00ed\u017eskou klimatickou dohodou bude nevyhnuteln\u00e1 spolupr\u00e1ce a solidarita mezi evropsk\u00fdmi st\u00e1ty, podpora energetick\u00fdch \u00faspor a v\u011bt\u0161\u00ed rozvoj obnoviteln\u00fdch zdroj\u016f.\u201d<\/em><\/p>\n\n<p><strong>\u0160t\u011bp\u00e1n Vizi z Centra pro dopravu a energetiku \u0159\u00edk\u00e1:<\/strong><br><em>\u201cZ vystoupen\u00ed \u0161irok\u00e9ho spektra expert\u016f jasn\u011b vypl\u00fdv\u00e1, \u017ee energetick\u00e1 transformace zalo\u017een\u00e1 na \u00faspor\u00e1ch energie, zvy\u0161ov\u00e1n\u00ed energetick\u00e9 efektivity a urychlen\u00e9 v\u00fdstavb\u011b obnoviteln\u00fdch zdroj\u016f je cestou nejen ke spln\u011bn\u00ed klimatick\u00fdch c\u00edl\u016f, ale tak\u00e9 k zaji\u0161t\u011bn\u00ed spolehliv\u011bj\u0161\u00edch a cenov\u011b dostupn\u011bj\u0161\u00edch dod\u00e1vek energie v Evrop\u011b. Dlouhodob\u011b ne\u0159e\u0161en\u00e1 z\u00e1vislost na dovozu fosiln\u00edch paliv naopak p\u0159isp\u011bla k prohlouben\u00ed sou\u010dasn\u00e9 energetick\u00e9 krize. Je proto z\u00e1sadn\u00ed, aby na principech energetick\u00e9 transformace stav\u011bla svou strategii i \u010cesk\u00e1 republika. Tu v p\u0159\u00ed\u0161t\u00edm roce \u010dek\u00e1 aktualizace kl\u00ed\u010dov\u00fdch strategick\u00fdch dokument\u016f, jejich\u017e platn\u00e9 zn\u011bn\u00ed v\u016fbec neodpov\u00edd\u00e1 sou\u010dasn\u00e9 situaci.\u201d<\/em><\/p>\n\n<p><strong>Ji\u0159\u00ed Ko\u017eelouh z Hnut\u00ed DUHA \u0159\u00edk\u00e1:<\/strong><br><em>\u201cJednou z p\u0159\u00ed\u010din, pro\u010d se u n\u00e1s rozr\u016fst\u00e1 energetick\u00e1 chudoba, je dlouhodob\u011b ne\u0159e\u0161en\u00e1 z\u00e1vislost na fosiln\u00edch palivech a vysok\u00e1 energetick\u00e1 n\u00e1ro\u010dnost bydlen\u00ed, zejm\u00e9na lid\u00ed s ni\u017e\u0161\u00edmi p\u0159\u00edjmy. Aby se to zm\u011bnilo, tak st\u00e1t mus\u00ed c\u00edlen\u011b chr\u00e1nit zraniteln\u00e9 dom\u00e1cnosti, zp\u0159\u00edstupnit programy na podporu zateplov\u00e1n\u00ed a samov\u00fdroby elekt\u0159iny i lidem s n\u00edzk\u00fdmi p\u0159\u00edjmy, umo\u017enit sd\u00edlen\u00ed levn\u00e9 lok\u00e1ln\u00ed energie v r\u00e1mci energetick\u00fdch spole\u010denstv\u00ed a celkov\u011b p\u0159enastavit energetickou koncepci z uhl\u00ed a plynu na obnoviteln\u00e9 zdroje, \u00faspory a akumulaci energie. Z hlediska financov\u00e1n\u00ed pomoci a transformace m\u00e1me nyn\u00ed jedine\u010dnou p\u0159\u00edle\u017eitost d\u00edky evropsk\u00fdm fond\u016fm, Moderniza\u010dn\u00ed fondu \u010di N\u00e1rodn\u00edmu pl\u00e1nu obnovy.\u201d<\/em><\/p>\n","protected":false},"excerpt":{"rendered":"<p>Praha &#8211; 23. listopadu 2022:\u00a0Sou\u010dasn\u00e1 energetick\u00e1 krize m\u00e1 evropsk\u00e9, nikoliv n\u00e1rodn\u00ed \u0159e\u0161en\u00ed, shodli se experti z \u0159ady instituc\u00ed a organizac\u00ed, kte\u0159\u00ed v\u010dera odpoledne vystoupili v Sen\u00e1tu na konferenci\u00a0Udr\u017eiteln\u011b a dostupn\u011b:&hellip;<\/p>\n","protected":false},"author":74,"featured_media":17914,"comment_status":"open","ping_status":"closed","sticky":false,"template":"","format":"standard","meta":{"ep_exclude_from_search":false,"p4_og_title":"","p4_og_description":"","p4_og_image":"","p4_og_image_id":"","p4_seo_canonical_url":"","p4_campaign_name":"not set","p4_local_project":"not set","p4_basket_name":"not set","p4_department":"","footnotes":""},"categories":[4],"tags":[25,26,20],"p4-page-type":[14],"class_list":["post-17913","post","type-post","status-publish","format-standard","has-post-thumbnail","hentry","category-energeticka-revoluce","tag-konec-doby-fosilni","tag-obnovitelne-zdroje","tag-zmena-klimatu","p4-page-type-tiskova-zprava"],"_links":{"self":[{"href":"https:\/\/www.greenpeace.org\/czech\/wp-json\/wp\/v2\/posts\/17913","targetHints":{"allow":["GET"]}}],"collection":[{"href":"https:\/\/www.greenpeace.org\/czech\/wp-json\/wp\/v2\/posts"}],"about":[{"href":"https:\/\/www.greenpeace.org\/czech\/wp-json\/wp\/v2\/types\/post"}],"author":[{"embeddable":true,"href":"https:\/\/www.greenpeace.org\/czech\/wp-json\/wp\/v2\/users\/74"}],"replies":[{"embeddable":true,"href":"https:\/\/www.greenpeace.org\/czech\/wp-json\/wp\/v2\/comments?post=17913"}],"version-history":[{"count":5,"href":"https:\/\/www.greenpeace.org\/czech\/wp-json\/wp\/v2\/posts\/17913\/revisions"}],"predecessor-version":[{"id":17970,"href":"https:\/\/www.greenpeace.org\/czech\/wp-json\/wp\/v2\/posts\/17913\/revisions\/17970"}],"wp:featuredmedia":[{"embeddable":true,"href":"https:\/\/www.greenpeace.org\/czech\/wp-json\/wp\/v2\/media\/17914"}],"wp:attachment":[{"href":"https:\/\/www.greenpeace.org\/czech\/wp-json\/wp\/v2\/media?parent=17913"}],"wp:term":[{"taxonomy":"category","embeddable":true,"href":"https:\/\/www.greenpeace.org\/czech\/wp-json\/wp\/v2\/categories?post=17913"},{"taxonomy":"post_tag","embeddable":true,"href":"https:\/\/www.greenpeace.org\/czech\/wp-json\/wp\/v2\/tags?post=17913"},{"taxonomy":"p4-page-type","embeddable":true,"href":"https:\/\/www.greenpeace.org\/czech\/wp-json\/wp\/v2\/p4-page-type?post=17913"}],"curies":[{"name":"wp","href":"https:\/\/api.w.org\/{rel}","templated":true}]}}