{"id":17955,"date":"2022-12-13T12:06:09","date_gmt":"2022-12-13T11:06:09","guid":{"rendered":"https:\/\/www.greenpeace.org\/czech\/?p=17955"},"modified":"2022-12-14T10:29:38","modified_gmt":"2022-12-14T09:29:38","slug":"nasi-darci-zdvojnasobi-kazdy-tvuj-dar","status":"publish","type":"post","link":"https:\/\/www.greenpeace.org\/czech\/clanek\/17955\/nasi-darci-zdvojnasobi-kazdy-tvuj-dar\/","title":{"rendered":"Na\u0161i d\u00e1rci zdvojn\u00e1sob\u00ed ka\u017ed\u00fd tv\u016fj dar!"},"content":{"rendered":"\n<p>Je tu obdob\u00ed \u0161t\u011bdrosti a v t\u011bchto dnech tv\u016fj dar pom\u016f\u017ee hned dvakr\u00e1t. I letos se n\u011bkolik na\u0161ich d\u00e1rc\u016f a d\u00e1rky\u0148 rozhodlo zdvojovat v\u0161echny dary na ochranu p\u0159\u00edrody, a to a\u017e do celkov\u00e9 v\u00fd\u0161e 350 000 korun!<\/p>\n\n<div class=\"wp-block-buttons is-content-justification-center is-layout-flex wp-container-core-buttons-is-layout-16018d1d wp-block-buttons-is-layout-flex\">\n<div class=\"wp-block-button is-style-cta\"><a class=\"wp-block-button__link wp-element-button\" href=\"https:\/\/www.vyzvaproprirodu.cz\/daruj-dvakrat\/\">Ano, chci pomoci<\/a><\/div>\n<\/div>\n\n<p><strong>V\u00ddZVA PRO P\u0158\u00cdRODU<\/strong> je p\u0159edvoj na\u0161\u00ed nov\u00e9 kampan\u011b za ochranu biodiverzity, kter\u00e1 se bude zam\u011b\u0159ovat i na v\u00fdznamn\u00e9 lokality v \u010cesku. <strong>Hlavn\u00edm c\u00edlem je do roku 2030 chr\u00e1nit 30 % pevniny i vodn\u00edch ploch.<\/strong><\/p>\n\n<figure class=\"wp-block-image size-full\"><img loading=\"lazy\" decoding=\"async\" width=\"800\" height=\"600\" src=\"https:\/\/www.greenpeace.org\/static\/planet4-czech-republic-stateless\/2022\/12\/62649dcc-p4-clanek-800.jpg\" alt=\"\" class=\"wp-image-17958\" srcset=\"https:\/\/www.greenpeace.org\/static\/planet4-czech-republic-stateless\/2022\/12\/62649dcc-p4-clanek-800.jpg 800w, https:\/\/www.greenpeace.org\/static\/planet4-czech-republic-stateless\/2022\/12\/62649dcc-p4-clanek-800-300x225.jpg 300w, https:\/\/www.greenpeace.org\/static\/planet4-czech-republic-stateless\/2022\/12\/62649dcc-p4-clanek-800-768x576.jpg 768w, https:\/\/www.greenpeace.org\/static\/planet4-czech-republic-stateless\/2022\/12\/62649dcc-p4-clanek-800-453x340.jpg 453w\" sizes=\"auto, (max-width: 800px) 100vw, 800px\" \/><\/figure>\n\n<p>Mo\u017en\u00e1 se to zd\u00e1 ambici\u00f3zn\u00ed, ale ji\u017e za 7 dn\u00ed bude sv\u011btov\u00e9 spole\u010denstv\u00ed jednat na konferenci COP15 o tom, jak bude vypadat ochrana biodiverzity dal\u0161\u00edch 10 let. V b\u0159eznu 2023 se pak rozhodne po n\u011bkolika odkladech na p\u016fd\u011b OSN o vytvo\u0159en\u00ed oce\u00e1nsk\u00fdch rezervac\u00ed na plo\u0161e 30% sv\u011btov\u00fdch oce\u00e1n\u016f. Pokud v\u0161e dopadne dob\u0159e, na\u0161e kampa\u0148 se zam\u011b\u0159\u00ed na co nejrychlej\u0161\u00ed uveden\u00ed nov\u00fdch na\u0159\u00edzen\u00ed a z\u00e1vazk\u016f do praxe na n\u00e1rodn\u00edch \u00farovn\u00edch.<\/p>\n\n<p><strong>A co v nov\u00e9 kampani budeme d\u011blat?<\/strong> Zam\u011b\u0159\u00edme se na nekal\u00e9 praktiky firem v \u010cesku, budeme po\u0159\u00e1dat happeningy nebo demonstrace, budeme zapojovat a informovat ve\u0159ejnost, vyd\u00e1me novou studii ohledn\u011b ni\u010den\u00ed biodiverzity v \u010cR, budeme vyjedn\u00e1vat s politiky a pokus\u00edme se z\u00edskat alespo\u0148 100 000 podpis\u016f pod na\u0161i v\u00fdzvu.<\/p>\n\n<p>P\u016fjde o velmi n\u00e1kladnou a dlouholetou kampa\u0148 a bez tv\u00e9 podpory to nezvl\u00e1dneme. Proto jsme op\u011bt spojili s\u00edly s na\u0161imi \u0161t\u011bdr\u00fdmi d\u00e1rci, d\u00e1rkyn\u011bmi a zn\u00e1m\u00fdmi osobnostmi, kte\u0159\u00ed zdvojn\u00e1sob\u00ed ka\u017ed\u00fd dar. Funguje to tak, \u017ee <strong>ke ka\u017ed\u00e9mu daru t\u0159eba 500 korun, na\u0161i ambasado\u0159i p\u0159isp\u011bj\u00ed tak\u00e9 500 korun, a t\u00edm se dar zdvojn\u00e1sob\u00ed.<\/strong><\/p>\n\n<figure class=\"wp-block-image size-full\"><img loading=\"lazy\" decoding=\"async\" width=\"800\" height=\"600\" src=\"https:\/\/www.greenpeace.org\/static\/planet4-czech-republic-stateless\/2022\/12\/502c913a-p4-clanek-.jpg\" alt=\"\" class=\"wp-image-17957\" srcset=\"https:\/\/www.greenpeace.org\/static\/planet4-czech-republic-stateless\/2022\/12\/502c913a-p4-clanek-.jpg 800w, https:\/\/www.greenpeace.org\/static\/planet4-czech-republic-stateless\/2022\/12\/502c913a-p4-clanek--300x225.jpg 300w, https:\/\/www.greenpeace.org\/static\/planet4-czech-republic-stateless\/2022\/12\/502c913a-p4-clanek--768x576.jpg 768w, https:\/\/www.greenpeace.org\/static\/planet4-czech-republic-stateless\/2022\/12\/502c913a-p4-clanek--453x340.jpg 453w\" sizes=\"auto, (max-width: 800px) 100vw, 800px\" \/><\/figure>\n\n<p>Dostatek financ\u00ed n\u00e1m umo\u017en\u00ed postavit atraktivn\u00ed a \u00fa\u010dinnou kampa\u0148. Spole\u010dn\u011b tak m\u016f\u017eeme zachr\u00e1nit nejen ty nejzn\u00e1m\u011bj\u0161\u00ed ohro\u017een\u00e9 druhy jako jsou gorily, pandy, nebo \u017eelvy, ale m\u016f\u017eeme zachovat cel\u00e9 ekosyst\u00e9my, bez kter\u00fdch \u017eivot na Zemi nen\u00ed mo\u017en\u00fd.<\/p>\n\n<p><a href=\"https:\/\/www.vyzvaproprirodu.cz\/daruj-dvakrat\/\"><strong>Zdvojn\u00e1sobme spole\u010dn\u011b \u0161anci na z\u00e1chranu biodiverzity a podpo\u0159te, pros\u00edm, Greenpeace!<\/strong><\/a><\/p>\n","protected":false},"excerpt":{"rendered":"<p>Je tu obdob\u00ed \u0161t\u011bdrosti a v t\u011bchto dnech tv\u016fj dar pom\u016f\u017ee hned dvakr\u00e1t. I letos se n\u011bkolik na\u0161ich d\u00e1rc\u016f a d\u00e1rky\u0148 rozhodlo zdvojovat v\u0161echny dary na ochranu p\u0159\u00edrody, a to a\u017e do celkov\u00e9 v\u00fd\u0161e 350 000 korun!<\/p>\n","protected":false},"author":30,"featured_media":17956,"comment_status":"open","ping_status":"closed","sticky":false,"template":"","format":"standard","meta":{"ep_exclude_from_search":false,"p4_og_title":"","p4_og_description":"","p4_og_image":"","p4_og_image_id":"","p4_seo_canonical_url":"","p4_campaign_name":"not set","p4_local_project":"not set","p4_basket_name":"not set","p4_department":"","footnotes":""},"categories":[2],"tags":[17,18],"p4-page-type":[16],"class_list":["post-17955","post","type-post","status-publish","format-standard","has-post-thumbnail","hentry","category-priroda","tag-lesy-pralesy","tag-oceany","p4-page-type-clanek"],"_links":{"self":[{"href":"https:\/\/www.greenpeace.org\/czech\/wp-json\/wp\/v2\/posts\/17955","targetHints":{"allow":["GET"]}}],"collection":[{"href":"https:\/\/www.greenpeace.org\/czech\/wp-json\/wp\/v2\/posts"}],"about":[{"href":"https:\/\/www.greenpeace.org\/czech\/wp-json\/wp\/v2\/types\/post"}],"author":[{"embeddable":true,"href":"https:\/\/www.greenpeace.org\/czech\/wp-json\/wp\/v2\/users\/30"}],"replies":[{"embeddable":true,"href":"https:\/\/www.greenpeace.org\/czech\/wp-json\/wp\/v2\/comments?post=17955"}],"version-history":[{"count":6,"href":"https:\/\/www.greenpeace.org\/czech\/wp-json\/wp\/v2\/posts\/17955\/revisions"}],"predecessor-version":[{"id":17965,"href":"https:\/\/www.greenpeace.org\/czech\/wp-json\/wp\/v2\/posts\/17955\/revisions\/17965"}],"wp:featuredmedia":[{"embeddable":true,"href":"https:\/\/www.greenpeace.org\/czech\/wp-json\/wp\/v2\/media\/17956"}],"wp:attachment":[{"href":"https:\/\/www.greenpeace.org\/czech\/wp-json\/wp\/v2\/media?parent=17955"}],"wp:term":[{"taxonomy":"category","embeddable":true,"href":"https:\/\/www.greenpeace.org\/czech\/wp-json\/wp\/v2\/categories?post=17955"},{"taxonomy":"post_tag","embeddable":true,"href":"https:\/\/www.greenpeace.org\/czech\/wp-json\/wp\/v2\/tags?post=17955"},{"taxonomy":"p4-page-type","embeddable":true,"href":"https:\/\/www.greenpeace.org\/czech\/wp-json\/wp\/v2\/p4-page-type?post=17955"}],"curies":[{"name":"wp","href":"https:\/\/api.w.org\/{rel}","templated":true}]}}