{"id":18010,"date":"2022-12-06T15:27:42","date_gmt":"2022-12-06T14:27:42","guid":{"rendered":"https:\/\/www.greenpeace.org\/czech\/?p=18010"},"modified":"2022-12-06T15:27:44","modified_gmt":"2022-12-06T14:27:44","slug":"evropa-schvalila-zakon-proti-odlesnovani-omezi-kaceni-kvuli-produkci-soji-palmoveho-oleje-a-dalsich-komodit","status":"publish","type":"post","link":"https:\/\/www.greenpeace.org\/czech\/tiskova-zprava\/18010\/evropa-schvalila-zakon-proti-odlesnovani-omezi-kaceni-kvuli-produkci-soji-palmoveho-oleje-a-dalsich-komodit\/","title":{"rendered":"Evropa schv\u00e1lila z\u00e1kon proti odles\u0148ov\u00e1n\u00ed. Omez\u00ed k\u00e1cen\u00ed kv\u016fli produkci s\u00f3ji, palmov\u00e9ho oleje a dal\u0161\u00edch komodit"},"content":{"rendered":"\n<p>Evropsk\u00fd parlament a st\u00e1ty Evropsk\u00e9 unie se dnes r\u00e1no dohodly na kone\u010dn\u00e9m zn\u011bn\u00ed Na\u0159\u00edzen\u00ed proti odles\u0148ov\u00e1n\u00ed. Evropsk\u00e9 firmy budou d\u00edky n\u011bmu muset prok\u00e1zat, \u017ee jejich v\u00fdrobky nep\u0159isp\u00edvaj\u00ed k odles\u0148ov\u00e1n\u00ed, pokud je cht\u011bj\u00ed prod\u00e1vat na spole\u010dn\u00e9m trhu. Konkr\u00e9tn\u011b budou m\u00edt povinnost sledovat sv\u016fj dodavatelsk\u00fd \u0159et\u011bzec a\u017e k oblastem, kde byly sklizeny plodiny, kter\u00e9 pou\u017e\u00edvaj\u00ed. Pokud byl kv\u016fli plant\u00e1\u017e\u00edm vyk\u00e1cen vz\u00e1cn\u00fd les \u010di prales, budou firm\u00e1m budou hrozit pokuty. Ekologick\u00e9 organizace z\u00e1kon v\u00edtaj\u00ed, ale z\u00e1rove\u0148 varuj\u00ed, \u017ee z\u00e1kon sice bude chr\u00e1nit lesy, ale ochrana lidsk\u00fdch pr\u00e1v p\u016fvodn\u00edch obyvatel je st\u00e1le slab\u00e1 a na jin\u00e9 ekosyst\u00e9my, jako jsou savany a ra\u0161elini\u0161t\u011b, se zatim nevztahuje.\u00a0<\/p>\n\n<figure class=\"wp-block-image size-large\"><img loading=\"lazy\" decoding=\"async\" width=\"1024\" height=\"683\" src=\"https:\/\/www.greenpeace.org\/static\/planet4-czech-republic-stateless\/2022\/12\/f91cd623-gp1suehs_medium_res-1024x683.jpg\" alt=\"\" class=\"wp-image-18011\" srcset=\"https:\/\/www.greenpeace.org\/static\/planet4-czech-republic-stateless\/2022\/12\/f91cd623-gp1suehs_medium_res-1024x683.jpg 1024w, https:\/\/www.greenpeace.org\/static\/planet4-czech-republic-stateless\/2022\/12\/f91cd623-gp1suehs_medium_res-300x200.jpg 300w, https:\/\/www.greenpeace.org\/static\/planet4-czech-republic-stateless\/2022\/12\/f91cd623-gp1suehs_medium_res-768x512.jpg 768w, https:\/\/www.greenpeace.org\/static\/planet4-czech-republic-stateless\/2022\/12\/f91cd623-gp1suehs_medium_res-510x340.jpg 510w, https:\/\/www.greenpeace.org\/static\/planet4-czech-republic-stateless\/2022\/12\/f91cd623-gp1suehs_medium_res.jpg 1200w\" sizes=\"auto, (max-width: 1024px) 100vw, 1024px\" \/><figcaption class=\"wp-element-caption\">Tukan v Braz\u00edlii (c) Greenpeace &#8211; Leandro Cagiano<\/figcaption><\/figure>\n\n<p>Z\u00e1kon se bude vztahovat na spole\u010dnosti prod\u00e1vaj\u00edc\u00ed s\u00f3ju, hov\u011bz\u00ed maso, palmov\u00fd olej, d\u0159evo, kau\u010duk, kakao a k\u00e1vu a n\u011bkter\u00e9 odvozen\u00e9 produkty, jako je k\u016f\u017ee, \u010dokol\u00e1da a n\u00e1bytek. V sou\u010dasn\u00e9 dob\u011b nemaj\u00ed lid\u00e9 v EU \u017e\u00e1dnou z\u00e1ruku, \u017ee zbo\u017e\u00ed v jejich n\u00e1kupn\u00edch ko\u0161\u00edc\u00edch nezp\u016fsobuje ni\u010den\u00ed les\u016f.<\/p>\n\n<p><strong>Jan Freidinger z Greenpeace \u0159\u00edk\u00e1: <\/strong><strong><br><\/strong><em>&#8222;Je to velk\u00fd pr\u016flom pro lesy a pro lidi, kte\u0159\u00ed se postavili na jejich ochranu. Je jist\u00e9, \u017ee tento z\u00e1kon uml\u010d\u00ed mnoh\u00e9 motorov\u00e9 pily v pralesech a zastav\u00ed spole\u010dnosti, kter\u00e9 profituj\u00ed z odles\u0148ov\u00e1n\u00ed. Vl\u00e1dy EU by se ale m\u011bly styd\u011bt za to, \u017ee p\u0159id\u00e1vaj\u00ed mezery pro sv\u016fj d\u0159eva\u0159sk\u00fd pr\u016fmysl a poskytuj\u00ed chabou ochranu pr\u00e1v\u016fm p\u016fvodn\u00edch obyvatel, kte\u0159\u00ed za ochranu p\u0159\u00edrody \u010dasto plat\u00ed vlastn\u00ed krv\u00ed. V p\u0159\u00ed\u0161t\u00edch letech mus\u00ed EU roz\u0161\u00ed\u0159it p\u016fsobnost na\u0159\u00edzen\u00ed na dal\u0161\u00ed ekosyst\u00e9my a zabr\u00e1nit spole\u010dnostem ni\u010d\u00edc\u00edm p\u0159\u00edrodu nejen v p\u0159\u00edstupu na trh EU, ale tak\u00e9 v z\u00edsk\u00e1v\u00e1n\u00ed \u00fav\u011br\u016f od evropsk\u00fdch bank.&#8220;&nbsp;<\/em><\/p>\n\n<p>Pod tlakem evropsk\u00e9ho lesnick\u00e9ho sektoru a kanadsk\u00e9 vl\u00e1dy si vl\u00e1dy EU zajistily volnou definici &#8222;po\u0161kozov\u00e1n\u00ed les\u016f&#8220; &#8211; v podstat\u011b mezeru, kter\u00e1 umo\u017e\u0148uje pokra\u010dovat v neudr\u017eiteln\u00e9 t\u011b\u017eb\u011b p\u0159\u00edrodn\u00edch les\u016f. Vl\u00e1dy \u010dlensk\u00fdch st\u00e1t\u016f tak\u00e9 odolaly tlaku Evropsk\u00e9ho parlamentu, aby do z\u00e1kona o odles\u0148ov\u00e1n\u00ed bylo zahrnuto dodr\u017eov\u00e1n\u00ed mezin\u00e1rodn\u00edho pr\u00e1va v oblasti lidsk\u00fdch pr\u00e1v, a dohodnut\u00e1 dohoda vy\u017eaduje pouze respektov\u00e1n\u00ed pr\u00e1va na svobodn\u00fd, v\u010dasn\u00fd a informovan\u00fd souhlas p\u016fvodn\u00edch obyvatel, pokud producentsk\u00e1 zem\u011b toto pr\u00e1vo zaru\u010duje.&nbsp;<\/p>\n\n<p>Evropsk\u00fd parlament ne\u00fasp\u011b\u0161n\u011b prosazoval, aby z\u00e1kon chr\u00e1nil &#8222;ostatn\u00ed zalesn\u011bnou p\u016fdu&#8220; vedle p\u016fdy, kter\u00e1 je form\u00e1ln\u011b pova\u017eov\u00e1na za les, ale tato v\u011bc bude znovu otev\u0159ena p\u0159i revizi po prvn\u00edm roce, a ochranu dal\u0161\u00edch ekosyst\u00e9m\u016f, jako jsou savany a mok\u0159ady, po dvou letech.<\/p>\n\n<p>N\u00e1vrh Evropsk\u00e9ho parlamentu zahrnout do nov\u00e9ho z\u00e1kona evropsk\u00e9 finan\u010dn\u00ed instituce se nakonec do kone\u010dn\u00e9 dohody nedostal. Tento n\u00e1vrh by vy\u017eadoval, aby spole\u010dnosti prokazovaly, \u017ee jejich v\u00fdrobky jsou bez odles\u0148ov\u00e1n\u00ed, a to nejen proto, aby mohly prod\u00e1vat na trhu EU, ale tak\u00e9 proto, aby mohly z\u00edskat financov\u00e1n\u00ed od bank se s\u00eddlem v EU. Tento n\u00e1vrh v\u0161ak bude do dvou let znovu posouzen v r\u00e1mci revize z\u00e1kona. Evropsk\u00fd parlament rovn\u011b\u017e prosazoval, aby se z\u00e1kon vztahoval i na kuku\u0159ici, kter\u00e1 je rovn\u011b\u017e spojena se zna\u010dn\u00fdm ni\u010den\u00edm les\u016f. Roz\u0161\u00ed\u0159en\u00ed z\u00e1kona na kuku\u0159ici a bionaftu bude zv\u00e1\u017eeno v r\u00e1mci tohoto procesu p\u0159ezkumu.<\/p>\n\n<p>Evropsk\u00fd parlament nyn\u00ed potvrd\u00ed nov\u00fd z\u00e1kon EU o odles\u0148ov\u00e1n\u00ed hlasov\u00e1n\u00edm na sv\u00e9m plen\u00e1rn\u00edm zased\u00e1n\u00ed a n\u00e1rodn\u00ed vl\u00e1dy jej form\u00e1ln\u011b schv\u00e1l\u00ed na zased\u00e1n\u00ed ministr\u016f. Tyto formality prob\u011bhnou pravd\u011bpodobn\u011b po\u010d\u00e1tkem p\u0159\u00ed\u0161t\u00edho roku.<\/p>\n","protected":false},"excerpt":{"rendered":"<p>Evropsk\u00fd parlament a st\u00e1ty Evropsk\u00e9 unie se dnes r\u00e1no dohodly na kone\u010dn\u00e9m zn\u011bn\u00ed Na\u0159\u00edzen\u00ed proti odles\u0148ov\u00e1n\u00ed. Evropsk\u00e9 firmy budou d\u00edky n\u011bmu muset prok\u00e1zat, \u017ee jejich v\u00fdrobky nep\u0159isp\u00edvaj\u00ed k odles\u0148ov\u00e1n\u00ed, pokud&hellip;<\/p>\n","protected":false},"author":27,"featured_media":18011,"comment_status":"open","ping_status":"closed","sticky":false,"template":"","format":"standard","meta":{"ep_exclude_from_search":false,"p4_og_title":"","p4_og_description":"","p4_og_image":"","p4_og_image_id":"","p4_seo_canonical_url":"","p4_campaign_name":"not set","p4_local_project":"not set","p4_basket_name":"not set","p4_department":"","footnotes":""},"categories":[2],"tags":[17,28],"p4-page-type":[14],"class_list":["post-18010","post","type-post","status-publish","format-standard","has-post-thumbnail","hentry","category-priroda","tag-lesy-pralesy","tag-uspechy","p4-page-type-tiskova-zprava"],"_links":{"self":[{"href":"https:\/\/www.greenpeace.org\/czech\/wp-json\/wp\/v2\/posts\/18010","targetHints":{"allow":["GET"]}}],"collection":[{"href":"https:\/\/www.greenpeace.org\/czech\/wp-json\/wp\/v2\/posts"}],"about":[{"href":"https:\/\/www.greenpeace.org\/czech\/wp-json\/wp\/v2\/types\/post"}],"author":[{"embeddable":true,"href":"https:\/\/www.greenpeace.org\/czech\/wp-json\/wp\/v2\/users\/27"}],"replies":[{"embeddable":true,"href":"https:\/\/www.greenpeace.org\/czech\/wp-json\/wp\/v2\/comments?post=18010"}],"version-history":[{"count":1,"href":"https:\/\/www.greenpeace.org\/czech\/wp-json\/wp\/v2\/posts\/18010\/revisions"}],"predecessor-version":[{"id":18012,"href":"https:\/\/www.greenpeace.org\/czech\/wp-json\/wp\/v2\/posts\/18010\/revisions\/18012"}],"wp:featuredmedia":[{"embeddable":true,"href":"https:\/\/www.greenpeace.org\/czech\/wp-json\/wp\/v2\/media\/18011"}],"wp:attachment":[{"href":"https:\/\/www.greenpeace.org\/czech\/wp-json\/wp\/v2\/media?parent=18010"}],"wp:term":[{"taxonomy":"category","embeddable":true,"href":"https:\/\/www.greenpeace.org\/czech\/wp-json\/wp\/v2\/categories?post=18010"},{"taxonomy":"post_tag","embeddable":true,"href":"https:\/\/www.greenpeace.org\/czech\/wp-json\/wp\/v2\/tags?post=18010"},{"taxonomy":"p4-page-type","embeddable":true,"href":"https:\/\/www.greenpeace.org\/czech\/wp-json\/wp\/v2\/p4-page-type?post=18010"}],"curies":[{"name":"wp","href":"https:\/\/api.w.org\/{rel}","templated":true}]}}