{"id":18013,"date":"2022-12-07T16:15:46","date_gmt":"2022-12-07T15:15:46","guid":{"rendered":"https:\/\/www.greenpeace.org\/czech\/?p=18013"},"modified":"2022-12-07T16:17:03","modified_gmt":"2022-12-07T15:17:03","slug":"vitezstvi-pro-pralesy-evropa-schvalila-zakon-proti-odlesnovani","status":"publish","type":"post","link":"https:\/\/www.greenpeace.org\/czech\/clanek\/18013\/vitezstvi-pro-pralesy-evropa-schvalila-zakon-proti-odlesnovani\/","title":{"rendered":"V\u00edt\u011bzstv\u00ed pro pralesy! Evropa schv\u00e1lila z\u00e1kon proti odles\u0148ov\u00e1n\u00ed."},"content":{"rendered":"\n<p>M\u00e1me d\u016fvod slavit. Schv\u00e1len\u00ed z\u00e1kona proti odles\u0148ov\u00e1n\u00ed je velk\u00fd pr\u016flom pro lesy a pralesy a jejich ochranu. Je jist\u00e9, \u017ee tento z\u00e1kon uml\u010d\u00ed mnoh\u00e9 motorov\u00e9 pily v pralesech a zastav\u00ed spole\u010dnosti, kter\u00e9 profituj\u00ed z odles\u0148ov\u00e1n\u00ed.<\/p>\n\n<p><strong>Tento \u00fasp\u011bch m\u016f\u017eeme slavit jen d\u00edky spole\u010dn\u00e9mu \u00fasil\u00ed a v\u00edce jak dv\u011bma let\u016fm pr\u00e1ce.<\/strong> Bez v\u00edce ne\u017e 60 000 aktivn\u00edch ob\u010dan\u016f zde v \u010cesku a milion\u016fm po cel\u00e9m sv\u011bt\u011b by se tak nestalo. D\u011bkujeme, \u017ee jste se s n\u00e1mi postavili za \u017eivot v pralesech.&nbsp;<\/p>\n\n<p>Chce\u0161 se \u00fa\u010dastnit i dal\u0161\u00edch \u00fasp\u011bch\u016f? P\u0159idej se k aktu\u00e1ln\u00ed v\u00fdzv\u011b pro p\u0159\u00edrodu.<\/p>\n\n<div class=\"wp-block-buttons is-content-justification-center is-layout-flex wp-container-core-buttons-is-layout-51f7783f wp-block-buttons-is-layout-flex\">\n<div class=\"wp-block-button is-style-cta\"><a class=\"wp-block-button__link wp-element-button\" href=\"https:\/\/www.vyzvaproprirodu.cz\/daruj-dvakrat\/\">Chci podpo\u0159it dal\u0161\u00ed \u00fasp\u011bch<\/a><\/div>\n<\/div>\n\n<p><\/p>\n\n<p><strong>V sou\u010dasn\u00e9 dob\u011b nemaj\u00ed ob\u010dan\u00e9 EU \u017e\u00e1dnou z\u00e1ruku, \u017ee zbo\u017e\u00ed v jejich n\u00e1kupn\u00edch ko\u0161\u00edc\u00edch nezp\u016fsobuje ni\u010den\u00ed les\u016f a prales\u016f.<\/strong> S\u00f3ja, hov\u011bz\u00ed maso, palmov\u00fd olej, d\u0159evo, kau\u010duk, kakao a k\u00e1vu a n\u011bkter\u00e9 odvozen\u00e9 produkty, jako je k\u016f\u017ee, \u010dokol\u00e1da nebo\u00a0 n\u00e1bytek, to v\u0161e jsou produkty, kter\u00e9 stoj\u00ed za destrukc\u00ed cenn\u00fdch ekosyst\u00e9m\u016f a \u017eivota v nich.\u00a0<\/p>\n\n<figure class=\"wp-block-image size-full\"><img loading=\"lazy\" decoding=\"async\" width=\"800\" height=\"533\" src=\"https:\/\/www.greenpeace.org\/static\/planet4-czech-republic-stateless\/2022\/12\/4c60e628-zvirata-gp0stqn81_pressmedia.jpg\" alt=\"\" class=\"wp-image-18015\" srcset=\"https:\/\/www.greenpeace.org\/static\/planet4-czech-republic-stateless\/2022\/12\/4c60e628-zvirata-gp0stqn81_pressmedia.jpg 800w, https:\/\/www.greenpeace.org\/static\/planet4-czech-republic-stateless\/2022\/12\/4c60e628-zvirata-gp0stqn81_pressmedia-300x200.jpg 300w, https:\/\/www.greenpeace.org\/static\/planet4-czech-republic-stateless\/2022\/12\/4c60e628-zvirata-gp0stqn81_pressmedia-768x512.jpg 768w, https:\/\/www.greenpeace.org\/static\/planet4-czech-republic-stateless\/2022\/12\/4c60e628-zvirata-gp0stqn81_pressmedia-510x340.jpg 510w\" sizes=\"auto, (max-width: 800px) 100vw, 800px\" \/><\/figure>\n\n<p><strong>To se v\u0161ak schv\u00e1len\u00edm z\u00e1kona o odles\u0148ov\u00e1n\u00ed zcela m\u011bn\u00ed! Evropsk\u00e9 firmy budou muset prok\u00e1zat, \u017ee jejich v\u00fdrobky nep\u0159isp\u00edvaj\u00ed k odles\u0148ov\u00e1n\u00ed,<\/strong> pokud je cht\u011bj\u00ed prod\u00e1vat na spole\u010dn\u00e9m trhu. V praxi to znamen\u00e1, \u017ee si p\u0159i n\u00e1kupu budete moci b\u00fdt jist\u00ed, \u017ee nekupujete v\u00fdrobky spojen\u00e9 s k\u00e1cen\u00edm prales\u016f. A co v\u00edc z\u00e1kon bude vymahateln\u00fd a za jeho poru\u0161en\u00ed budou firm\u00e1m hrozit pokuty.<\/p>\n\n<p><strong>Asi nic nen\u00ed dokonal\u00e9 a i tento z\u00e1kon m\u00e1 sv\u00e9 mezery, bude t\u0159eba je\u0161t\u011b \u0159adu v\u011bc\u00ed vylep\u0161it a sledovat, jak bude z\u00e1kon implementov\u00e1n. <\/strong>Pod tlakem evropsk\u00e9ho lesnick\u00e9ho sektoru a kanadsk\u00e9 vl\u00e1dy si \u010dlensk\u00e9 zem\u011b EU zajistily volnou definici \u201epo\u0161kozov\u00e1n\u00ed les\u016f\u201c \u2013 v podstat\u011b mezeru, kter\u00e1 umo\u017e\u0148uje pokra\u010dovat v neudr\u017eiteln\u00e9 t\u011b\u017eb\u011b p\u0159\u00edrodn\u00edch les\u016f. Vl\u00e1dy \u010dlensk\u00fdch st\u00e1t\u016f tak\u00e9 odolaly tlaku Evropsk\u00e9ho parlamentu, aby do z\u00e1kona o odles\u0148ov\u00e1n\u00ed bylo zahrnuto dodr\u017eov\u00e1n\u00ed mezin\u00e1rodn\u00edho pr\u00e1va v oblasti lidsk\u00fdch pr\u00e1v, a smluven\u00e1 dohoda vy\u017eaduje pouze respektov\u00e1n\u00ed pr\u00e1va na svobodn\u00fd, v\u010dasn\u00fd a informovan\u00fd souhlas p\u016fvodn\u00edch obyvatel, pokud producentsk\u00e1 zem\u011b toto pr\u00e1vo zaru\u010duje.&nbsp;<\/p>\n\n<p>Evropsk\u00fd parlament ne\u00fasp\u011b\u0161n\u011b prosazoval, aby z\u00e1kon chr\u00e1nil \u201eostatn\u00ed zalesn\u011bnou p\u016fdu\u201c vedle p\u016fdy, kter\u00e1 je form\u00e1ln\u011b pova\u017eov\u00e1na za les, ale tato v\u011bc bude znovu otev\u0159ena p\u0159i revizi po prvn\u00edm roce, a ochranu dal\u0161\u00edch ekosyst\u00e9m\u016f, jako jsou savany a mok\u0159ady, po dvou letech.<\/p>\n\n<figure class=\"wp-block-image size-full\"><img loading=\"lazy\" decoding=\"async\" width=\"800\" height=\"533\" src=\"https:\/\/www.greenpeace.org\/static\/planet4-czech-republic-stateless\/2022\/12\/8273fedc-lesy-gp018py_pressmedia.jpg\" alt=\"\" class=\"wp-image-18016\" srcset=\"https:\/\/www.greenpeace.org\/static\/planet4-czech-republic-stateless\/2022\/12\/8273fedc-lesy-gp018py_pressmedia.jpg 800w, https:\/\/www.greenpeace.org\/static\/planet4-czech-republic-stateless\/2022\/12\/8273fedc-lesy-gp018py_pressmedia-300x200.jpg 300w, https:\/\/www.greenpeace.org\/static\/planet4-czech-republic-stateless\/2022\/12\/8273fedc-lesy-gp018py_pressmedia-768x512.jpg 768w, https:\/\/www.greenpeace.org\/static\/planet4-czech-republic-stateless\/2022\/12\/8273fedc-lesy-gp018py_pressmedia-510x340.jpg 510w\" sizes=\"auto, (max-width: 800px) 100vw, 800px\" \/><\/figure>\n\n<p>Ani n\u00e1vrh Evropsk\u00e9ho parlamentu zahrnout do nov\u00e9ho z\u00e1kona evropsk\u00e9 finan\u010dn\u00ed instituce se nakonec do kone\u010dn\u00e9 dohody nedostal. Tento n\u00e1vrh by vy\u017eadoval, aby spole\u010dnosti prokazovaly, \u017ee jejich v\u00fdrobky jsou bez odles\u0148ov\u00e1n\u00ed, a to nejen proto, aby mohly prod\u00e1vat na trhu EU, ale tak\u00e9 proto, aby sm\u011bly z\u00edskat financov\u00e1n\u00ed od bank se s\u00eddlem v EU. Tento n\u00e1vrh v\u0161ak bude do dvou let znovu posouzen v r\u00e1mci revize z\u00e1kona. Evropsk\u00fd parlament rovn\u011b\u017e prosazoval, aby se z\u00e1kon vztahoval i na kuku\u0159ici, kter\u00e1 je rovn\u011b\u017e spojena se zna\u010dn\u00fdm ni\u010den\u00edm les\u016f. Roz\u0161\u00ed\u0159en\u00ed z\u00e1kona na kuku\u0159ici a bionaftu bude zv\u00e1\u017eeno v r\u00e1mci tohoto procesu p\u0159ezkumu.<\/p>\n\n<p><strong>Evropsk\u00fd parlament nyn\u00ed potvrd\u00ed nov\u00fd z\u00e1kon EU o odles\u0148ov\u00e1n\u00ed <\/strong>hlasov\u00e1n\u00edm na sv\u00e9m plen\u00e1rn\u00edm zased\u00e1n\u00ed a n\u00e1rodn\u00ed vl\u00e1dy jej form\u00e1ln\u011b schv\u00e1l\u00ed na zased\u00e1n\u00ed ministr\u016f. Tyto formality prob\u011bhnou pravd\u011bpodobn\u011b po\u010d\u00e1tkem p\u0159\u00ed\u0161t\u00edho roku.<\/p>\n\n<p><strong>Je to obrovsk\u00fd \u00fasp\u011bch n\u00e1s v\u0161ech. Evropa se m\u016f\u017ee st\u00e1t vzorem, aby nakonec cel\u00fd sv\u011bt odm\u00edtl v\u00fdrobky spojen\u00e9 s destrukc\u00ed prales\u016f. <\/strong>Pokud chce\u0161 ud\u011blat krok pro ochranu p\u0159\u00edrody, u\u017e dnes za\u010d\u00edn\u00e1 nejd\u016fle\u017eit\u011bj\u0161\u00ed sch\u016fze o ochran\u011b p\u0159\u00edrody a biodiverzity. Jedn\u00edm z v\u00fdsledk\u016f m\u016f\u017ee b\u00fdt ochrana 30 % pevniny. 30 %, kter\u00e9 nikdo nezni\u010d\u00ed. Tak se p\u0159idej i ty a\u0165 spole\u010dn\u011b dos\u00e1hneme dal\u0161\u00edho \u00fasp\u011bchu.<\/p>\n\n<div class=\"wp-block-buttons is-content-justification-center is-layout-flex wp-container-core-buttons-is-layout-16018d1d wp-block-buttons-is-layout-flex\">\n<div class=\"wp-block-button is-style-cta\"><a class=\"wp-block-button__link wp-element-button\" href=\"https:\/\/www.vyzvaproprirodu.cz\/daruj-dvakrat\/\">Podpo\u0159\u00edm dal\u0161\u00ed \u00fasp\u011bch<\/a><\/div>\n<\/div>\n","protected":false},"excerpt":{"rendered":"<p>M\u00e1me d\u016fvod slavit. Schv\u00e1len\u00ed z\u00e1kona proti odles\u0148ov\u00e1n\u00ed je velk\u00fd pr\u016flom pro lesy a pralesy a jejich ochranu. Je jist\u00e9, \u017ee tento z\u00e1kon uml\u010d\u00ed mnoh\u00e9 motorov\u00e9 pily v pralesech a zastav\u00ed spole\u010dnosti, kter\u00e9 profituj\u00ed z odles\u0148ov\u00e1n\u00ed. <\/p>\n","protected":false},"author":55,"featured_media":18014,"comment_status":"open","ping_status":"closed","sticky":false,"template":"","format":"standard","meta":{"ep_exclude_from_search":false,"p4_og_title":"","p4_og_description":"","p4_og_image":"","p4_og_image_id":"","p4_seo_canonical_url":"","p4_campaign_name":"not set","p4_local_project":"not set","p4_basket_name":"not set","p4_department":"","footnotes":""},"categories":[2],"tags":[28,17],"p4-page-type":[16],"class_list":["post-18013","post","type-post","status-publish","format-standard","has-post-thumbnail","hentry","category-priroda","tag-uspechy","tag-lesy-pralesy","p4-page-type-clanek"],"_links":{"self":[{"href":"https:\/\/www.greenpeace.org\/czech\/wp-json\/wp\/v2\/posts\/18013","targetHints":{"allow":["GET"]}}],"collection":[{"href":"https:\/\/www.greenpeace.org\/czech\/wp-json\/wp\/v2\/posts"}],"about":[{"href":"https:\/\/www.greenpeace.org\/czech\/wp-json\/wp\/v2\/types\/post"}],"author":[{"embeddable":true,"href":"https:\/\/www.greenpeace.org\/czech\/wp-json\/wp\/v2\/users\/55"}],"replies":[{"embeddable":true,"href":"https:\/\/www.greenpeace.org\/czech\/wp-json\/wp\/v2\/comments?post=18013"}],"version-history":[{"count":4,"href":"https:\/\/www.greenpeace.org\/czech\/wp-json\/wp\/v2\/posts\/18013\/revisions"}],"predecessor-version":[{"id":18020,"href":"https:\/\/www.greenpeace.org\/czech\/wp-json\/wp\/v2\/posts\/18013\/revisions\/18020"}],"wp:featuredmedia":[{"embeddable":true,"href":"https:\/\/www.greenpeace.org\/czech\/wp-json\/wp\/v2\/media\/18014"}],"wp:attachment":[{"href":"https:\/\/www.greenpeace.org\/czech\/wp-json\/wp\/v2\/media?parent=18013"}],"wp:term":[{"taxonomy":"category","embeddable":true,"href":"https:\/\/www.greenpeace.org\/czech\/wp-json\/wp\/v2\/categories?post=18013"},{"taxonomy":"post_tag","embeddable":true,"href":"https:\/\/www.greenpeace.org\/czech\/wp-json\/wp\/v2\/tags?post=18013"},{"taxonomy":"p4-page-type","embeddable":true,"href":"https:\/\/www.greenpeace.org\/czech\/wp-json\/wp\/v2\/p4-page-type?post=18013"}],"curies":[{"name":"wp","href":"https:\/\/api.w.org\/{rel}","templated":true}]}}