{"id":18066,"date":"2022-12-19T09:19:41","date_gmt":"2022-12-19T08:19:41","guid":{"rendered":"https:\/\/www.greenpeace.org\/czech\/?p=18066"},"modified":"2022-12-22T15:25:13","modified_gmt":"2022-12-22T14:25:13","slug":"dobre-zpravy-roku-2022","status":"publish","type":"post","link":"https:\/\/www.greenpeace.org\/czech\/clanek\/18066\/dobre-zpravy-roku-2022\/","title":{"rendered":"Dobr\u00e9 zpr\u00e1vy roku 2022"},"content":{"rendered":"\n<h4 class=\"wp-block-heading\"><strong>Dal\u0161\u00ed obt\u00ed\u017en\u00fd rok se bl\u00ed\u017e\u00ed ke konci a my si v\u00e1\u017e\u00edme toho, \u017ee jsme zaznamenali n\u011bkolik v\u00fdznamn\u00fdch \u00fasp\u011bch\u016f v oblasti ochrany p\u0159\u00edrody. Tato v\u00edt\u011bzstv\u00ed jsou d\u016fle\u017eit\u00e1 pro udr\u017een\u00ed nad\u011bje a pro pokra\u010dov\u00e1n\u00ed na\u0161\u00ed snahy za lep\u0161\u00ed, zelen\u011bj\u0161\u00ed a spravedliv\u011bj\u0161\u00ed sv\u011bt pro v\u0161echny. Bez zapojen\u00ed lid\u00ed, kte\u0159\u00ed dlouhodob\u011b podporuj\u00ed na\u0161i pr\u00e1ci, by nic z toho nebylo mo\u017en\u00e9&#8230;  <\/strong><\/h4>\n\n<h3 class=\"wp-block-heading\"><strong> <\/strong><\/h3>\n\n<div class=\"wp-block-buttons is-content-justification-center is-layout-flex wp-container-core-buttons-is-layout-16018d1d wp-block-buttons-is-layout-flex\">\n<div class=\"wp-block-button is-style-cta\"><a class=\"wp-block-button__link wp-element-button\" href=\"https:\/\/podpora.greenpeace.cz\/vterina\/\">P\u0159id\u00e1m se k ochran\u011b p\u0159\u00edrody<\/a><\/div>\n<\/div>\n\n<p><\/p>\n\n<h3 class=\"wp-block-heading\"><strong>K v\u00fdzv\u00e1m z\u00e1kazu hlubinn\u00e9 t\u011b\u017eby se p\u0159ipojuje v\u00edce a v\u00edce zem\u00ed.<\/strong><\/h3>\n\n<p>Greenpeace nal\u00e9h\u00e1 na vl\u00e1dy, aby p\u0159ijaly opat\u0159en\u00ed k z\u00e1kazu zah\u00e1jen\u00ed hlubinn\u00e9 t\u011b\u017eby, ni\u010div\u00e9ho t\u011b\u017eebn\u00edho pr\u016fmyslu, kter\u00fd ohro\u017euje oce\u00e1ny i \u017eivoty a \u017eivobyt\u00ed t\u011bch, kte\u0159\u00ed jsou na n\u011bm z\u00e1visl\u00ed.\u00a0<\/p>\n\n<p>Po kampani Greenpeace a jeho spojenc\u016f se pro \u00fapln\u00fd z\u00e1kaz vyslovila pobo\u010dka organizace Aotearoa na Nov\u00e9m Z\u00e9landu, N\u011bmecko vyzvalo k preventivn\u00edmu zastaven\u00ed t\u011b\u017eby, na konferenci COP27 francouzsk\u00fd prezident Emmanuel Macron ozn\u00e1mil, \u017ee z\u00e1kaz hlubinn\u00e9 t\u011b\u017eby podporuje. Na listopadov\u00e9m zased\u00e1n\u00ed Mezin\u00e1rodn\u00edho \u00fa\u0159adu pro mo\u0159sk\u00e9 dno (ISA) v Kingstonu na Jamajce vyzvaly dal\u0161\u00ed zem\u011b z Tichomo\u0159\u00ed, Latinsk\u00e9 Ameriky a Evropy k preventivn\u00edmu zastaven\u00ed t\u011b\u017eby nebo jeho \u00fapln\u00e9mu z\u00e1kazu.<\/p>\n\n<figure class=\"wp-block-image size-full\"><img loading=\"lazy\" decoding=\"async\" width=\"800\" height=\"517\" src=\"https:\/\/www.greenpeace.org\/static\/planet4-czech-republic-stateless\/2022\/12\/dc9a7cdf-9s6njayjxhjxoo_beawi9wrlpuqjp8p_6t7jfpktz-trw1xhr4dw9tmkwr6mlx1ijfhx-rawxwjlmlk56fzcpdzjoa5njvg6ywpgehzkfpo4cirarxxnuns-balr.jpg\" alt=\"\" class=\"wp-image-18076\" srcset=\"https:\/\/www.greenpeace.org\/static\/planet4-czech-republic-stateless\/2022\/12\/dc9a7cdf-9s6njayjxhjxoo_beawi9wrlpuqjp8p_6t7jfpktz-trw1xhr4dw9tmkwr6mlx1ijfhx-rawxwjlmlk56fzcpdzjoa5njvg6ywpgehzkfpo4cirarxxnuns-balr.jpg 800w, https:\/\/www.greenpeace.org\/static\/planet4-czech-republic-stateless\/2022\/12\/dc9a7cdf-9s6njayjxhjxoo_beawi9wrlpuqjp8p_6t7jfpktz-trw1xhr4dw9tmkwr6mlx1ijfhx-rawxwjlmlk56fzcpdzjoa5njvg6ywpgehzkfpo4cirarxxnuns-balr-300x194.jpg 300w, https:\/\/www.greenpeace.org\/static\/planet4-czech-republic-stateless\/2022\/12\/dc9a7cdf-9s6njayjxhjxoo_beawi9wrlpuqjp8p_6t7jfpktz-trw1xhr4dw9tmkwr6mlx1ijfhx-rawxwjlmlk56fzcpdzjoa5njvg6ywpgehzkfpo4cirarxxnuns-balr-768x496.jpg 768w, https:\/\/www.greenpeace.org\/static\/planet4-czech-republic-stateless\/2022\/12\/dc9a7cdf-9s6njayjxhjxoo_beawi9wrlpuqjp8p_6t7jfpktz-trw1xhr4dw9tmkwr6mlx1ijfhx-rawxwjlmlk56fzcpdzjoa5njvg6ywpgehzkfpo4cirarxxnuns-balr-510x330.jpg 510w\" sizes=\"auto, (max-width: 800px) 100vw, 800px\" \/><figcaption class=\"wp-element-caption\">Aktivist\u00e9 Greenpeace protestuj\u00ed proti hlubinn\u00e9 t\u011b\u017eb\u011b<em> \u00a9 Marten van Dijl \/ Greenpeace<\/em><\/figcaption><\/figure>\n\n<h3 class=\"wp-block-heading\"><strong>Glob\u00e1ln\u00ed smlouva o plastech<\/strong><\/h3>\n\n<p>Shrom\u00e1\u017ed\u011bn\u00ed OSN pro \u017eivotn\u00ed prost\u0159ed\u00ed v b\u0159eznu ozn\u00e1milo p\u0159ijet\u00ed historick\u00e9 rezoluce o ukon\u010den\u00ed zne\u010di\u0161t\u011bn\u00ed plasty a zah\u00e1jilo jedn\u00e1n\u00ed o pr\u00e1vn\u011b z\u00e1vazn\u00e9 celosv\u011btov\u00e9 smlouv\u011b o plastech, kter\u00e1 by m\u011bla b\u00fdt uzav\u0159ena do roku 2024 nebo 2025. Rezoluce se zab\u00fdv\u00e1 cel\u00fdm \u017eivotn\u00edm cyklem plast\u016f, v\u010detn\u011b jejich v\u00fdroby, konstrukce a likvidace.&nbsp;<\/p>\n\n<p>Glob\u00e1ln\u00ed smlouva o plastech je pova\u017eov\u00e1na za jednu z nejv\u00fdznamn\u011bj\u0161\u00edch environment\u00e1ln\u00edch dohod v historii. Greenpeace spolu se sv\u00fdmi spojenci po\u017eaduje ambici\u00f3zn\u00ed glob\u00e1ln\u00ed dohodu, kter\u00e1 sn\u00ed\u017e\u00ed v\u00fdrobu a pou\u017e\u00edv\u00e1n\u00ed plast\u016f, po\u017eene k odpov\u011bdnosti velk\u00e9 zne\u010di\u0161\u0165ovatele, vybuduje syst\u00e9my op\u011btovn\u00e9ho pou\u017eit\u00ed ji\u017e vyroben\u00fdch plast\u016f a pos\u00edl\u00ed postaven\u00ed t\u011bch, kter\u00fdch se krize zne\u010di\u0161t\u011bn\u00ed plasty nejv\u00edce dot\u00fdk\u00e1.<\/p>\n\n<figure class=\"wp-block-image size-full\"><img loading=\"lazy\" decoding=\"async\" width=\"800\" height=\"533\" src=\"https:\/\/www.greenpeace.org\/static\/planet4-czech-republic-stateless\/2022\/12\/751940cb-hupcw3j0ja0ii36shuwhiz_xx0l3exwtw-edat6pjd9ulalkehqkv44uk0kikvueme5ii6d9qe-zypmwdth1ptykj7_ey_dcha-ceyhjhet9jln6t9hpklyhsy66.jpg\" alt=\"\" class=\"wp-image-18077\" srcset=\"https:\/\/www.greenpeace.org\/static\/planet4-czech-republic-stateless\/2022\/12\/751940cb-hupcw3j0ja0ii36shuwhiz_xx0l3exwtw-edat6pjd9ulalkehqkv44uk0kikvueme5ii6d9qe-zypmwdth1ptykj7_ey_dcha-ceyhjhet9jln6t9hpklyhsy66.jpg 800w, https:\/\/www.greenpeace.org\/static\/planet4-czech-republic-stateless\/2022\/12\/751940cb-hupcw3j0ja0ii36shuwhiz_xx0l3exwtw-edat6pjd9ulalkehqkv44uk0kikvueme5ii6d9qe-zypmwdth1ptykj7_ey_dcha-ceyhjhet9jln6t9hpklyhsy66-300x200.jpg 300w, https:\/\/www.greenpeace.org\/static\/planet4-czech-republic-stateless\/2022\/12\/751940cb-hupcw3j0ja0ii36shuwhiz_xx0l3exwtw-edat6pjd9ulalkehqkv44uk0kikvueme5ii6d9qe-zypmwdth1ptykj7_ey_dcha-ceyhjhet9jln6t9hpklyhsy66-768x512.jpg 768w, https:\/\/www.greenpeace.org\/static\/planet4-czech-republic-stateless\/2022\/12\/751940cb-hupcw3j0ja0ii36shuwhiz_xx0l3exwtw-edat6pjd9ulalkehqkv44uk0kikvueme5ii6d9qe-zypmwdth1ptykj7_ey_dcha-ceyhjhet9jln6t9hpklyhsy66-510x340.jpg 510w\" sizes=\"auto, (max-width: 800px) 100vw, 800px\" \/><figcaption class=\"wp-element-caption\">Projekce Greenpeace v Uruguayi, kde se se\u0161li sv\u011btov\u00ed l\u00edd\u0159i, aby diskutovali o glob\u00e1ln\u00ed smlouv\u011b o plastech<em>. \u00a9 Manuela Louren\u00e7o \/ Greenpeace<\/em><\/figcaption><\/figure>\n\n<h3 class=\"wp-block-heading\"><strong>Zastaven\u00ed t\u011b\u017eby ropy na mo\u0159i&nbsp;<\/strong><\/h3>\n\n<p>Ekologick\u00e9 a soci\u00e1ln\u00ed organizace spolu s pob\u0159e\u017en\u00edmi komunitami obyvatel\u00a0 p\u0159iv\u00edtaly rozhodnut\u00ed argentinsk\u00e9ho Feder\u00e1ln\u00edho soudu v Mar del Plata proti problematick\u00fdm pr\u016fzkum\u016fm nerostn\u00fdch surovin v Argentinsk\u00e9m mo\u0159i. Rozhodnut\u00ed soudu o zastaven\u00ed pr\u016fzkumu na mo\u0159i p\u0159edstavuje uzn\u00e1n\u00ed pr\u00e1v komunit i p\u0159izn\u00e1n\u00ed destruktivn\u00ed povahy t\u00e9to \u010dinnosti pro \u017eivotn\u00ed prost\u0159ed\u00ed. Greenpeace Argentina bude i nad\u00e1le bojovat za definitivn\u00ed z\u00e1kaz t\u011bchto pr\u016fzkum\u016f a za zastaven\u00ed projekt\u016f ropn\u00fdch spole\u010dnost\u00ed v Argentinsk\u00e9m mo\u0159i.<\/p>\n\n<p>Dne 1. z\u00e1\u0159\u00ed 2022 jihoafrick\u00e9 soudy zru\u0161ily spole\u010dnosti Shell pr\u00e1va na pr\u016fzkum u v\u00fdchodn\u00edho pob\u0159e\u017e\u00ed Jihoafrick\u00e9 republiky a rozhodly, \u017ee byla ud\u011blena nez\u00e1konn\u011b. Soudce tak\u00e9 uznal kl\u00ed\u010dovou roli oce\u00e1nu v ob\u017eiv\u011b a duchovn\u00edm a kulturn\u00edm \u017eivot\u011b pob\u0159e\u017en\u00edch komunit.<\/p>\n\n<figure class=\"wp-block-image size-full\"><img loading=\"lazy\" decoding=\"async\" width=\"800\" height=\"533\" src=\"https:\/\/www.greenpeace.org\/static\/planet4-czech-republic-stateless\/2022\/12\/34cf60ee-bvsr9i0zlxwzdvcittkq2zfyyjwwunnjjmadpf1su4k7gd03qsvgvl35g0rexdod_omyhiiyvgggtumkck5dyf2ruygnq1dvrudeq5fym7ywqbnthrw3yi1l6kz1.jpg\" alt=\"\" class=\"wp-image-18078\" srcset=\"https:\/\/www.greenpeace.org\/static\/planet4-czech-republic-stateless\/2022\/12\/34cf60ee-bvsr9i0zlxwzdvcittkq2zfyyjwwunnjjmadpf1su4k7gd03qsvgvl35g0rexdod_omyhiiyvgggtumkck5dyf2ruygnq1dvrudeq5fym7ywqbnthrw3yi1l6kz1.jpg 800w, https:\/\/www.greenpeace.org\/static\/planet4-czech-republic-stateless\/2022\/12\/34cf60ee-bvsr9i0zlxwzdvcittkq2zfyyjwwunnjjmadpf1su4k7gd03qsvgvl35g0rexdod_omyhiiyvgggtumkck5dyf2ruygnq1dvrudeq5fym7ywqbnthrw3yi1l6kz1-300x200.jpg 300w, https:\/\/www.greenpeace.org\/static\/planet4-czech-republic-stateless\/2022\/12\/34cf60ee-bvsr9i0zlxwzdvcittkq2zfyyjwwunnjjmadpf1su4k7gd03qsvgvl35g0rexdod_omyhiiyvgggtumkck5dyf2ruygnq1dvrudeq5fym7ywqbnthrw3yi1l6kz1-768x512.jpg 768w, https:\/\/www.greenpeace.org\/static\/planet4-czech-republic-stateless\/2022\/12\/34cf60ee-bvsr9i0zlxwzdvcittkq2zfyyjwwunnjjmadpf1su4k7gd03qsvgvl35g0rexdod_omyhiiyvgggtumkck5dyf2ruygnq1dvrudeq5fym7ywqbnthrw3yi1l6kz1-510x340.jpg 510w\" sizes=\"auto, (max-width: 800px) 100vw, 800px\" \/><figcaption class=\"wp-element-caption\">Protesty organizac\u00ed v\u010detn\u011b Greenpeace Argentina proti t\u011b\u017eb\u011b ropy v Argentinsk\u00e9m mo\u0159i<em> \u00a9 Gabriel Bulacio \/ Greenpeace<\/em><\/figcaption><\/figure>\n\n<h3 class=\"wp-block-heading\"><strong>\u0158\u00edk\u00e1me ne zne\u010di\u0161t\u011bn\u00ed ovzdu\u0161\u00ed&nbsp;<\/strong><\/h3>\n\n<p>V b\u0159eznu 2022 uznal Nejvy\u0161\u0161\u00ed soud v JAR v p\u0159elomov\u00e9m rozsudku \u0161patnou kvalitu ovzdu\u0161\u00ed v jihoafrick\u00e9m regionu Mpumalanga Highveld a konstatoval poru\u0161en\u00ed \u00fastavn\u00edho pr\u00e1va obyvatel na \u017eivotn\u00ed prost\u0159ed\u00ed.<\/p>\n\n<p>V roce 2019 podala skupina obyvatel Jakarty, jej\u00edmi\u017e \u010dleny byli na\u0161i kolegov\u00e9 a kolegyn\u011b z indon\u00e9sk\u00e9 pobo\u010dky, \u017ealobu na prezidenta Joko Widoda, guvern\u00e9ra Jakarty a dal\u0161\u00ed vysok\u00e9 vl\u00e1dn\u00ed \u00fa\u0159edn\u00edky za \u00fa\u010delem zlep\u0161en\u00ed kvality ovzdu\u0161\u00ed v Jakart\u011b.\u00a0 V roce 2021 rozhodl Centr\u00e1ln\u00ed okresn\u00ed soud v Jakart\u011b, \u017ee indon\u00e9sk\u00e1 vl\u00e1da se provinila t\u00edm, \u017ee nedodr\u017eela pr\u00e1vo ob\u010dan\u016f na \u010dist\u00fd vzduch. Prezident a dal\u0161\u00ed ob\u017ealovan\u00ed podali odvol\u00e1n\u00ed, ale v \u0159\u00edjnu leto\u0161n\u00edho roku nejvy\u0161\u0161\u00ed soudn\u00ed rada p\u016fvodn\u00ed rozhodnut\u00ed potvrdila, \u010d\u00edm\u017e zaznamenala druh\u00e9 v\u00edt\u011bzstv\u00ed ob\u010dan\u016f a jejich pr\u00e1va na \u010dist\u00fd vzduch.<\/p>\n\n<figure class=\"wp-block-image size-full\"><img loading=\"lazy\" decoding=\"async\" width=\"800\" height=\"533\" src=\"https:\/\/www.greenpeace.org\/static\/planet4-czech-republic-stateless\/2022\/12\/ae576df9-a6brdipmyuju5i7sr8cruvyebeusvdfcrqfzdrwxe0n2ccvrz7wqc4e-oxeusfvpahlz-okhtg8te4qams5ntigkijzdjpj6uwwmi-wg6atpaet5vrptil3ukeyp.jpg\" alt=\"\" class=\"wp-image-18079\" srcset=\"https:\/\/www.greenpeace.org\/static\/planet4-czech-republic-stateless\/2022\/12\/ae576df9-a6brdipmyuju5i7sr8cruvyebeusvdfcrqfzdrwxe0n2ccvrz7wqc4e-oxeusfvpahlz-okhtg8te4qams5ntigkijzdjpj6uwwmi-wg6atpaet5vrptil3ukeyp.jpg 800w, https:\/\/www.greenpeace.org\/static\/planet4-czech-republic-stateless\/2022\/12\/ae576df9-a6brdipmyuju5i7sr8cruvyebeusvdfcrqfzdrwxe0n2ccvrz7wqc4e-oxeusfvpahlz-okhtg8te4qams5ntigkijzdjpj6uwwmi-wg6atpaet5vrptil3ukeyp-300x200.jpg 300w, https:\/\/www.greenpeace.org\/static\/planet4-czech-republic-stateless\/2022\/12\/ae576df9-a6brdipmyuju5i7sr8cruvyebeusvdfcrqfzdrwxe0n2ccvrz7wqc4e-oxeusfvpahlz-okhtg8te4qams5ntigkijzdjpj6uwwmi-wg6atpaet5vrptil3ukeyp-768x512.jpg 768w, https:\/\/www.greenpeace.org\/static\/planet4-czech-republic-stateless\/2022\/12\/ae576df9-a6brdipmyuju5i7sr8cruvyebeusvdfcrqfzdrwxe0n2ccvrz7wqc4e-oxeusfvpahlz-okhtg8te4qams5ntigkijzdjpj6uwwmi-wg6atpaet5vrptil3ukeyp-510x340.jpg 510w\" sizes=\"auto, (max-width: 800px) 100vw, 800px\" \/><figcaption class=\"wp-element-caption\">Aktivist\u00e9 Greenpeace Indon\u00e9sie a koalice Ibukota protestuj\u00ed proti zne\u010di\u0161t\u011bn\u00ed ovzdu\u0161\u00ed v Jakart\u011b.<em> \u00a9 Afriadi Hikmal \/ Greenpeace<\/em><\/figcaption><\/figure>\n\n<h3 class=\"wp-block-heading\"><strong>Zm\u011bna klimatu je ot\u00e1zkou lidsk\u00fdch pr\u00e1v<\/strong><\/h3>\n\n<p>Dne 6. kv\u011btna 2022 vydala filip\u00ednsk\u00e1 Komise pro lidsk\u00e1 pr\u00e1va (CHR) po letech odklad\u016f z\u00e1v\u011bre\u010dnou zpr\u00e1vu o prvn\u00edm sv\u011btov\u00e9m vy\u0161et\u0159ov\u00e1n\u00ed odpov\u011bdnosti podnik\u016f za klimatickou krizi a prohl\u00e1sila, \u017ee zm\u011bna klimatu je ot\u00e1zkou lidsk\u00fdch pr\u00e1v.\u00a0 P\u0159elomov\u00e9 vy\u0161et\u0159ov\u00e1n\u00ed prob\u00edhalo od roku 2015, kdy byla na Filip\u00edn\u00e1ch pod\u00e1na v\u016fbec prvn\u00ed st\u00ed\u017enost na dodr\u017eov\u00e1n\u00ed lidsk\u00fdch pr\u00e1v proti nejv\u011bt\u0161\u00edm sv\u011btov\u00fdm producent\u016fm uhl\u00ed, ropy, plynu a cementu.<\/p>\n\n<p>Zpr\u00e1va je sice nez\u00e1vazn\u00e1, ale vytv\u00e1\u0159\u00ed pr\u00e1vn\u00ed z\u00e1klad, kter\u00fd bude hn\u00e1t korporace k odpov\u011bdnosti za jejich proh\u0159e\u0161ky proti klimatu, a vys\u00edl\u00e1 jasn\u00fd sign\u00e1l, \u017ee tyto korporace nemohou pokra\u010dovat v b\u011b\u017en\u00e9m podnik\u00e1n\u00ed, kter\u00e9 up\u0159ednost\u0148uje zisk p\u0159ed lidsk\u00fdmi pr\u00e1vy a ochranou planety.<\/p>\n\n<figure class=\"wp-block-image size-full\"><img loading=\"lazy\" decoding=\"async\" width=\"800\" height=\"533\" src=\"https:\/\/www.greenpeace.org\/static\/planet4-czech-republic-stateless\/2022\/12\/a441de27-bzaomhgzp_-lqms7y-jasvrqixssyci2s9omank-t-vxlrbl9j6olyov3w6r55ypfuatnpwv-q6jbddx72nd8zhckqupdsp0d-gjepd9wclapuhgkw_zqsabafkp.jpg\" alt=\"\" class=\"wp-image-18080\" srcset=\"https:\/\/www.greenpeace.org\/static\/planet4-czech-republic-stateless\/2022\/12\/a441de27-bzaomhgzp_-lqms7y-jasvrqixssyci2s9omank-t-vxlrbl9j6olyov3w6r55ypfuatnpwv-q6jbddx72nd8zhckqupdsp0d-gjepd9wclapuhgkw_zqsabafkp.jpg 800w, https:\/\/www.greenpeace.org\/static\/planet4-czech-republic-stateless\/2022\/12\/a441de27-bzaomhgzp_-lqms7y-jasvrqixssyci2s9omank-t-vxlrbl9j6olyov3w6r55ypfuatnpwv-q6jbddx72nd8zhckqupdsp0d-gjepd9wclapuhgkw_zqsabafkp-300x200.jpg 300w, https:\/\/www.greenpeace.org\/static\/planet4-czech-republic-stateless\/2022\/12\/a441de27-bzaomhgzp_-lqms7y-jasvrqixssyci2s9omank-t-vxlrbl9j6olyov3w6r55ypfuatnpwv-q6jbddx72nd8zhckqupdsp0d-gjepd9wclapuhgkw_zqsabafkp-768x512.jpg 768w, https:\/\/www.greenpeace.org\/static\/planet4-czech-republic-stateless\/2022\/12\/a441de27-bzaomhgzp_-lqms7y-jasvrqixssyci2s9omank-t-vxlrbl9j6olyov3w6r55ypfuatnpwv-q6jbddx72nd8zhckqupdsp0d-gjepd9wclapuhgkw_zqsabafkp-510x340.jpg 510w\" sizes=\"auto, (max-width: 800px) 100vw, 800px\" \/><figcaption class=\"wp-element-caption\"><em>Demonstranti v Quezon City na Filip\u00edn\u00e1ch dr\u017e\u00ed transparent s n\u00e1pisem \u201eVe\u010fte velk\u00e9 zne\u010di\u0161\u0165ovatele k odpov\u011bdnosti\u201c. \u00a9 Vincent Go \/ Greenpeace<\/em><\/figcaption><\/figure>\n\n<h3 class=\"wp-block-heading\"><strong>Z\u00e1kon, kter\u00fd m\u00e1 zabr\u00e1nit pr\u00e1vn\u00edmu \u0161ikanov\u00e1n\u00ed ekologick\u00fdch aktivist\u016f<\/strong><\/h3>\n\n<p>Evropsk\u00e1 komise zve\u0159ejnila 27. dubna 2022 n\u00e1vrh nov\u00e9ho z\u00e1kona EU, kter\u00fd m\u00e1 pomoci zabr\u00e1nit pr\u00e1vn\u00edmu \u0161ikanov\u00e1n\u00ed ekologick\u00fdch aktivist\u016f a ochr\u00e1nc\u016f p\u0159\u00edrody ze strany korporac\u00ed a ve\u0159ejn\u00fdch \u010dinitel\u016f. Sm\u011brnice EU zasahuje proti strategick\u00fdm \u017ealob\u00e1m proti \u00fa\u010dasti ve\u0159ejnosti (SLAPP) a zt\u00ed\u017e\u00ed tak mocn\u00fdm z\u00e1jmov\u00fdm skupin\u00e1m iniciovat n\u00e1kladn\u00e9, \u010dasto nepodlo\u017een\u00e9 \u017ealoby s c\u00edlem zastra\u0161it a uml\u010det ekologick\u00e9 aktivity a tak odvr\u00e1tit pozornost ve\u0159ejnosti od zve\u0159ejn\u011bn\u00fdch informac\u00ed.<\/p>\n\n<p>Ekologi\u010dt\u00ed aktivist\u00e9 a organizace, kter\u00e9 vedou kampan\u011b proti ni\u010den\u00ed p\u0159\u00edrody v r\u00e1mci EU tak budou v brzk\u00e9 dob\u011b chr\u00e1n\u011bni. Jedn\u00e1 se o d\u016fle\u017eit\u00fd miln\u00edk, o n\u011bm\u017e si mnoz\u00ed je\u0161t\u011b p\u0159ed n\u011bkolika lety mysleli, \u017ee nen\u00ed mo\u017en\u00fd.<\/p>\n\n<figure class=\"wp-block-image size-large\"><img loading=\"lazy\" decoding=\"async\" width=\"1024\" height=\"683\" src=\"https:\/\/www.greenpeace.org\/static\/planet4-czech-republic-stateless\/2022\/12\/4a709dc2-bgdvfbpxboa83t_-9vijdlpx0r4_v2ryu9xspitidye6xz2ec5ay01feu01dki0y8-iyggk6h6uumwa7girt8gzoyox-tteq6xuc3x9zh9nqsejia06reqitrair-1024x683.jpg\" alt=\"\" class=\"wp-image-18081\" srcset=\"https:\/\/www.greenpeace.org\/static\/planet4-czech-republic-stateless\/2022\/12\/4a709dc2-bgdvfbpxboa83t_-9vijdlpx0r4_v2ryu9xspitidye6xz2ec5ay01feu01dki0y8-iyggk6h6uumwa7girt8gzoyox-tteq6xuc3x9zh9nqsejia06reqitrair-1024x683.jpg 1024w, https:\/\/www.greenpeace.org\/static\/planet4-czech-republic-stateless\/2022\/12\/4a709dc2-bgdvfbpxboa83t_-9vijdlpx0r4_v2ryu9xspitidye6xz2ec5ay01feu01dki0y8-iyggk6h6uumwa7girt8gzoyox-tteq6xuc3x9zh9nqsejia06reqitrair-300x200.jpg 300w, https:\/\/www.greenpeace.org\/static\/planet4-czech-republic-stateless\/2022\/12\/4a709dc2-bgdvfbpxboa83t_-9vijdlpx0r4_v2ryu9xspitidye6xz2ec5ay01feu01dki0y8-iyggk6h6uumwa7girt8gzoyox-tteq6xuc3x9zh9nqsejia06reqitrair-768x512.jpg 768w, https:\/\/www.greenpeace.org\/static\/planet4-czech-republic-stateless\/2022\/12\/4a709dc2-bgdvfbpxboa83t_-9vijdlpx0r4_v2ryu9xspitidye6xz2ec5ay01feu01dki0y8-iyggk6h6uumwa7girt8gzoyox-tteq6xuc3x9zh9nqsejia06reqitrair-510x340.jpg 510w, https:\/\/www.greenpeace.org\/static\/planet4-czech-republic-stateless\/2022\/12\/4a709dc2-bgdvfbpxboa83t_-9vijdlpx0r4_v2ryu9xspitidye6xz2ec5ay01feu01dki0y8-iyggk6h6uumwa7girt8gzoyox-tteq6xuc3x9zh9nqsejia06reqitrair.jpg 1200w\" sizes=\"auto, (max-width: 1024px) 100vw, 1024px\" \/><figcaption class=\"wp-element-caption\">Koalice organizac\u00ed v\u010detn\u011b Greenpeace protestuje proti z\u00e1konu SLAPP v Lond\u00fdn\u011b.<em> \u00a9 Kristian Buus \/ Greenpeace<\/em><\/figcaption><\/figure>\n\n<h3 class=\"wp-block-heading\"><strong>OSN prohla\u0161uje zdrav\u00e9 \u017eivotn\u00ed prost\u0159ed\u00ed za lidsk\u00e9 pr\u00e1vo.<\/strong><\/h3>\n\n<p>Valn\u00e9 shrom\u00e1\u017ed\u011bn\u00ed OSN 28. \u010dervence 2022 prohl\u00e1silo, \u017ee ka\u017ed\u00fd \u010dlov\u011bk na planet\u011b m\u00e1 pr\u00e1vo na zdrav\u00e9 \u017eivotn\u00ed prost\u0159ed\u00ed.\u00a0<\/p>\n\n<p>Zm\u011bna klimatu a zhor\u0161ov\u00e1n\u00ed \u017eivotn\u00edho prost\u0159ed\u00ed pat\u0159\u00ed k nejnal\u00e9hav\u011bj\u0161\u00edm hrozb\u00e1m pro budoucnost lidstva, a shrom\u00e1\u017ed\u011bn\u00ed OSN vyzvalo st\u00e1ty, aby zv\u00fd\u0161ily \u00fasil\u00ed o zaji\u0161t\u011bn\u00ed p\u0159\u00edstupu sv\u00fdch obyvatel k &#8222;\u010dist\u00e9mu, zdrav\u00e9mu a udr\u017eiteln\u00e9mu \u017eivotn\u00edmu prost\u0159ed\u00ed&#8220;.<\/p>\n\n<p>A\u010dkoli se jedn\u00e1 o p\u016fsobiv\u00fd miln\u00edk, rezoluce nen\u00ed pro 193 \u010dlensk\u00fdch st\u00e1t\u016f OSN pr\u00e1vn\u011b z\u00e1vazn\u00e1, ale sp\u00ed\u0161e je pob\u00eddkou pro st\u00e1ty, aby zavedly z\u00e1kony na ochranu lid\u00ed a p\u0159\u00edrody. Z\u00e1rove\u0148 otev\u00edr\u00e1 cestu k soudn\u00edm spor\u016fm, kter\u00e9 vedou lid\u00e9 a organizace po cel\u00e9m sv\u011bt\u011b proti politik\u00e1m a projekt\u016fm ni\u010d\u00edc\u00edm \u017eivotn\u00ed prost\u0159ed\u00ed.<\/p>\n\n<figure class=\"wp-block-image size-full\"><img loading=\"lazy\" decoding=\"async\" width=\"800\" height=\"533\" src=\"https:\/\/www.greenpeace.org\/static\/planet4-czech-republic-stateless\/2022\/12\/ffe93337-s9bqook7tzj2i70pqj-gdmyw0hjkkhyyqle3qtrd-dncc3ecy8umflukgyq3__heihb7sr1y93br7xkxveez_efikz67hgxrrro9t8wcq2dw_gbxtcpcqhnlhocd.jpg\" alt=\"\" class=\"wp-image-18082\" srcset=\"https:\/\/www.greenpeace.org\/static\/planet4-czech-republic-stateless\/2022\/12\/ffe93337-s9bqook7tzj2i70pqj-gdmyw0hjkkhyyqle3qtrd-dncc3ecy8umflukgyq3__heihb7sr1y93br7xkxveez_efikz67hgxrrro9t8wcq2dw_gbxtcpcqhnlhocd.jpg 800w, https:\/\/www.greenpeace.org\/static\/planet4-czech-republic-stateless\/2022\/12\/ffe93337-s9bqook7tzj2i70pqj-gdmyw0hjkkhyyqle3qtrd-dncc3ecy8umflukgyq3__heihb7sr1y93br7xkxveez_efikz67hgxrrro9t8wcq2dw_gbxtcpcqhnlhocd-300x200.jpg 300w, https:\/\/www.greenpeace.org\/static\/planet4-czech-republic-stateless\/2022\/12\/ffe93337-s9bqook7tzj2i70pqj-gdmyw0hjkkhyyqle3qtrd-dncc3ecy8umflukgyq3__heihb7sr1y93br7xkxveez_efikz67hgxrrro9t8wcq2dw_gbxtcpcqhnlhocd-768x512.jpg 768w, https:\/\/www.greenpeace.org\/static\/planet4-czech-republic-stateless\/2022\/12\/ffe93337-s9bqook7tzj2i70pqj-gdmyw0hjkkhyyqle3qtrd-dncc3ecy8umflukgyq3__heihb7sr1y93br7xkxveez_efikz67hgxrrro9t8wcq2dw_gbxtcpcqhnlhocd-510x340.jpg 510w\" sizes=\"auto, (max-width: 800px) 100vw, 800px\" \/><figcaption class=\"wp-element-caption\">P\u0159\u00edrodn\u00ed rezervace Fiby Urskog ve \u0160v\u00e9dsku pln\u00e1 nedot\u010den\u00fdch les\u016f<em> \u00a9 Christian \u00c5slund \/ Greenpeace<\/em><\/figcaption><\/figure>\n\n<h3 class=\"wp-block-heading\"><strong>Ochrann\u00e9 p\u00e1smo pro nov\u00e9 ropn\u00e9 a plynov\u00e9 vrty.<\/strong><\/h3>\n\n<p>V z\u00e1\u0159\u00ed byl v Kalifornii schv\u00e1len sen\u00e1tn\u00ed z\u00e1kon 1137, kter\u00fd zakazuje budov\u00e1n\u00ed nov\u00fdch ropn\u00fdch a plynov\u00fdch vrt\u016f ve vzd\u00e1lenosti cca 972 metr\u016f (3200 stop) od dom\u016f, \u0161kol nebo nemocnic. V\u00fdzkumy ukazuj\u00ed, \u017ee \u017eivot v bl\u00edzkosti vrt\u016f m\u016f\u017ee p\u0159edstavovat zdravotn\u00ed rizika, jako jsou p\u0159ed\u010dasn\u00e9 porody, astma, respira\u010dn\u00ed onemocn\u011bn\u00ed a rakovina.<\/p>\n\n<figure class=\"wp-block-image size-full\"><img loading=\"lazy\" decoding=\"async\" width=\"800\" height=\"534\" src=\"https:\/\/www.greenpeace.org\/static\/planet4-czech-republic-stateless\/2022\/12\/67779719-oohw0ed4h6dkpgl-08ivxifxurw2884mf3vq9ltmvbftk1ap2afzc8p9j18egbk5vmvx3npoljgsb0f1pfahqtsiz5lt7k2xrwrh_o7tc7my-dp-birrsez_9dop.jpg\" alt=\"\" class=\"wp-image-18083\" srcset=\"https:\/\/www.greenpeace.org\/static\/planet4-czech-republic-stateless\/2022\/12\/67779719-oohw0ed4h6dkpgl-08ivxifxurw2884mf3vq9ltmvbftk1ap2afzc8p9j18egbk5vmvx3npoljgsb0f1pfahqtsiz5lt7k2xrwrh_o7tc7my-dp-birrsez_9dop.jpg 800w, https:\/\/www.greenpeace.org\/static\/planet4-czech-republic-stateless\/2022\/12\/67779719-oohw0ed4h6dkpgl-08ivxifxurw2884mf3vq9ltmvbftk1ap2afzc8p9j18egbk5vmvx3npoljgsb0f1pfahqtsiz5lt7k2xrwrh_o7tc7my-dp-birrsez_9dop-300x200.jpg 300w, https:\/\/www.greenpeace.org\/static\/planet4-czech-republic-stateless\/2022\/12\/67779719-oohw0ed4h6dkpgl-08ivxifxurw2884mf3vq9ltmvbftk1ap2afzc8p9j18egbk5vmvx3npoljgsb0f1pfahqtsiz5lt7k2xrwrh_o7tc7my-dp-birrsez_9dop-768x513.jpg 768w, https:\/\/www.greenpeace.org\/static\/planet4-czech-republic-stateless\/2022\/12\/67779719-oohw0ed4h6dkpgl-08ivxifxurw2884mf3vq9ltmvbftk1ap2afzc8p9j18egbk5vmvx3npoljgsb0f1pfahqtsiz5lt7k2xrwrh_o7tc7my-dp-birrsez_9dop-510x340.jpg 510w\" sizes=\"auto, (max-width: 800px) 100vw, 800px\" \/><figcaption class=\"wp-element-caption\">Ropn\u00fd vrt viditeln\u011b v bl\u00edzkosti obytn\u00e9 \u010dtvrti, Kalifornie<em> \u00a9 David McNew \/ Greenpeace<\/em><\/figcaption><\/figure>\n\n<h3 class=\"wp-block-heading\"><strong>EU schv\u00e1lila z\u00e1kon o odles\u0148ov\u00e1n\u00ed<\/strong><\/h3>\n\n<p>V EU jako prvn\u00edm regionu na sv\u011bt\u011b budou muset firmy prok\u00e1zat, \u017ee jejich v\u00fdrobky nep\u0159isp\u00edvaj\u00ed k odles\u0148ov\u00e1n\u00ed, pokud je cht\u011bj\u00ed prod\u00e1vat na spole\u010dn\u00e9m trhu. V praxi to znamen\u00e1, \u017ee si p\u0159i n\u00e1kupu budete moci b\u00fdt jist\u00ed, \u017ee nekupujete v\u00fdrobky spojen\u00e9 s k\u00e1cen\u00edm prales\u016f. A co v\u00edc z\u00e1kon bude vymahateln\u00fd a za jeho poru\u0161en\u00ed budou firm\u00e1m hrozit pokuty.<\/p>\n\n<p>Podle zpr\u00e1vy WWF jsou zem\u011b EU zodpov\u011bdn\u00e9 za 16 % odles\u0148ov\u00e1n\u00ed tropick\u00fdch les\u016f v souvislosti s mezin\u00e1rodn\u011b obchodovan\u00fdmi komoditami, jako je maso, kau\u010duk, palmov\u00fd olej nebo s\u00f3ja.\u00a0<\/p>\n\n<p>Boj za ochranu prales\u016f je\u0161t\u011b nen\u00ed u konce, ale jsme o velk\u00fd krok bl\u00ed\u017e!<\/p>\n\n<figure class=\"wp-block-image size-full\"><img loading=\"lazy\" decoding=\"async\" width=\"800\" height=\"533\" src=\"https:\/\/www.greenpeace.org\/static\/planet4-czech-republic-stateless\/2022\/12\/1870398e-lkvmaqmosrccimstsknetszg_h-ndu2kfvm1ykefhcphb-9mbtfb3gvbbyrgjcaxzielchalazgiid45aenrugbhxahcuorq6t0_qupxln6gjh3y4ciqnyvyllkn.jpg\" alt=\"\" class=\"wp-image-18084\" srcset=\"https:\/\/www.greenpeace.org\/static\/planet4-czech-republic-stateless\/2022\/12\/1870398e-lkvmaqmosrccimstsknetszg_h-ndu2kfvm1ykefhcphb-9mbtfb3gvbbyrgjcaxzielchalazgiid45aenrugbhxahcuorq6t0_qupxln6gjh3y4ciqnyvyllkn.jpg 800w, https:\/\/www.greenpeace.org\/static\/planet4-czech-republic-stateless\/2022\/12\/1870398e-lkvmaqmosrccimstsknetszg_h-ndu2kfvm1ykefhcphb-9mbtfb3gvbbyrgjcaxzielchalazgiid45aenrugbhxahcuorq6t0_qupxln6gjh3y4ciqnyvyllkn-300x200.jpg 300w, https:\/\/www.greenpeace.org\/static\/planet4-czech-republic-stateless\/2022\/12\/1870398e-lkvmaqmosrccimstsknetszg_h-ndu2kfvm1ykefhcphb-9mbtfb3gvbbyrgjcaxzielchalazgiid45aenrugbhxahcuorq6t0_qupxln6gjh3y4ciqnyvyllkn-768x512.jpg 768w, https:\/\/www.greenpeace.org\/static\/planet4-czech-republic-stateless\/2022\/12\/1870398e-lkvmaqmosrccimstsknetszg_h-ndu2kfvm1ykefhcphb-9mbtfb3gvbbyrgjcaxzielchalazgiid45aenrugbhxahcuorq6t0_qupxln6gjh3y4ciqnyvyllkn-510x340.jpg 510w\" sizes=\"auto, (max-width: 800px) 100vw, 800px\" \/><figcaption class=\"wp-element-caption\">P\u0159\u00edklad odles\u0148ov\u00e1n\u00ed pro komoditn\u00ed zem\u011bd\u011blstv\u00ed &#8211; sojov\u00e9 plant\u00e1\u017ee v Braz\u00edlii<em> \u00a9 Victor Moriyama \/ Greenpeace<\/em><\/figcaption><\/figure>\n\n<h3 class=\"wp-block-heading\"><strong>Zam\u00edtnut\u00ed roz\u0161\u00ed\u0159en\u00ed \u017eelezn\u00e9ho dolu Baffinland<\/strong><\/h3>\n\n<p>Kanada zam\u00edtla roz\u0161\u00ed\u0159en\u00ed \u017eelezn\u00e9ho dolu v kanadsk\u00e9 Arktid\u011b po n\u011bkolika letech protest\u016f inuitsk\u00fdch ochr\u00e1nc\u016f p\u016fdy a jejich p\u0159\u00edznivc\u016f, v\u010detn\u011b Greenpeace Kanada a Greenpeace Lucembursko. Pl\u00e1novan\u00e9 roz\u0161\u00ed\u0159en\u00ed dol\u016f Baffinland by znamenalo zdvojn\u00e1soben\u00ed t\u011b\u017eby \u017eelezn\u00e9 rudy a vy\u017eadovalo by vybudov\u00e1n\u00ed 110 km dlouh\u00e9 \u017eeleznice do p\u0159\u00edstavu pobl\u00ed\u017e obce Pond Inlet. Roz\u0161\u00ed\u0159en\u00ed dolu p\u0159edstavovalo velkou hrozbu pro arktick\u00e9 \u017eivotn\u00ed prost\u0159ed\u00ed, divokou p\u0159\u00edrodu a \u017eivobyt\u00ed Inuit\u016f.\u00a0<\/p>\n\n<p>Jedn\u00e1 se o velk\u00e9 v\u00edt\u011bzstv\u00ed obr\u00e1nc\u016f inuitsk\u00e9 p\u016fdy a arktick\u00e9ho ekosyst\u00e9mu. &#8222;\u00c9ra, kdy Ottawa nad\u0159azovala rozvoj t\u011b\u017eby na severu nad domorod\u00e9 n\u00e1rody skon\u010dila,&#8220; \u0159ekl kanadsk\u00fd ministr pro severn\u00ed z\u00e1le\u017eitosti Dan Vandal. &#8222;Pozemek, na kter\u00e9m se d\u016fl nach\u00e1z\u00ed, nen\u00ed st\u00e1tn\u00ed p\u016fdou, je to p\u016fda ve vlastnictv\u00ed Inuit\u016f.&#8220;\u00a0<\/p>\n\n<figure class=\"wp-block-image size-full\"><img loading=\"lazy\" decoding=\"async\" width=\"800\" height=\"533\" src=\"https:\/\/www.greenpeace.org\/static\/planet4-czech-republic-stateless\/2022\/12\/364b0e5b-wlfv9jfbksvptmg6hnfjq9ntx4ezwms2awkgjhw-ecd8erin_cdj1c4a_hlvln_2yacct-tah4pflkfz-qucwgj18vtzhwnjffcqkrzuqurnnwlar6vdelxfuo2f.jpg\" alt=\"\" class=\"wp-image-18085\" srcset=\"https:\/\/www.greenpeace.org\/static\/planet4-czech-republic-stateless\/2022\/12\/364b0e5b-wlfv9jfbksvptmg6hnfjq9ntx4ezwms2awkgjhw-ecd8erin_cdj1c4a_hlvln_2yacct-tah4pflkfz-qucwgj18vtzhwnjffcqkrzuqurnnwlar6vdelxfuo2f.jpg 800w, https:\/\/www.greenpeace.org\/static\/planet4-czech-republic-stateless\/2022\/12\/364b0e5b-wlfv9jfbksvptmg6hnfjq9ntx4ezwms2awkgjhw-ecd8erin_cdj1c4a_hlvln_2yacct-tah4pflkfz-qucwgj18vtzhwnjffcqkrzuqurnnwlar6vdelxfuo2f-300x200.jpg 300w, https:\/\/www.greenpeace.org\/static\/planet4-czech-republic-stateless\/2022\/12\/364b0e5b-wlfv9jfbksvptmg6hnfjq9ntx4ezwms2awkgjhw-ecd8erin_cdj1c4a_hlvln_2yacct-tah4pflkfz-qucwgj18vtzhwnjffcqkrzuqurnnwlar6vdelxfuo2f-768x512.jpg 768w, https:\/\/www.greenpeace.org\/static\/planet4-czech-republic-stateless\/2022\/12\/364b0e5b-wlfv9jfbksvptmg6hnfjq9ntx4ezwms2awkgjhw-ecd8erin_cdj1c4a_hlvln_2yacct-tah4pflkfz-qucwgj18vtzhwnjffcqkrzuqurnnwlar6vdelxfuo2f-510x340.jpg 510w\" sizes=\"auto, (max-width: 800px) 100vw, 800px\" \/><figcaption class=\"wp-element-caption\"><br>Aktivist\u00e9 Greenpeace Lucembursko p\u0159ed s\u00eddlem ArcelorMittal v Lucembursku protestuj\u00ed solid\u00e1rn\u011b s komunitami Inuit\u016f, kter\u00e9 negativn\u011b ovlivnil \u017eelezn\u00fd d\u016fl v kanadsk\u00e9 Arktid\u011b provozovan\u00fd spole\u010dnost\u00ed Baffinland, spoluvlastn\u011bnou spole\u010dnost\u00ed ArcelorMittal. Banner \u201eRespect Inuit Or Leave\u201c navrhla Christi Belcourt, domorod\u00e1 um\u011blkyn\u011b \u017eij\u00edc\u00ed a pracuj\u00edc\u00ed v Kanad\u011b.<em>&nbsp; \u00a9 Greenpeace \/ Anais Hector<\/em><\/figcaption><\/figure>\n\n<p><\/p>\n\n<p>M\u00e1me za sebou mnoho \u00fasp\u011bch\u016f, ale k tomu abychom zajistili udr\u017eitelnou budocnost pro n\u00e1s i na\u0161e d\u011bti, ochranu klimatu, p\u0159\u00edrody a \u017eivota v n\u00ed m\u00e1me je\u0161t\u011b dlouhou cestu p\u0159ed sebou.  D\u011bkujeme v\u0161em, kte\u0159\u00ed p\u0159isp\u00edvaj\u00ed k ochran\u011b na\u0161i planety. <\/p>\n\n<div class=\"wp-block-buttons is-content-justification-center is-layout-flex wp-container-core-buttons-is-layout-16018d1d wp-block-buttons-is-layout-flex\">\n<div class=\"wp-block-button is-style-cta\"><a class=\"wp-block-button__link wp-element-button\" href=\"https:\/\/podpora.greenpeace.cz\/vterina\/\">P\u0159id\u00e1m se k ochran\u011b p\u0159\u00edrody<\/a><\/div>\n<\/div>\n\n<p>   <em>Autorem p\u0159elo\u017eeno z anglick\u00e9ho origin\u00e1lu<\/em>.<\/p>\n","protected":false},"excerpt":{"rendered":"<p>Kon\u010d\u00ed dal\u0161\u00ed rok. V kontextu nekone\u010dn\u00e9ho ot\u00e1len\u00ed vl\u00e1d a korporac\u00ed v ot\u00e1zk\u00e1ch klimatu jsme zaznamenali n\u011bkolik v\u00fdznamn\u00fdch \u00fasp\u011bch\u016f v oblasti klimatu a environment\u00e1ln\u00ed spravedlnosti. Oslavujeme tato v\u00edt\u011bzstv\u00ed, abychom si udr\u017eeli dobrou n\u00e1ladu a nad\u011bji p\u0159i pokra\u010dov\u00e1n\u00ed na\u0161\u00ed snahy za lep\u0161\u00ed, zelen\u011bj\u0161\u00ed a spravedliv\u011bj\u0161\u00ed sv\u011bt pro v\u0161echny.<\/p>\n","protected":false},"author":74,"featured_media":18081,"comment_status":"open","ping_status":"closed","sticky":false,"template":"","format":"standard","meta":{"ep_exclude_from_search":false,"p4_og_title":"","p4_og_description":"","p4_og_image":"","p4_og_image_id":"","p4_seo_canonical_url":"","p4_campaign_name":"not set","p4_local_project":"not set","p4_basket_name":"not set","p4_department":"","footnotes":""},"categories":[30],"tags":[13,28,17,18,20],"p4-page-type":[16],"class_list":["post-18066","post","type-post","status-publish","format-standard","has-post-thumbnail","hentry","category-greenpeace","tag-o-greenpeace","tag-uspechy","tag-lesy-pralesy","tag-oceany","tag-zmena-klimatu","p4-page-type-clanek"],"_links":{"self":[{"href":"https:\/\/www.greenpeace.org\/czech\/wp-json\/wp\/v2\/posts\/18066","targetHints":{"allow":["GET"]}}],"collection":[{"href":"https:\/\/www.greenpeace.org\/czech\/wp-json\/wp\/v2\/posts"}],"about":[{"href":"https:\/\/www.greenpeace.org\/czech\/wp-json\/wp\/v2\/types\/post"}],"author":[{"embeddable":true,"href":"https:\/\/www.greenpeace.org\/czech\/wp-json\/wp\/v2\/users\/74"}],"replies":[{"embeddable":true,"href":"https:\/\/www.greenpeace.org\/czech\/wp-json\/wp\/v2\/comments?post=18066"}],"version-history":[{"count":20,"href":"https:\/\/www.greenpeace.org\/czech\/wp-json\/wp\/v2\/posts\/18066\/revisions"}],"predecessor-version":[{"id":18147,"href":"https:\/\/www.greenpeace.org\/czech\/wp-json\/wp\/v2\/posts\/18066\/revisions\/18147"}],"wp:featuredmedia":[{"embeddable":true,"href":"https:\/\/www.greenpeace.org\/czech\/wp-json\/wp\/v2\/media\/18081"}],"wp:attachment":[{"href":"https:\/\/www.greenpeace.org\/czech\/wp-json\/wp\/v2\/media?parent=18066"}],"wp:term":[{"taxonomy":"category","embeddable":true,"href":"https:\/\/www.greenpeace.org\/czech\/wp-json\/wp\/v2\/categories?post=18066"},{"taxonomy":"post_tag","embeddable":true,"href":"https:\/\/www.greenpeace.org\/czech\/wp-json\/wp\/v2\/tags?post=18066"},{"taxonomy":"p4-page-type","embeddable":true,"href":"https:\/\/www.greenpeace.org\/czech\/wp-json\/wp\/v2\/p4-page-type?post=18066"}],"curies":[{"name":"wp","href":"https:\/\/api.w.org\/{rel}","templated":true}]}}