{"id":18095,"date":"2022-12-19T15:06:31","date_gmt":"2022-12-19T14:06:31","guid":{"rendered":"https:\/\/www.greenpeace.org\/czech\/?p=18095"},"modified":"2022-12-23T22:10:38","modified_gmt":"2022-12-23T21:10:38","slug":"greenpeace-vita-vysledek-konference-cop15-budoucnost-biodiverzity-nyni-zavisi-na-rychlosti-a-vuli-implementovat-dohodu-jednotlivymi-staty","status":"publish","type":"post","link":"https:\/\/www.greenpeace.org\/czech\/tiskova-zprava\/18095\/greenpeace-vita-vysledek-konference-cop15-budoucnost-biodiverzity-nyni-zavisi-na-rychlosti-a-vuli-implementovat-dohodu-jednotlivymi-staty\/","title":{"rendered":"Greenpeace v\u00edt\u00e1 v\u00fdsledek konference COP15. Budoucnost biodiverzity nyn\u00ed z\u00e1vis\u00ed na rychlosti a v\u016fli implementovat dohodu jednotliv\u00fdmi st\u00e1ty"},"content":{"rendered":"\n<p>Po v\u00edce ne\u017e \u010dty\u0159ech letech jedn\u00e1n\u00ed a&nbsp;&nbsp;opakovan\u00fdch odkladech kv\u016fli pandemii Covid-19 schv\u00e1lilo dnes na konferenci o biologick\u00e9 rozmanitosti COP 15&nbsp;&nbsp;v\u00edce ne\u017e 200 st\u00e1t\u016f dohodu, kter\u00e1 m\u00e1 nasm\u011brovat lidstvo do roku 2050 k fungov\u00e1n\u00ed v souladu s p\u0159\u00edrodou. P\u0159esto\u017ee je dohoda ozna\u010dovan\u00e1 jako pr\u016flomov\u00e1, obsahuje \u0159adu otazn\u00edk\u016f a zm\u011bk\u010den\u00ed p\u016fvodn\u00edch c\u00edl\u016f.&nbsp;&nbsp;<\/p>\n\n<p>Greenpeace v\u00edt\u00e1, \u017ee ve v\u00fdsledn\u00e9&nbsp;&nbsp;dohod\u011b na COP15 byla v\u00fdslovn\u011b uzn\u00e1na pr\u00e1va, role, \u00fazem\u00ed a znalosti p\u016fvodn\u00edch obyvatel, co\u017e je nej\u00fa\u010dinn\u011bj\u0161\u00ed ochrana biologick\u00e9 rozmanitosti, kter\u00e1 vze\u0161la z jedn\u00e1n\u00ed OSN o biologick\u00e9 rozmanitosti.<\/p>\n\n<figure class=\"wp-block-image size-large\"><img loading=\"lazy\" decoding=\"async\" width=\"1024\" height=\"683\" src=\"https:\/\/www.greenpeace.org\/static\/planet4-czech-republic-stateless\/2022\/12\/e2f7d12e-gp_mzp_save-nature-save-life_print-34-1024x683.jpg\" alt=\"\" class=\"wp-image-18096\" srcset=\"https:\/\/www.greenpeace.org\/static\/planet4-czech-republic-stateless\/2022\/12\/e2f7d12e-gp_mzp_save-nature-save-life_print-34-1024x683.jpg 1024w, https:\/\/www.greenpeace.org\/static\/planet4-czech-republic-stateless\/2022\/12\/e2f7d12e-gp_mzp_save-nature-save-life_print-34-300x200.jpg 300w, https:\/\/www.greenpeace.org\/static\/planet4-czech-republic-stateless\/2022\/12\/e2f7d12e-gp_mzp_save-nature-save-life_print-34-768x512.jpg 768w, https:\/\/www.greenpeace.org\/static\/planet4-czech-republic-stateless\/2022\/12\/e2f7d12e-gp_mzp_save-nature-save-life_print-34-1536x1024.jpg 1536w, https:\/\/www.greenpeace.org\/static\/planet4-czech-republic-stateless\/2022\/12\/e2f7d12e-gp_mzp_save-nature-save-life_print-34-2048x1366.jpg 2048w, https:\/\/www.greenpeace.org\/static\/planet4-czech-republic-stateless\/2022\/12\/e2f7d12e-gp_mzp_save-nature-save-life_print-34-510x340.jpg 510w\" sizes=\"auto, (max-width: 1024px) 100vw, 1024px\" \/><\/figure>\n\n<p><strong>An Lambrechts, vedouc\u00ed delegace Greenpeace na COP15, uvedla:<\/strong><br><em>&#8222;Domorod\u00e9 n\u00e1rody jsou nejschopn\u011bj\u0161\u00ed a nejznalej\u0161\u00edmi str\u00e1\u017eci p\u0159\u00edrody. Pokud budou domorod\u00ed obyvatel\u00e9 ve vedouc\u00edch rol\u00edch, je zde velk\u00fd potenci\u00e1l pro ochranu biologick\u00e9 rozmanitosti. Ochrana zalo\u017een\u00e1 na pr\u00e1vech je budoucnost\u00ed ochrany p\u0159\u00edrody. P\u0159\u00edm\u00e9 financov\u00e1n\u00ed domorod\u00fdch n\u00e1rod\u016f je dal\u0161\u00edm z\u00e1sadn\u00edm krokem.&#8220;<\/em><\/p>\n\n<p><strong>Jan Freidinger z Greenpeace \u010cR pokra\u010duje:<\/strong><br><em>\u201cV\u00edt\u00e1me, \u017ee se st\u00e1ty se dohodly na ochran\u011b a obnov\u011b 30 % planety &#8211; oce\u00e1n\u016f, mo\u0159\u00ed, vnitrozemsk\u00fdch vod i pevniny do roku 2030, nicm\u00e9n\u011b text neobsahuje jasn\u00e9 vylou\u010den\u00ed \u0161kodliv\u00fdch aktivit z chr\u00e1n\u011bn\u00fdch \u00fazem\u00ed a existuje hrozba, \u017ee skute\u010dn\u00e1 ochrana z\u016fstane jen na pap\u00ed\u0159e.\u201d&nbsp;&nbsp;<\/em><\/p>\n\n<p>COP 15 sice p\u0159inesl v mnoha ohledech z\u00e1sadn\u00ed pr\u016flom v glob\u00e1ln\u00ed ochran\u011b biodiverzity, ale st\u00e1le z\u016fst\u00e1vaj\u00ed pochybnosti zda jsou dohodnut\u00e9 n\u00e1stroje, v\u010detn\u011b financ\u00ed, kter\u00e9 v\u00fdsledn\u00e1 dohoda p\u0159in\u00e1\u0161\u00ed, dostate\u010dn\u00e9 pro zastaven\u00ed masov\u00e9ho vym\u00edr\u00e1n\u00ed druh\u016f na na\u0161\u00ed planet\u011b. Dohoda nen\u00ed nav\u00edc pr\u00e1vn\u011b z\u00e1vazn\u00e1 a zku\u0161enosti z klimatick\u00fdch COP\u016f jasn\u011b ukazuj\u00ed, \u017ee slova a sliby jsou jedna v\u011bc, ale realita a skute\u010dn\u00e9 napl\u0148ov\u00e1n\u00ed slib\u016f v praxi v\u011bc druh\u00e1. Z\u00e1chrana p\u0159\u00edrodn\u00ed rozmanitosti na\u0161\u00ed planety tak z velk\u00e9 m\u00edry z\u00e1vis\u00ed na rychlosti implementace dohody a v\u016fli p\u0159edev\u0161\u00edm vysp\u011bl\u00fdch st\u00e1t\u016f mobilizovat dostate\u010dn\u00e9 zdroje, bez kter\u00fdch se dohoda nem\u00e1 \u0161anci naplnit.&nbsp;<\/p>\n\n<p>Je nutn\u00e9, aby st\u00e1ty&nbsp;&nbsp;prom\u00edtly dohodu do ambici\u00f3zn\u00edch n\u00e1rodn\u00edch pl\u00e1n\u016f a politik v oblasti biologick\u00e9 rozmanitosti tak, aby byly v souladu s glob\u00e1ln\u00edm c\u00edlem zvr\u00e1tit \u00fabytek biologick\u00e9 rozmanitosti do roku 2030. To se t\u00fdk\u00e1 i EU a \u010ceska.<\/p>\n\n<p><strong>Jan Freidinger k tomu dod\u00e1v\u00e1:&nbsp;<br><\/strong><em>\u201eKone\u010dn\u00fd \u00fa\u010det se nebude d\u011blat na z\u00e1klad\u011b textu dohody, ale podle toho jak dob\u0159e se dohoda bude implementovat. \u010cesk\u00e9 p\u0159edsednictv\u00ed a EU m\u00e1 ji\u017e z\u00edtra b\u011bhem jedn\u00e1n\u00ed ministr\u016f \u017eivotn\u00edho prost\u0159ed\u00ed EU o unijn\u00edm Z\u00e1konu o obnov\u011b p\u0159\u00edrody mo\u017enost dok\u00e1zat, \u017ee Montrealsk\u00e1 dohoda pro n\u011b nen\u00ed jen c\u00e1r pap\u00edru, kdy\u017e vyj\u00e1d\u0159\u00ed jednozna\u010dnou podporu n\u00e1vrhu Komise obnovit do roku 2030 nejm\u00e9n\u011b 20 % pevniny a nejm\u00e9n\u011b 20 % mo\u0159sk\u00fdch oblast\u00ed EU, p\u0159i\u010dem\u017e pro v\u0161echny ekosyst\u00e9my budou stanoveny smyslupln\u00e9 c\u00edle.\u201d<\/em><\/p>\n","protected":false},"excerpt":{"rendered":"<p>Po v\u00edce ne\u017e \u010dty\u0159ech letech jedn\u00e1n\u00ed a\u00a0\u00a0opakovan\u00fdch odkladech kv\u016fli pandemii Covid-19 schv\u00e1lilo dnes na konferenci o biologick\u00e9 rozmanitosti COP 15\u00a0\u00a0v\u00edce ne\u017e 200 st\u00e1t\u016f dohodu, kter\u00e1&hellip;<\/p>\n","protected":false},"author":29,"featured_media":18096,"comment_status":"open","ping_status":"closed","sticky":false,"template":"","format":"standard","meta":{"ep_exclude_from_search":false,"p4_og_title":"","p4_og_description":"","p4_og_image":"","p4_og_image_id":"","p4_seo_canonical_url":"","p4_campaign_name":"not set","p4_local_project":"not set","p4_basket_name":"not set","p4_department":"","footnotes":""},"categories":[2],"tags":[17,20],"p4-page-type":[14],"class_list":["post-18095","post","type-post","status-publish","format-standard","has-post-thumbnail","hentry","category-priroda","tag-lesy-pralesy","tag-zmena-klimatu","p4-page-type-tiskova-zprava"],"_links":{"self":[{"href":"https:\/\/www.greenpeace.org\/czech\/wp-json\/wp\/v2\/posts\/18095","targetHints":{"allow":["GET"]}}],"collection":[{"href":"https:\/\/www.greenpeace.org\/czech\/wp-json\/wp\/v2\/posts"}],"about":[{"href":"https:\/\/www.greenpeace.org\/czech\/wp-json\/wp\/v2\/types\/post"}],"author":[{"embeddable":true,"href":"https:\/\/www.greenpeace.org\/czech\/wp-json\/wp\/v2\/users\/29"}],"replies":[{"embeddable":true,"href":"https:\/\/www.greenpeace.org\/czech\/wp-json\/wp\/v2\/comments?post=18095"}],"version-history":[{"count":7,"href":"https:\/\/www.greenpeace.org\/czech\/wp-json\/wp\/v2\/posts\/18095\/revisions"}],"predecessor-version":[{"id":18160,"href":"https:\/\/www.greenpeace.org\/czech\/wp-json\/wp\/v2\/posts\/18095\/revisions\/18160"}],"wp:featuredmedia":[{"embeddable":true,"href":"https:\/\/www.greenpeace.org\/czech\/wp-json\/wp\/v2\/media\/18096"}],"wp:attachment":[{"href":"https:\/\/www.greenpeace.org\/czech\/wp-json\/wp\/v2\/media?parent=18095"}],"wp:term":[{"taxonomy":"category","embeddable":true,"href":"https:\/\/www.greenpeace.org\/czech\/wp-json\/wp\/v2\/categories?post=18095"},{"taxonomy":"post_tag","embeddable":true,"href":"https:\/\/www.greenpeace.org\/czech\/wp-json\/wp\/v2\/tags?post=18095"},{"taxonomy":"p4-page-type","embeddable":true,"href":"https:\/\/www.greenpeace.org\/czech\/wp-json\/wp\/v2\/p4-page-type?post=18095"}],"curies":[{"name":"wp","href":"https:\/\/api.w.org\/{rel}","templated":true}]}}