{"id":18163,"date":"2022-12-21T16:27:00","date_gmt":"2022-12-21T15:27:00","guid":{"rendered":"https:\/\/www.greenpeace.org\/czech\/?p=18163"},"modified":"2022-12-24T16:28:51","modified_gmt":"2022-12-24T15:28:51","slug":"cesko-uspesne-zvladlo-predsednictvi-v-rade-eu-v-tematech-energetiky-a-zivotniho-prostredi-vsak-nebylo-dostatecne-ambiciozni","status":"publish","type":"post","link":"https:\/\/www.greenpeace.org\/czech\/tiskova-zprava\/18163\/cesko-uspesne-zvladlo-predsednictvi-v-rade-eu-v-tematech-energetiky-a-zivotniho-prostredi-vsak-nebylo-dostatecne-ambiciozni\/","title":{"rendered":"\u010cesko \u00fasp\u011b\u0161n\u011b zvl\u00e1dlo p\u0159edsednictv\u00ed v Rad\u011b EU. V t\u00e9matech energetiky a \u017eivotn\u00edho prost\u0159ed\u00ed v\u0161ak nebylo dostate\u010dn\u011b ambici\u00f3zn\u00ed"},"content":{"rendered":"\n<p>31. prosince 2022 kon\u010d\u00ed \u010desk\u00e9 p\u0159edsednictv\u00ed v Rad\u011b Evropsk\u00e9 unie. B\u011bhem p\u016flro\u010dn\u00edho p\u0159edsednictv\u00ed se \u010cesk\u00e9 republice da\u0159ilo posouvat kup\u0159edu d\u016fle\u017eitou evropskou agendu. \u010cesko p\u0159isp\u011blo k dosa\u017een\u00ed shody na velk\u00e9 \u010d\u00e1sti klimatick\u00e9ho legislativn\u00edho bal\u00ed\u010dku <em>Fit for 55 <\/em>a p\u0159edstavilo \u0159adu n\u00e1vrh\u016f na \u0159e\u0161en\u00ed aktu\u00e1ln\u00edch v\u00fdzev, se kter\u00fdmi se EU moment\u00e1ln\u011b pot\u00fdk\u00e1.<\/p>\n\n<figure class=\"wp-block-image size-large\"><img loading=\"lazy\" decoding=\"async\" width=\"1024\" height=\"683\" src=\"https:\/\/www.greenpeace.org\/static\/planet4-czech-republic-stateless\/2022\/10\/015d8d5c-pbg_gp_6.10_prague-9-1024x683.jpg\" alt=\"\" class=\"wp-image-17675\" srcset=\"https:\/\/www.greenpeace.org\/static\/planet4-czech-republic-stateless\/2022\/10\/015d8d5c-pbg_gp_6.10_prague-9-1024x683.jpg 1024w, https:\/\/www.greenpeace.org\/static\/planet4-czech-republic-stateless\/2022\/10\/015d8d5c-pbg_gp_6.10_prague-9-300x200.jpg 300w, https:\/\/www.greenpeace.org\/static\/planet4-czech-republic-stateless\/2022\/10\/015d8d5c-pbg_gp_6.10_prague-9-768x512.jpg 768w, https:\/\/www.greenpeace.org\/static\/planet4-czech-republic-stateless\/2022\/10\/015d8d5c-pbg_gp_6.10_prague-9-1536x1024.jpg 1536w, https:\/\/www.greenpeace.org\/static\/planet4-czech-republic-stateless\/2022\/10\/015d8d5c-pbg_gp_6.10_prague-9-2048x1366.jpg 2048w, https:\/\/www.greenpeace.org\/static\/planet4-czech-republic-stateless\/2022\/10\/015d8d5c-pbg_gp_6.10_prague-9-510x340.jpg 510w\" sizes=\"auto, (max-width: 1024px) 100vw, 1024px\" \/><\/figure>\n\n<p>V\u00fdsledn\u00e1 podoba klimatick\u00fdch opat\u0159en\u00ed ale nen\u00ed dostate\u010dn\u00e1 ke spln\u011bn\u00ed c\u00edl\u016f Pa\u0159\u00ed\u017esk\u00e9 klimatick\u00e9 dohody. Do velk\u00e9 m\u00edry jde o d\u016fsledek nedostate\u010dn\u011b ambici\u00f3zn\u00edho p\u0159\u00edstupu jak Evropsk\u00e9ho parlamentu, tak \u010dlensk\u00fdch st\u00e1t\u016f i Evropsk\u00e9 komise. V n\u011bkter\u00fdch n\u00e1vrz\u00edch a \u0159e\u0161en\u00edch mohla b\u00fdt ambici\u00f3zn\u011bj\u0161\u00ed tak\u00e9 samotn\u00e1 \u010cesk\u00e1 republika.<\/p>\n\n<p>Velkou pozornost na sebe strhla Rada pro energetiku, kter\u00e1 se b\u011bhem \u0161esti m\u011bs\u00edc\u016f \u010desk\u00e9ho p\u0159edsednictv\u00ed se\u0161la dev\u011btkr\u00e1t, a to v\u010detn\u011b neform\u00e1ln\u00edho zased\u00e1n\u00ed ministr\u016f na summitu v Praze. Krom\u011b b\u011b\u017en\u00e9 agendy a legislativy se minist\u0159i pro energetiku EU museli vypo\u0159\u00e1dat tak\u00e9 s p\u0159etrv\u00e1vaj\u00edc\u00ed energetickou kriz\u00ed zp\u016fsobenou ruskou v\u00e1lkou na Ukrajin\u011b.<\/p>\n\n<p>Co v\u0161e se b\u011bhem \u010desk\u00e9ho p\u0159edsednictv\u00ed v Evropsk\u00e9 unii (nejen) v oblasti klimatick\u00fdch politik ud\u00e1lo a jak v\u00fdsledky hodnotit?<\/p>\n\n<h3 class=\"wp-block-heading\"><a><\/a>Obchodov\u00e1n\u00ed s emisn\u00edmi povolenkami (EU ETS)<\/h3>\n\n<p><em>Komentuje Barbora Urbanov\u00e1 z Centra pro dopravu a energetiku<\/em><\/p>\n\n<p>Fin\u00e1ln\u00ed podoba \u010derstv\u011b schv\u00e1len\u00e9 revize syst\u00e9mu obchodov\u00e1n\u00ed s emisn\u00edmi povolenkami EU ETS m\u00e1 v\u00e9st ke sn\u00ed\u017een\u00ed emis\u00ed z dot\u010den\u00fdch sektor\u016f do roku 2030 o 62 % (nam\u00edsto 61 %, kter\u00e9 navrhovala Evropsk\u00e1 komise). Jedn\u00e1 se tedy o m\u00edrn\u00e9 nav\u00fd\u0161en\u00ed ambice. I p\u0159es rychlej\u0161\u00ed tempo sni\u017eov\u00e1n\u00ed emis\u00ed v\u0161ak nejsou zm\u011bny dostate\u010dn\u00e9 na to, aby EU splnila sv\u016fj adekv\u00e1tn\u00ed pod\u00edl na napln\u011bn\u00ed c\u00edle Pa\u0159\u00ed\u017esk\u00e9 dohody udr\u017eet oteplen\u00ed planety pod 1,5 \u00b0C. K tomu by bylo pot\u0159eba sn\u00ed\u017eit emise v EU ETS o 70 %.<\/p>\n\n<p>Velmi pozitivn\u00ed je povinnost pou\u017e\u00edt 100 % v\u00fdnos\u016f z prodeje povolenek na klimatick\u00e1 opat\u0159en\u00ed. Na druhou stranu prost\u0159edky z Moderniza\u010dn\u00edho fondu, kter\u00fd je rovn\u011b\u017e financov\u00e1n prodejem povolenek, bude mo\u017en\u00e9 i nad\u00e1le podporovat investice do fosiln\u00edho plynu na \u00fakor \u010dist\u00fdch \u0159e\u0161en\u00ed. Negativn\u00ed roli sehr\u00e1la Rada p\u0159i projedn\u00e1v\u00e1n\u00ed legislativn\u00edho ukotven\u00ed klimatick\u00e9 neutrality nejpozd\u011bji v roce 2050 jako podm\u00ednky pro \u010derp\u00e1n\u00ed prost\u0159edk\u016f z Moderniza\u010dn\u00edho fondu. Podm\u00ednka nakonec nebyla schv\u00e1lena.<\/p>\n\n<p>Za nejv\u00edce problematick\u00fd pova\u017eujeme fakt, \u017ee pr\u016fmysl bude i nad\u00e1le dost\u00e1vat velkou \u010d\u00e1st povolenek zdarma, a to a\u017e do roku 2034. Dom\u00e1cnosti tak budou cenou povolenky zat\u00ed\u017eeny d\u0159\u00edve ne\u017e velc\u00ed zne\u010di\u0161\u0165ovatel\u00e9 a \u010dlensk\u00e9 st\u00e1ty p\u0159ijdou o v\u00fdnosy ve v\u00fd\u0161i a\u017e 200 &#8211; 400 miliard eur.<\/p>\n\n<h3 class=\"wp-block-heading\"><a><\/a>Roz\u0161\u00ed\u0159en\u00ed syst\u00e9mu EU ETS o sektory silni\u010dn\u00ed dopravy a budov (EU ETS2)<\/h3>\n\n<p><em>Komentuje Barbora Urbanov\u00e1 z Centra pro dopravu a energetiku<\/em><\/p>\n\n<p>Syst\u00e9m EU ETS nov\u011b zahrne i sektory silni\u010dn\u00ed dopravy a budov. Od roku 2027 tak budou i emise z t\u011bchto sektor\u016f zpoplatn\u011bn\u00e9 emisn\u00edmi povolenkami. V p\u0159\u00edpad\u011b vysok\u00fdch cen energi\u00ed se \u00fa\u010dinnost syst\u00e9mu pro dom\u00e1cnosti m\u016f\u017ee o rok odlo\u017eit. Cena povolenek v r\u00e1mci tzv. ETS2 byla zastropov\u00e1na na 45 EUR\/tCO<sub>2<\/sub>, co\u017e pom\u016f\u017ee zamezit jej\u00edm prudk\u00fdm v\u00fdkyv\u016fm. Roz\u0161\u00ed\u0159en\u00ed syst\u00e9mu ETS na dal\u0161\u00ed sektory pova\u017eujeme za spr\u00e1vn\u00fd krok, je v\u0161ak kl\u00ed\u010dov\u00e9 sou\u010dasn\u011b zajistit dostate\u010dnou a c\u00edlenou podporu zraniteln\u00fdm dom\u00e1cnostem.<\/p>\n\n<h3 class=\"wp-block-heading\"><a><\/a>Mechanismus uhl\u00edkov\u00e9ho vyrovn\u00e1n\u00ed na hranic\u00edch (CBAM neboli \u201cuhl\u00edkov\u00e9 clo\u201d)<\/h3>\n\n<p><em>Komentuje Kate\u0159ina Davidov\u00e1 z Centra pro dopravu a energetiku<\/em><\/p>\n\n<p>Novinkou v klimatick\u00e9 politice bude zaveden\u00ed mechanismu uhl\u00edkov\u00e9ho vyrovn\u00e1n\u00ed na hranic\u00edch (CBAM neboli \u201cuhl\u00edkov\u00e9 clo\u201d). Bude se t\u00fdkat emisn\u011b n\u00e1ro\u010dn\u00fdch v\u00fdrobk\u016f importovan\u00fdch do EU z t\u0159et\u00edch zem\u00ed, kter\u00e9 samy nemaj\u00ed emise CO<sub>2<\/sub> zpoplatn\u011bny. Konkr\u00e9tn\u011b se jedn\u00e1 o sektory v\u00fdroby oceli, hlin\u00edku, cementu, hnojiv, vod\u00edku a o elektrickou energii. Od roku 2023 budou m\u00edt export\u00e9\u0159i do EU povinnost reportovat o emis\u00edch sv\u00fdch v\u00fdrobk\u016f, od roku 2026 pak budou m\u00edt povinnost na tyto emise nakupovat certifik\u00e1ty ve v\u00fd\u0161i odpov\u00eddaj\u00edc\u00ed pr\u016fm\u011brn\u00e9 cen\u011b povolenky v r\u00e1mci EU ETS. \u201cUhl\u00edkov\u00e9 clo\u201d povede k vyrovn\u00e1n\u00ed podm\u00ednek na glob\u00e1ln\u00edm trhu a ochr\u00e1n\u00ed evropsk\u00fd pr\u016fmysl p\u0159ed tzv. \u00fanikem uhl\u00edku do zem\u00ed s ni\u017e\u0161\u00edm nebo \u017e\u00e1dn\u00fdm zpoplatn\u011bn\u00edm emis\u00ed CO<sub>2<\/sub>. Dosa\u017een\u00ed shody na zaveden\u00ed tohoto historicky prvn\u00edho n\u00e1stroje propojuj\u00edc\u00edho klimatickou, zahrani\u010dn\u00ed a obchodn\u00ed politiku EU v\u00edt\u00e1me, av\u0161ak nesouhlas\u00edme s t\u00edm, aby z\u00e1rove\u0148 s jeho uveden\u00edm do praxe evropsk\u00fd pr\u016fmysl i nad\u00e1le z\u00edsk\u00e1val povolenky zdarma v r\u00e1mci syst\u00e9mu EU ETS.<\/p>\n\n<h3 class=\"wp-block-heading\"><a><\/a>Soci\u00e1ln\u00ed klimatick\u00fd fond<\/h3>\n\n<p><em>Komentuje Barbora Urbanov\u00e1 z Centra pro dopravu a energetiku<\/em><\/p>\n\n<p>Z\u00e1konod\u00e1rci schv\u00e1lili vznik nov\u00e9ho Soci\u00e1ln\u00edho klimatick\u00e9ho fondu. Ten m\u00e1 b\u00fdt spu\u0161t\u011bn v roce 2026 a disponovat 86 miliardami eur. Ty budou \u010dlensk\u00e9 st\u00e1ty moci vyu\u017e\u00edt na p\u0159\u00edmou podporu dom\u00e1cnostem a sm\u011b\u0159ovat je do \u00faspor energi\u00ed, p\u0159echodu na obnoviteln\u00e9 zdroje \u010di na p\u0159\u00edmou kompenzaci vysok\u00fdch n\u00e1klad\u016f na energie.<\/p>\n\n<p>Zat\u00edmco Evropsk\u00e1 komise p\u016fvodn\u011b navrhovala objem Fondu ve v\u00fd\u0161i 72 miliard eur, n\u011bkter\u00e9 \u010dlensk\u00e9 st\u00e1ty cht\u011bly Fond podstatn\u011b men\u0161\u00ed nebo \u017e\u00e1dn\u00fd. V\u00fdsledn\u00fd objem ve v\u00fd\u0161i 86 miliard eur lze proto pova\u017eovat za \u00fasp\u011bch. V\u00edt\u00e1me fakt, \u017ee Fond m\u00e1 vzniknout o jeden a\u017e dva roky d\u0159\u00edve, ne\u017e budou sektory budov a silni\u010dn\u00ed dopravy zat\u00ed\u017een\u00e9 cenou povolenky.<\/p>\n\n<h3 class=\"wp-block-heading\"><a><\/a>Na\u0159\u00edzen\u00ed o sd\u00edlen\u00ed \u00fasil\u00ed (ESR)<\/h3>\n\n<p><em>Komentuje \u0160t\u011bp\u00e1n Vizi z Centra pro dopravu a energetiku<\/em><\/p>\n\n<p>Z\u00e1v\u011bre\u010dn\u00e1 podoba na\u0159\u00edzen\u00ed, kter\u00e9 pro jednotliv\u00e9 st\u00e1ty stanovuje emisn\u00ed c\u00edle v sektorech dopravy, budov, zem\u011bd\u011blstv\u00ed a odpad\u016f, po\u010d\u00edt\u00e1 s m\u00edrn\u011b rychlej\u0161\u00edm sni\u017eov\u00e1n\u00edm emis\u00ed ne\u017e p\u016fvodn\u00ed n\u00e1vrh Evropsk\u00e9 komise. Celkov\u00fd c\u00edl dos\u00e1hnout v t\u011bchto sektorech do roku 2030 sn\u00ed\u017een\u00ed o 40 % v porovn\u00e1n\u00ed s rokem 2005 ale z\u016fstal zachov\u00e1n, ke spln\u011bn\u00ed c\u00edl\u016f Pa\u0159\u00ed\u017esk\u00e9 dohody by p\u0159itom bylo pot\u0159eba sn\u00ed\u017een\u00ed o 50 %. V\u00fdsledn\u00e1 dohoda obsahuje n\u011bkolik d\u00edl\u010d\u00edch zlep\u0161en\u00ed, nech\u00e1v\u00e1 ale \u010dlensk\u00fdm st\u00e1t\u016fm st\u00e1le dost prostoru, jak se sni\u017eov\u00e1n\u00ed emis\u00ed vyhnout. Skute\u010dn\u00e9 sn\u00ed\u017een\u00ed emis\u00ed tak m\u016f\u017ee b\u00fdt ve v\u00fdsledku v\u00fdrazn\u011b men\u0161\u00ed ne\u017e na pap\u00ed\u0159e.<\/p>\n\n<h3 class=\"wp-block-heading\"><a><\/a>Sm\u011brnice o obnoviteln\u00fdch zdroj\u00edch energie a Sm\u011brnice o energetick\u00e9 \u00fa\u010dinnosti<\/h3>\n\n<p><em>Komentuje Ond\u0159ej Pa\u0161ek z Hnut\u00ed DUHA<\/em><\/p>\n\n<p>V souvislosti s energetickou kriz\u00ed rozhodla Evropsk\u00e1 rada o \u0159ad\u011b d\u00edl\u010d\u00edch opat\u0159en\u00ed, kter\u00e1 povedou ke zrychlen\u00ed a zjednodu\u0161en\u00ed povolov\u00e1n\u00ed obnoviteln\u00fdch zdroj\u016f energie. Jde zejm\u00e9na o \u00fapravu z legislativn\u00edho bal\u00ed\u010dku REPower EU, kter\u00e1 zav\u00e1d\u00ed zkr\u00e1cen\u00ed povolovac\u00edch lh\u016ft a&nbsp; vyty\u010den\u00ed z\u00f3n pro urychlenou v\u00fdstavbu OZE (tzv. go-to z\u00f3ny). \u010cesk\u00e9 p\u0159edsednictv\u00ed ale nedok\u00e1zalo vyu\u017e\u00edt tyto p\u0159\u00edle\u017eitosti pro v\u00fdstavbu nov\u00fdch obnoviteln\u00fdch zdroj\u016f k tomu, aby v Rad\u011b nav\u00fd\u0161ilo celkov\u00fd c\u00edl pod\u00edlu obnoviteln\u00fdch zdroj\u016f na spot\u0159eb\u011b energie ze 40 %. Nav\u00edc se p\u0159edsednictv\u00ed vyhnulo vyjedn\u00e1n\u00ed c\u00edle pro obnoviteln\u00e9 zdroje s Evropsk\u00fdm parlamentem a Evropskou komis\u00ed, kter\u00e9 po\u017eaduj\u00ed 45 %, a cel\u00e1 Sm\u011brnice o obnoviteln\u00fdch zdroj\u00edch tak z\u016fst\u00e1v\u00e1 neschv\u00e1lena.<\/p>\n\n<p>Stejn\u011b tak z\u016fst\u00e1v\u00e1 neschv\u00e1lena Sm\u011brnice o energetick\u00e9 \u00fa\u010dinnosti. I tam z\u016fst\u00e1v\u00e1 rozpor mezi \u010dlensk\u00fdmi st\u00e1ty a Evropsk\u00fdm parlamentem, kter\u00fd navrhuje pro \u00faspory energie c\u00edl 40 % do roku 2030. P\u0159es nal\u00e9havou pot\u0159ebu \u0161et\u0159it energi\u00ed a nav\u00fd\u0161it v\u00fdrobu \u010dist\u00e9, dom\u00e1c\u00ed energie jako \u0159e\u0161en\u00ed energetick\u00e9 i klimatick\u00e9 krize, \u010desk\u00e9 p\u0159edsednictv\u00ed v t\u011bchto oblastech nep\u0159ineslo pokrok.<\/p>\n\n<p><em>Komentuje Miriam Macurov\u00e1 z Greenpeace \u010cR<\/em><\/p>\n\n<p>\u010cesk\u00e9mu p\u0159edsednictv\u00ed v oblasti ochrany klimatu chyb\u011bla pot\u0159ebn\u00e1 ambice. To se uk\u00e1zalo i v projedn\u00e1v\u00e1n\u00ed Sm\u011brnice o obnoviteln\u00fdch zdroj\u00edch, kde \u010cesko nevyu\u017eilo mo\u017enost podpo\u0159it ambici\u00f3zn\u011bj\u0161\u00ed c\u00edl pro rozvoj obnoviteln\u00fdch zdroj\u016f na \u00farovni 45 %, p\u0159i\u010dem\u017e pro spln\u011bn\u00ed z\u00e1vazk\u016f Pa\u0159\u00ed\u017esk\u00e9 klimatick\u00e9 dohody pot\u0159ebuje EU c\u00edl ve v\u00fd\u0161i minim\u00e1ln\u011b 50 %. Kr\u00e1tkodob\u00e1 opat\u0159en\u00ed mus\u00ed b\u00fdt dopln\u011bna o dlouhodob\u00e9 \u0159e\u0161en\u00ed. Obnoviteln\u00e9 zdroje a jejich solid\u00e1rn\u00ed sd\u00edlen\u00ed nap\u0159\u00ed\u010d Evropou mus\u00ed b\u00fdt z\u00e1kladem evropsk\u00e9 energetick\u00e9 bezpe\u010dnosti v nov\u00e9 geopolitick\u00e9 realit\u011b.<\/p>\n\n<p><strong>CO<sub>2<\/sub> standardy pro automobily a dod\u00e1vky<\/strong><\/p>\n\n<p><em>Komentuje Kate\u0159ina Davidov\u00e1 z Centra pro dopravu a energetiku<\/em><\/p>\n\n<p>V\u016fbec prvn\u00edm n\u00e1vrhem z bal\u00ed\u010dku <em>Fit for 55<\/em>, na kter\u00e9m se \u010desk\u00e9mu p\u0159edsednictv\u00ed poda\u0159ilo dos\u00e1hnout shody v r\u00e1mci trialogu, byla revize na\u0159\u00edzen\u00ed o emisn\u00edch standardech pro automobily a dod\u00e1vky. Od roku 2035 budou muset b\u00fdt v\u0161echny nov\u00e9 vozy prodan\u00e9 na evropsk\u00e9m trhu bezemisn\u00ed, tedy m\u00edt nulov\u00e9 emise z v\u00fdfuku. De facto tak od roku 2035 nebude mo\u017en\u00e9 v EU prod\u00e1vat nov\u00e9 vozy se spalovac\u00edmi motory. Byl p\u0159ijat i st\u0159edn\u011bdob\u00fd c\u00edl pro rok 2030, kdy bezemisn\u00edch mus\u00ed b\u00fdt 55 % nov\u00fdch osobn\u00edch automobil\u016f a 50 % dod\u00e1vek. N\u00edzkoemisn\u00ed vozidla budou z\u00e1rove\u0148 podporov\u00e1na tak, aby se pro kupuj\u00edc\u00ed st\u00e1vala \u010d\u00edm d\u00e1l dostupn\u011bj\u0161\u00edmi. Na\u0159\u00edzen\u00ed je d\u016fle\u017eit\u00fdm sign\u00e1lem pro evropsk\u00e9 automobilky a zajist\u00ed konkurenceschopnost evropsk\u00e9ho automobilov\u00e9ho pr\u016fmyslu v\u016f\u010di konkurenci ze zahrani\u010d\u00ed, zejm\u00e9na z \u010c\u00edny.<\/p>\n\n<h3 class=\"wp-block-heading\"><a><\/a>Na\u0159\u00edzen\u00ed o vyu\u017e\u00edv\u00e1n\u00ed p\u016fdy, zm\u011bn\u00e1ch ve vyu\u017e\u00edv\u00e1n\u00ed p\u016fdy a lesnictv\u00ed (LULUCF)<\/h3>\n\n<p><em>Komentuje Eli\u0161ka Vozn\u00edkov\u00e1 z Hnut\u00ed DUHA<\/em><\/p>\n\n<p>Revize na\u0159\u00edzen\u00ed o vyu\u017e\u00edv\u00e1n\u00ed p\u016fdy, zm\u011bn\u00e1ch ve vyu\u017e\u00edv\u00e1n\u00ed p\u016fdy a lesnictv\u00ed (LULUCF) se dostala pouze do f\u00e1ze tzv. politick\u00e9 dohody. A to mezi Evropskou komis\u00ed, Parlamentem a Radou EU. Bude muset b\u00fdt p\u0159ijata je\u0161t\u011b Parlamentem a Radou EU. N\u00e1vrh nep\u0159ekra\u010duje r\u00e1mec zaji\u0161t\u011bn\u00ed \u201eneutr\u00e1ln\u00edho\u201c dopadu na \u017eivotn\u00ed prost\u0159ed\u00ed, co\u017e znamen\u00e1, \u017ee pravd\u011bpodobn\u011b nebude podporovat \u010dinnosti, kter\u00e9 obnovuj\u00ed ekosyst\u00e9my nebo zlep\u0161uj\u00ed biologickou rozmanitost Evropy. Obsahuje problematick\u00fd certifika\u010dn\u00ed syst\u00e9m, kter\u00fd stav\u00ed na stejnou \u00farove\u0148 dlouhodob\u00e9 zachyt\u00e1v\u00e1n\u00ed uhl\u00edku v p\u016fd\u011b s neov\u011b\u0159en\u00fdmi technick\u00fdmi \u0159e\u0161en\u00edmi. T\u00edm je v rozporu se Zelenou dohodou a p\u0159edev\u0161\u00edm s dal\u0161\u00edmi snahami EU na ochranu biodiverzity a obnovy krajiny (Nature Restoration Law). \u010cesk\u00e9 lesy se z d\u016fvodu k\u016frovcov\u00e9 kalamity staly emitentem CO<sub>2<\/sub>. Je st\u011b\u017eejn\u00ed, aby M\u017dP i MZe urychlen\u011b zajistily ochranu star\u00fdch sm\u00ed\u0161en\u00fdch les\u016f, kter\u00e9 v sob\u011b v\u00e1\u017e\u00ed uhl\u00edk.<\/p>\n\n<h3 class=\"wp-block-heading\"><a><\/a>Na\u0159\u00edzen\u00ed o udr\u017eiteln\u00e9m pou\u017e\u00edv\u00e1n\u00ed prost\u0159edk\u016f na ochranu rostlin<\/h3>\n\n<p><em>Komentuje Eli\u0161ka Vozn\u00edkov\u00e1 z Hnut\u00ed DUHA<\/em><\/p>\n\n<p>\u010cesk\u00e9 p\u0159edsednictv\u00ed v r\u00e1mci zem\u011bd\u011blsk\u00e9 agendy aktivn\u011b ohrozilo zelen\u00e9 evropsk\u00e9 c\u00edle na sni\u017eov\u00e1n\u00ed pesticid\u016f, kdy\u017e Radou EU na posledn\u00ed chv\u00edli a neobvykl\u00fdm procesem \u201cprotla\u010dilo\u201d po\u017eadavek na vypracov\u00e1n\u00ed nov\u00e9ho \u201chodnocen\u00ed dopad\u016f\u201d k na\u0159\u00edzen\u00ed o udr\u017eiteln\u00e9m pou\u017e\u00edv\u00e1n\u00ed prost\u0159edk\u016f na ochranu rostlin (pesticid\u016f). Kv\u016fli tomu hroz\u00ed, \u017ee se na\u0159\u00edzen\u00ed nestihne projednat do dal\u0161\u00edch evropsk\u00fdch voleb, \u010d\u00edm\u017e by spadlo pod st\u016fl. Na\u0159\u00edzen\u00ed m\u00e1 p\u0159itom mimo jin\u00e9 legislativn\u011b zakotvit c\u00edle ke sni\u017eov\u00e1n\u00ed pesticid\u016f a jejich rizik a nahradit ne\u00fa\u010dinnou sm\u011brnici o udr\u017eiteln\u00e9m pou\u017e\u00edv\u00e1n\u00ed pesticid\u016f, kter\u00e1 je platn\u00e1 ji\u017e od roku 2009. \u010cR postupovala proti v\u00fdzv\u011b v\u00edce ne\u017e 700 evropsk\u00fdch v\u011bdc\u016f, kte\u0159\u00ed proti jak\u00e9mukoliv zdr\u017eov\u00e1n\u00ed pot\u0159ebn\u00e9 legislativy d\u016frazn\u011b varovali. Po\u017eadavek byl paradoxn\u011b schv\u00e1len v den, kdy byla v r\u00e1mci Konference OSN o biodiverzit\u011b v Montrealu odsouhlasena dohoda o zastaven\u00ed \u00fabytku biodiverzity v\u010detn\u011b c\u00edl\u016f na omezen\u00ed pesticid\u016f.<\/p>\n\n<h3 class=\"wp-block-heading\"><a><\/a>Ochrana sv\u011btov\u00e9 p\u0159\u00edrody<\/h3>\n\n<p><em>Komentuje Jan Freidinger z Greenpeace \u010cR<\/em><\/p>\n\n<p>Pr\u00e1v\u011b na konferenci COP15 o ochran\u011b biodiverzity v Montrealu odvedlo \u010desk\u00e9 p\u0159edsednictv\u00ed v \u010dele s Ladislavem Mikem pr\u00e1ci na jedni\u010dku, a p\u0159isp\u011blo tak k podpisu historick\u00e9 glob\u00e1ln\u00ed dohody o ochran\u011b druhov\u00e9 rozmanitosti. Pokrok jsme uv\u00edtali i v procesu p\u0159ij\u00edm\u00e1n\u00ed Z\u00e1kona na obnovu p\u0159\u00edrody, kter\u00fd byl na po\u0159adu jedn\u00e1n\u00ed posledn\u00ed Rady EU pro \u017eivotn\u00ed prost\u0159ed\u00ed, j\u00ed\u017e \u010cesko p\u0159edsedalo.<\/p>\n\n<p>Za dobr\u00fd lze ozna\u010dit i v\u00fdsledek trialogu a fin\u00e1ln\u00ed podobu Z\u00e1kona proti glob\u00e1ln\u00edmu odles\u0148ov\u00e1n\u00ed. Ten m\u00e1 zajistit, \u017ee se spot\u0159ebitel\u00e9 z Evropsk\u00e9 unie nebudou pod\u00edlet na odles\u0148ov\u00e1n\u00ed prost\u0159ednictv\u00edm spot\u0159eby komodit jako je s\u00f3ja, palmov\u00fd olej, kakao, \u010dokol\u00e1da nebo d\u0159evo samotn\u00e9.<\/p>\n\n<h3 class=\"wp-block-heading\"><a><\/a>Zastropov\u00e1n\u00ed ceny plynu<\/h3>\n\n<p><em>Komentuje Veronika Murzynov\u00e1 z Centra pro dopravu a energetiku<\/em><\/p>\n\n<p>Po dlouh\u00fdch a slo\u017eit\u00fdch vyjedn\u00e1v\u00e1n\u00edch se \u010desk\u00e9mu p\u0159edsednictv\u00ed povedlo vyjednat tak\u00e9 mechanismus na zastropov\u00e1n\u00ed cen plynu. Poda\u0159ilo se tak p\u0159ekonat zejm\u00e9na odpor N\u011bmecka, kter\u00e9 zastropov\u00e1n\u00ed cen plynu na evropsk\u00e9 \u00farovni dlouho odm\u00edtalo. Mechanismus se spust\u00ed ve chv\u00edli, kdy cena plynu p\u0159ekro\u010d\u00ed 180 eur za megawatthodinu po dobu t\u0159\u00ed pracovn\u00edch dn\u00ed a z\u00e1rove\u0148 bude o v\u00edce ne\u017e 35 eur vy\u0161\u0161\u00ed ne\u017e pr\u016fm\u011brn\u00e1 cena LNG na sv\u011btov\u00fdch trz\u00edch. Na\u0159\u00edzen\u00ed za\u010dne fungovat od 15. \u00fanora p\u0159\u00ed\u0161t\u00edho roku.<\/p>\n\n<p><em>Komentuje Miriam Macurov\u00e1 z Greenpeace \u010cR<\/em><\/p>\n\n<p>Do\u010dasn\u00e9 zastropov\u00e1n\u00ed ceny plynu na \u00farove\u0148 180 eur za mWh je kompromisn\u00edm \u0159e\u0161en\u00edm. Aby m\u011blo toto kr\u00e1tkodob\u00e9 opat\u0159en\u00ed dopad na \u00fa\u010dty dom\u00e1cnost\u00ed za elekt\u0159inu, je nutn\u00e9 jej uskute\u010dnit spole\u010dn\u011b se sni\u017eov\u00e1n\u00edm nadm\u011brn\u00e9 spot\u0159eby energi\u00ed a omezen\u00edm jejich pl\u00fdtv\u00e1n\u00ed.<\/p>\n\n<h3 class=\"wp-block-heading\"><a><\/a>N\u00e1vrh na\u0159\u00edzen\u00ed o sn\u00ed\u017een\u00ed emis\u00ed metanu v energetice<\/h3>\n\n<p><em>Komentuje Veronika Murzynov\u00e1 z Centra pro dopravu a energetiku<\/em><\/p>\n\n<p>Obecn\u00e1 pozice Rady k n\u00e1vrhu nov\u00e9 metanov\u00e9 legislativy je velk\u00fdm zklam\u00e1n\u00edm. Minist\u0159i a ministryn\u011b na sv\u00e9m posledn\u00edm zased\u00e1n\u00ed v leto\u0161n\u00edm roce schv\u00e1lili pozici, kter\u00e1 z\u00e1sadn\u00edm zp\u016fsobem rozm\u011bl\u0148uje p\u016fvodn\u00ed n\u00e1vrh, zejm\u00e9na v oblastech detekce a oprav \u00fanik\u016f plynu a v nakl\u00e1d\u00e1n\u00ed s vyt\u011b\u017een\u00fdmi lo\u017eisky fosiln\u00edch paliv. O n\u00e1vrhu se je\u0161t\u011b bude jednat na p\u016fd\u011b Evropsk\u00e9ho parlamentu a n\u00e1sledn\u011b v trialoz\u00edch. I tak hroz\u00ed, \u017ee m\u00edsto siln\u00fdch mechanism\u016f pro kontrolu a mitigaci emis\u00ed v sektoru energetiky, kter\u00e9 by potvrdily vedouc\u00ed pozici EU v r\u00e1mci glob\u00e1ln\u00edho paktu o sni\u017eov\u00e1n\u00ed emis\u00ed metanu, skon\u010d\u00edme s neuspokojiv\u00fdm kompromisem.<\/p>\n","protected":false},"excerpt":{"rendered":"<p>31. prosince 2022 kon\u010d\u00ed \u010desk\u00e9 p\u0159edsednictv\u00ed v Rad\u011b Evropsk\u00e9 unie. B\u011bhem p\u016flro\u010dn\u00edho p\u0159edsednictv\u00ed se \u010cesk\u00e9 republice da\u0159ilo posouvat kup\u0159edu d\u016fle\u017eitou evropskou agendu. \u010cesko p\u0159isp\u011blo k dosa\u017een\u00ed shody na velk\u00e9 \u010d\u00e1sti&hellip;<\/p>\n","protected":false},"author":27,"featured_media":16797,"comment_status":"open","ping_status":"closed","sticky":false,"template":"","format":"standard","meta":{"ep_exclude_from_search":false,"p4_og_title":"","p4_og_description":"","p4_og_image":"","p4_og_image_id":"","p4_seo_canonical_url":"","p4_campaign_name":"not set","p4_local_project":"not set","p4_basket_name":"not set","p4_department":"","footnotes":""},"categories":[4],"tags":[25,26,20,17,28],"p4-page-type":[14],"class_list":["post-18163","post","type-post","status-publish","format-standard","has-post-thumbnail","hentry","category-energeticka-revoluce","tag-konec-doby-fosilni","tag-obnovitelne-zdroje","tag-zmena-klimatu","tag-lesy-pralesy","tag-uspechy","p4-page-type-tiskova-zprava"],"_links":{"self":[{"href":"https:\/\/www.greenpeace.org\/czech\/wp-json\/wp\/v2\/posts\/18163","targetHints":{"allow":["GET"]}}],"collection":[{"href":"https:\/\/www.greenpeace.org\/czech\/wp-json\/wp\/v2\/posts"}],"about":[{"href":"https:\/\/www.greenpeace.org\/czech\/wp-json\/wp\/v2\/types\/post"}],"author":[{"embeddable":true,"href":"https:\/\/www.greenpeace.org\/czech\/wp-json\/wp\/v2\/users\/27"}],"replies":[{"embeddable":true,"href":"https:\/\/www.greenpeace.org\/czech\/wp-json\/wp\/v2\/comments?post=18163"}],"version-history":[{"count":2,"href":"https:\/\/www.greenpeace.org\/czech\/wp-json\/wp\/v2\/posts\/18163\/revisions"}],"predecessor-version":[{"id":18165,"href":"https:\/\/www.greenpeace.org\/czech\/wp-json\/wp\/v2\/posts\/18163\/revisions\/18165"}],"wp:featuredmedia":[{"embeddable":true,"href":"https:\/\/www.greenpeace.org\/czech\/wp-json\/wp\/v2\/media\/16797"}],"wp:attachment":[{"href":"https:\/\/www.greenpeace.org\/czech\/wp-json\/wp\/v2\/media?parent=18163"}],"wp:term":[{"taxonomy":"category","embeddable":true,"href":"https:\/\/www.greenpeace.org\/czech\/wp-json\/wp\/v2\/categories?post=18163"},{"taxonomy":"post_tag","embeddable":true,"href":"https:\/\/www.greenpeace.org\/czech\/wp-json\/wp\/v2\/tags?post=18163"},{"taxonomy":"p4-page-type","embeddable":true,"href":"https:\/\/www.greenpeace.org\/czech\/wp-json\/wp\/v2\/p4-page-type?post=18163"}],"curies":[{"name":"wp","href":"https:\/\/api.w.org\/{rel}","templated":true}]}}