{"id":18183,"date":"2023-01-05T11:48:24","date_gmt":"2023-01-05T10:48:24","guid":{"rendered":"https:\/\/www.greenpeace.org\/czech\/?p=18183"},"modified":"2023-01-05T12:32:17","modified_gmt":"2023-01-05T11:32:17","slug":"vyzva-pro-priroduse-povedla","status":"publish","type":"post","link":"https:\/\/www.greenpeace.org\/czech\/clanek\/18183\/vyzva-pro-priroduse-povedla\/","title":{"rendered":"\u201eV\u00fdzva pro p\u0159\u00edrodu\u201c se povedla!"},"content":{"rendered":"\n<p><strong><strong>M\u00e1me radost a d\u011bkujeme v\u0161em, kdo podpo\u0159ili projekt \u201eV\u00fdzva pro p\u0159\u00edrodu\u201d.<\/strong><\/strong> Celkem 20 029 lid\u00ed p\u0159idalo v \u010cesku sv\u016fj podpis, po cel\u00e9m sv\u011bt\u011b prob\u011bhly des\u00edtky demonstrac\u00ed, aktivit \u010di nen\u00e1siln\u00fdch p\u0159\u00edm\u00fdch akc\u00ed, kter\u00e9 upozor\u0148ovaly na n\u00e1sil\u00ed pachan\u00e9 na p\u0159\u00edrod\u011b, 947 d\u00e1rky\u0148 a d\u00e1rc\u016f podpo\u0159ilo V\u00fdzvu pro p\u0159\u00edrodu finan\u010dn\u011b a tis\u00edce dal\u0161\u00edch sd\u00edlelo obsah a tagovalo politiky a politi\u010dky na soci\u00e1ln\u00edch s\u00edt\u00edch.<\/p>\n\n<p><strong>Spolu s tis\u00edci lidmi z cel\u00e9ho sv\u011bta jsem jasn\u011b dali najevo, \u017ee n\u00e1m z\u00e1le\u017e\u00ed na p\u0159\u00edrod\u011b a \u017eivot\u011b v n\u00ed. A na\u0161e \u00fasil\u00ed se vyplatilo! Glob\u00e1ln\u00ed dohoda o ochran\u011b biodiverzity nedopadla \u0161patn\u011b. V\u00fdsledek z na\u0161eho pohledu sice nen\u00ed 100%, ale je skv\u011bl\u00fdm z\u00e1kladem jak zvr\u00e1tit neblah\u00fd trend destrukce p\u0159\u00edrody a vym\u00edr\u00e1n\u00ed druh\u016f na na\u0161\u00ed planet\u011b. <\/strong>\u00dasp\u011bch dohody z\u00e1vis\u00ed na tom jak\u00fdm zp\u016fsobem, jak rychle a d\u016fsledn\u011b ji budou jednotliv\u00e9 st\u00e1ty napl\u0148ovat. A to bude i na\u0161e priorita pro p\u0159\u00ed\u0161t\u00ed roky.<\/p>\n\n<p>Byla to dlouh\u00e1 cesta, ale po v\u00edce ne\u017e \u010dty\u0159ech letech jedn\u00e1n\u00ed a opakovan\u00fdch odkladech kv\u016fli pandemii Covid-19, p\u0159es 190 st\u00e1t\u016f schv\u00e1lilo dohodu, kter\u00e1 m\u00e1 nasm\u011brovat lidstvo do roku 2050 k fungov\u00e1n\u00ed v souladu s p\u0159\u00edrodou.<\/p>\n\n<div class=\"wp-block-buttons is-content-justification-center is-layout-flex wp-container-core-buttons-is-layout-16018d1d wp-block-buttons-is-layout-flex\">\n<div class=\"wp-block-button is-style-cta\"><a class=\"wp-block-button__link wp-element-button\" href=\"https:\/\/podpora.greenpeace.cz\/vterina\/\">P\u0159id\u00e1m se k dlouhodob\u00e9 ochran\u011b p\u0159\u00edrody<\/a><\/div>\n<\/div>\n\n<figure class=\"wp-block-image size-large\"><img loading=\"lazy\" decoding=\"async\" width=\"1024\" height=\"683\" src=\"https:\/\/www.greenpeace.org\/static\/planet4-czech-republic-stateless\/2023\/01\/b2cbe953-317999807_10160518706864777_6353507303343805085_n-1024x683.jpg\" alt=\"\" class=\"wp-image-18189\" srcset=\"https:\/\/www.greenpeace.org\/static\/planet4-czech-republic-stateless\/2023\/01\/b2cbe953-317999807_10160518706864777_6353507303343805085_n-1024x683.jpg 1024w, https:\/\/www.greenpeace.org\/static\/planet4-czech-republic-stateless\/2023\/01\/b2cbe953-317999807_10160518706864777_6353507303343805085_n-300x200.jpg 300w, https:\/\/www.greenpeace.org\/static\/planet4-czech-republic-stateless\/2023\/01\/b2cbe953-317999807_10160518706864777_6353507303343805085_n-768x512.jpg 768w, https:\/\/www.greenpeace.org\/static\/planet4-czech-republic-stateless\/2023\/01\/b2cbe953-317999807_10160518706864777_6353507303343805085_n-510x340.jpg 510w, https:\/\/www.greenpeace.org\/static\/planet4-czech-republic-stateless\/2023\/01\/b2cbe953-317999807_10160518706864777_6353507303343805085_n.jpg 1200w\" sizes=\"auto, (max-width: 1024px) 100vw, 1024px\" \/><\/figure>\n\n<h2 class=\"wp-block-heading\">Povedlo se!&nbsp;<\/h2>\n\n<p><strong>Hlavn\u00ed po\u017eadavek na ochranu a obnovu 30 % planety \u2013 oce\u00e1n\u016f, mo\u0159\u00ed, vnitrozemsk\u00fdch vod i pevniny do roku 2030, byl vysly\u0161en a st\u00e1ty se na tomto z\u00e1vazku dohodly.<\/strong> P\u016fvodn\u00ed n\u00e1vrh textu byl v tomto bod\u011b zm\u00edrn\u011bn, nezakazuje ji\u017e na chr\u00e1n\u011bn\u00fdch oblastech potenci\u00e1ln\u011b destruktivn\u00ed aktivity, m\u00edsto toho hovo\u0159\u00ed o udr\u017eiteln\u00e9m vyu\u017e\u00edv\u00e1n\u00ed.\u00a0<\/p>\n\n<p><strong>Dohoda obsahuje i dal\u0161\u00edch 22 c\u00edl\u016f,<\/strong> nap\u0159\u00edklad z\u00e1vazek sn\u00ed\u017een\u00ed rizika z pou\u017eit\u00ed pesticid\u016f o polovinu, sn\u00ed\u017een\u00ed ztr\u00e1t \u017eivin z p\u016fdy o polovinu, propojen\u00ed s klimatickou agendou p\u0159es nature-based solutions, z\u00e1vazek sn\u00ed\u017eit a pozitivn\u011b p\u0159etransformovat celosv\u011btov\u011b biodiverzit\u011b \u0161kod\u00edc\u00ed dotace ve v\u00fd\u0161i 500 miliard dolar\u016f ro\u010dn\u011b. To v\u0161e se bude dot\u00fdkat brzy i \u010ceska \u2013 p\u0159i debat\u00e1ch o evropsk\u00e9m z\u00e1konu na obnovu p\u0159\u00edrody nebo pl\u00e1nu na sni\u017eov\u00e1n\u00ed pou\u017e\u00edv\u00e1n\u00ed pesticid\u016f se uk\u00e1\u017ee, zdali na\u0161i politici dodr\u017euj\u00ed to, k \u010demu se v Montrealu zav\u00e1zali.<\/p>\n\n<figure class=\"wp-block-image size-large\"><img loading=\"lazy\" decoding=\"async\" width=\"1024\" height=\"683\" src=\"https:\/\/www.greenpeace.org\/static\/planet4-czech-republic-stateless\/2022\/12\/b9fb2527-cop15-1024x683.jpg\" alt=\"\" class=\"wp-image-18133\" srcset=\"https:\/\/www.greenpeace.org\/static\/planet4-czech-republic-stateless\/2022\/12\/b9fb2527-cop15-1024x683.jpg 1024w, https:\/\/www.greenpeace.org\/static\/planet4-czech-republic-stateless\/2022\/12\/b9fb2527-cop15-300x200.jpg 300w, https:\/\/www.greenpeace.org\/static\/planet4-czech-republic-stateless\/2022\/12\/b9fb2527-cop15-768x512.jpg 768w, https:\/\/www.greenpeace.org\/static\/planet4-czech-republic-stateless\/2022\/12\/b9fb2527-cop15-510x340.jpg 510w, https:\/\/www.greenpeace.org\/static\/planet4-czech-republic-stateless\/2022\/12\/b9fb2527-cop15.jpg 1200w\" sizes=\"auto, (max-width: 1024px) 100vw, 1024px\" \/><\/figure>\n\n<p><strong>D\u016fle\u017eit\u00e1 a mo\u017en\u00e1 kl\u00ed\u010dov\u00e1, je dohoda z pohledu financ\u00ed, i kdy\u017e zde z\u016fst\u00e1v\u00e1 cel\u00e1 \u0159ada otazn\u00edk\u016f. <\/strong>Podle samotn\u00e9 OSN chyb\u00ed ro\u010dn\u011b na pot\u0159ebn\u00e1 opat\u0159en\u00ed pro ochranu biodiverzity 700 mld USD, nicm\u00e9n\u011b v dohod\u011b se mluv\u00ed jen o 200 mld USD. Pozitivn\u00ed je nav\u00fd\u0161en\u00ed ro\u010dn\u00edho objemu financ\u00ed pro rozvojov\u00fd sv\u011bt, kde le\u017e\u00ed v\u011bt\u0161ina celosv\u011btov\u011b nejcenn\u011bj\u0161\u00edch ekosyst\u00e9m\u016f, kter\u00e9 nav\u00edc v\u00e1\u017e\u00ed obrovsk\u00e9 mno\u017estv\u00ed uhl\u00edku a kter\u00e9 je t\u0159eba chr\u00e1nit.\u00a0 \u00a0\u00a0\u00a0\u00a0<\/p>\n\n<p>Ve v\u00fdsledn\u00e9 dohod\u011b na COP15 byla v\u00fdslovn\u011b uzn\u00e1na pr\u00e1va, role, \u00fazem\u00ed a znalosti p\u016fvodn\u00edch obyvatel, co\u017e je nej\u00fa\u010dinn\u011bj\u0161\u00ed ochrana biologick\u00e9 rozmanitosti, kter\u00e1 vze\u0161la z jedn\u00e1n\u00ed OSN. To je velk\u00fd pr\u016flom, o kter\u00fd jsme se zasazovali od sam\u00e9ho po\u010d\u00e1tku.<\/p>\n\n<p><strong>Je to radostn\u00fd den pro n\u00e1s i pro p\u0159\u00edrodu. Jsme jej\u00ed sou\u010d\u00e1st\u00ed a ochrana p\u0159\u00edrody m\u00e1 dopad na \u017eivot ka\u017ed\u00e9ho z n\u00e1s. D\u011bkujeme v\u0161em kdo se p\u0159ipojil k \u201eV\u00fdzv\u011b pro p\u0159\u00edrodu\u201d a douf\u00e1me, \u017ee s n\u00e1mi z\u016fstanete i nad\u00e1le. Ka\u017ed\u00e1 i symbolick\u00e1 podpora se po\u010d\u00edt\u00e1, \u010dek\u00e1 n\u00e1s velk\u00fd kus cesty.<\/strong><\/p>\n\n<div class=\"wp-block-buttons is-content-justification-center is-layout-flex wp-container-core-buttons-is-layout-16018d1d wp-block-buttons-is-layout-flex\">\n<div class=\"wp-block-button is-style-cta\"><a class=\"wp-block-button__link wp-element-button\" href=\"https:\/\/podpora.greenpeace.cz\/vterina\/\">P\u0159id\u00e1m se<\/a><\/div>\n<\/div>\n\n<h2 class=\"wp-block-heading\">Pr\u00e1ce je\u0161t\u011b nen\u00ed u konce<\/h2>\n\n<p>P\u0159esto\u017ee je dohoda ozna\u010dovan\u00e1 jako pr\u016flomov\u00e1, obsahuje \u0159adu otazn\u00edk\u016f a zm\u011bk\u010den\u00ed p\u016fvodn\u00edch c\u00edl\u016f. Text neobsahuje jasn\u00e9 vylou\u010den\u00ed \u0161kodliv\u00fdch aktivit z chr\u00e1n\u011bn\u00fdch \u00fazem\u00ed a existuje hrozba, \u017ee skute\u010dn\u00e1 ochrana z\u016fstane jen na pap\u00ed\u0159e. A bude z\u00e1le\u017eet na tom, jak rychle a zda se bude dohoda implementovat v praxi.<\/p>\n\n<p><strong>Ka\u017ed\u00fd st\u00e1t bude muset vypracovat vlastn\u00ed pl\u00e1n na ochranu p\u0159\u00edrody. Biodiverzitu by m\u011bli za\u010d\u00edt chr\u00e1nit i velk\u00e9 firmy, <\/strong>ale \u010dasto si ochranu pletou s Greenwashing a to je oblast, kterou je t\u0159eba neust\u00e1le hl\u00eddat.\u00a0<\/p>\n\n<figure class=\"wp-block-image size-large\"><img loading=\"lazy\" decoding=\"async\" width=\"1024\" height=\"683\" src=\"https:\/\/www.greenpeace.org\/static\/planet4-czech-republic-stateless\/2023\/01\/55412ee1-318665008_10160518707049777_8878270959235188745_n-1024x683.jpg\" alt=\"\" class=\"wp-image-18190\" srcset=\"https:\/\/www.greenpeace.org\/static\/planet4-czech-republic-stateless\/2023\/01\/55412ee1-318665008_10160518707049777_8878270959235188745_n-1024x683.jpg 1024w, https:\/\/www.greenpeace.org\/static\/planet4-czech-republic-stateless\/2023\/01\/55412ee1-318665008_10160518707049777_8878270959235188745_n-300x200.jpg 300w, https:\/\/www.greenpeace.org\/static\/planet4-czech-republic-stateless\/2023\/01\/55412ee1-318665008_10160518707049777_8878270959235188745_n-768x512.jpg 768w, https:\/\/www.greenpeace.org\/static\/planet4-czech-republic-stateless\/2023\/01\/55412ee1-318665008_10160518707049777_8878270959235188745_n-510x340.jpg 510w, https:\/\/www.greenpeace.org\/static\/planet4-czech-republic-stateless\/2023\/01\/55412ee1-318665008_10160518707049777_8878270959235188745_n.jpg 1200w\" sizes=\"auto, (max-width: 1024px) 100vw, 1024px\" \/><figcaption class=\"wp-element-caption\">In front of the Ministry of Environment of Czech Republic, the current EU presidency, ten large artificial tree stumps visualised the urgent need to protect precious old-growth forests in the European Union, f.e. unique Czech beech forests in the Ore Mountains. Happening was part of a series of activities before bidiversity COP15 in Montreal.<\/figcaption><\/figure>\n\n<p>Z\u00e1chrana p\u0159\u00edrodn\u00ed rozmanitosti na\u0161\u00ed planety do velk\u00e9 m\u00edry z\u00e1vis\u00ed na rychlosti implementace dohody a v\u016fli p\u0159edev\u0161\u00edm vysp\u011bl\u00fdch st\u00e1t\u016f mobilizovat dostate\u010dn\u00e9 zdroje, bez kter\u00fdch se dohoda nem\u00e1 \u0161anci naplnit.<\/p>\n\n<p>Je nutn\u00e9, aby st\u00e1ty prom\u00edtly dohodu do ambici\u00f3zn\u00edch n\u00e1rodn\u00edch pl\u00e1n\u016f a politik v oblasti biologick\u00e9 rozmanitosti tak, aby byly v souladu s glob\u00e1ln\u00edm c\u00edlem zvr\u00e1tit \u00fabytek biologick\u00e9 rozmanitosti do roku 2030. To se t\u00fdk\u00e1 i EU a \u010ceska.<\/p>\n\n<p><strong>My budeme v na\u0161\u00ed pr\u00e1ci pokra\u010dovat a d\u00e1l usilovn\u011b pracovat na ochran\u011b biodiverzity u n\u00e1s i v zahrani\u010d\u00ed. Cesta ke skute\u010dn\u00e9 ochran\u011b p\u0159\u00edrody je dlouh\u00e1 a trnit\u00e1 a i proto pot\u0159ebujeme tvoji dlohodobou pomoc. Ka\u017ed\u00e1 pomoc se po\u010d\u00edt\u00e1, p\u0159ipoj se pros\u00edm i ty a podpo\u0159 na\u0161i pr\u00e1ci v ochran\u011b p\u0159\u00edrody a \u017eivota v n\u00ed.\u00a0<\/strong><\/p>\n\n<div class=\"wp-block-buttons is-content-justification-center is-layout-flex wp-container-core-buttons-is-layout-16018d1d wp-block-buttons-is-layout-flex\">\n<div class=\"wp-block-button is-style-cta\"><a class=\"wp-block-button__link wp-element-button\" href=\"https:\/\/podpora.greenpeace.cz\/vterina\/\">Chci dlouhodob\u011b chr\u00e1nit p\u0159\u00edrodu<\/a><\/div>\n<\/div>\n","protected":false},"excerpt":{"rendered":"<p>M\u00e1me radost a d\u011bkujeme v\u0161em, kdo podpo\u0159ili projekt \u201eV\u00fdzva pro p\u0159\u00edrodu\u201d. Celkem 20 029 lid\u00ed p\u0159idalo v \u010cesku sv\u016fj podpis, po cel\u00e9m sv\u011bt\u011b prob\u011bhly des\u00edtky demonstrac\u00ed, aktivit \u010di nen\u00e1siln\u00fdch p\u0159\u00edm\u00fdch akc\u00ed, kter\u00e9 upozor\u0148ovaly na n\u00e1sil\u00ed pachan\u00e9 na p\u0159\u00edrod\u011b, 947 d\u00e1rky\u0148 a d\u00e1rc\u016f podpo\u0159ilo V\u00fdzvu pro p\u0159\u00edrodu finan\u010dn\u011b a tis\u00edce dal\u0161\u00edch sd\u00edlelo obsah a tagovalo politiky a politi\u010dky na soci\u00e1ln\u00edch s\u00edt\u00edch.<\/p>\n","protected":false},"author":55,"featured_media":18189,"comment_status":"open","ping_status":"closed","sticky":false,"template":"","format":"standard","meta":{"ep_exclude_from_search":false,"p4_og_title":"","p4_og_description":"","p4_og_image":"","p4_og_image_id":"","p4_seo_canonical_url":"","p4_campaign_name":"not set","p4_local_project":"not set","p4_basket_name":"not set","p4_department":"","footnotes":""},"categories":[2],"tags":[17,18,28,20],"p4-page-type":[16],"class_list":["post-18183","post","type-post","status-publish","format-standard","has-post-thumbnail","hentry","category-priroda","tag-lesy-pralesy","tag-oceany","tag-uspechy","tag-zmena-klimatu","p4-page-type-clanek"],"_links":{"self":[{"href":"https:\/\/www.greenpeace.org\/czech\/wp-json\/wp\/v2\/posts\/18183","targetHints":{"allow":["GET"]}}],"collection":[{"href":"https:\/\/www.greenpeace.org\/czech\/wp-json\/wp\/v2\/posts"}],"about":[{"href":"https:\/\/www.greenpeace.org\/czech\/wp-json\/wp\/v2\/types\/post"}],"author":[{"embeddable":true,"href":"https:\/\/www.greenpeace.org\/czech\/wp-json\/wp\/v2\/users\/55"}],"replies":[{"embeddable":true,"href":"https:\/\/www.greenpeace.org\/czech\/wp-json\/wp\/v2\/comments?post=18183"}],"version-history":[{"count":9,"href":"https:\/\/www.greenpeace.org\/czech\/wp-json\/wp\/v2\/posts\/18183\/revisions"}],"predecessor-version":[{"id":18195,"href":"https:\/\/www.greenpeace.org\/czech\/wp-json\/wp\/v2\/posts\/18183\/revisions\/18195"}],"wp:featuredmedia":[{"embeddable":true,"href":"https:\/\/www.greenpeace.org\/czech\/wp-json\/wp\/v2\/media\/18189"}],"wp:attachment":[{"href":"https:\/\/www.greenpeace.org\/czech\/wp-json\/wp\/v2\/media?parent=18183"}],"wp:term":[{"taxonomy":"category","embeddable":true,"href":"https:\/\/www.greenpeace.org\/czech\/wp-json\/wp\/v2\/categories?post=18183"},{"taxonomy":"post_tag","embeddable":true,"href":"https:\/\/www.greenpeace.org\/czech\/wp-json\/wp\/v2\/tags?post=18183"},{"taxonomy":"p4-page-type","embeddable":true,"href":"https:\/\/www.greenpeace.org\/czech\/wp-json\/wp\/v2\/p4-page-type?post=18183"}],"curies":[{"name":"wp","href":"https:\/\/api.w.org\/{rel}","templated":true}]}}