{"id":18254,"date":"2023-01-25T11:28:01","date_gmt":"2023-01-25T10:28:01","guid":{"rendered":"https:\/\/www.greenpeace.org\/czech\/?p=18254"},"modified":"2023-01-24T12:10:24","modified_gmt":"2023-01-24T11:10:24","slug":"behem-protestu-u-lutzerathu-zatkla-policie-i-gretu-proc-je-problem-strhnout-vybydlenou-vesnici","status":"publish","type":"post","link":"https:\/\/www.greenpeace.org\/czech\/clanek\/18254\/behem-protestu-u-lutzerathu-zatkla-policie-i-gretu-proc-je-problem-strhnout-vybydlenou-vesnici\/","title":{"rendered":"B\u011bhem protestu u L\u00fctzerathu zatkla policie i Gretu. Pro\u010d je probl\u00e9m strhnout vybydlenou vesnici?"},"content":{"rendered":"\n<p>N\u011bmeck\u00e1 policie p\u0159edminul\u00fd t\u00fdden za\u010dala s vykl\u00edzen\u00edm vesnice L\u00fctzerath. Na m\u00edst\u011b proti dal\u0161\u00ed t\u011b\u017eb\u011b uhl\u00ed na s\u00e9rii akc\u00ed protestovali des\u00edtky tis\u00edc aktivist\u016f a aktivistek v\u010detn\u011b Grety Thunbergov\u00e9, kterou nakonec p\u0159i jednom z protest\u016f zatkla policie.\u00a0<\/p>\n\n<figure class=\"wp-block-image size-large\"><img loading=\"lazy\" decoding=\"async\" width=\"1024\" height=\"684\" src=\"https:\/\/www.greenpeace.org\/static\/planet4-czech-republic-stateless\/2023\/01\/b7a27b74-gp0stv2ar_medium_res-1024x684.jpg\" alt=\"\" class=\"wp-image-18255\" srcset=\"https:\/\/www.greenpeace.org\/static\/planet4-czech-republic-stateless\/2023\/01\/b7a27b74-gp0stv2ar_medium_res-1024x684.jpg 1024w, https:\/\/www.greenpeace.org\/static\/planet4-czech-republic-stateless\/2023\/01\/b7a27b74-gp0stv2ar_medium_res-300x200.jpg 300w, https:\/\/www.greenpeace.org\/static\/planet4-czech-republic-stateless\/2023\/01\/b7a27b74-gp0stv2ar_medium_res-768x513.jpg 768w, https:\/\/www.greenpeace.org\/static\/planet4-czech-republic-stateless\/2023\/01\/b7a27b74-gp0stv2ar_medium_res-510x340.jpg 510w, https:\/\/www.greenpeace.org\/static\/planet4-czech-republic-stateless\/2023\/01\/b7a27b74-gp0stv2ar_medium_res.jpg 1200w\" sizes=\"auto, (max-width: 1024px) 100vw, 1024px\" \/><figcaption class=\"wp-element-caption\">Greta Thunberg hovo\u0159\u00ed na demonstraci za z\u00e1chranu L\u00fctzerathu (c) Bernd Lauter \/ Greenpeace<\/figcaption><\/figure>\n\n<p>L\u00fctzerath je vesnice v Severn\u00edm Por\u00fdn\u00ed-Vestf\u00e1lsku, kter\u00e1 m\u00e1 tu sm\u016flu, \u017ee se nach\u00e1z\u00ed v bl\u00edzkosti hn\u011bdouheln\u00e9ho dolu Garzweiler. Kv\u016fli obrovsk\u00e9mu tlaku t\u011b\u017eebn\u00ed firmy RWE a \u00fa\u0159ad\u016f na vyst\u011bhov\u00e1n\u00ed vesnice postupn\u011b ode\u0161li starousedl\u00edci, kte\u0159\u00ed zde \u017eili. V posledn\u00edch dvou letech se zde nicm\u00e9n\u011b natrvalo zabydlela po\u010detn\u00e1 komunita lid\u00ed, kter\u00e1 chce vesnici a krajinu kolem n\u00ed zachr\u00e1nit. M\u00edstn\u00ed aktivist\u00e9 a aktivistky pak v uplynul\u00fdch dnech br\u00e1nili vesnici p\u0159ed zni\u010den\u00edm vlastn\u00edmi t\u011bly.\u00a0<\/p>\n\n<p>Zat\u00edmco u n\u00e1s je od dob <a href=\"https:\/\/www.seznamzpravy.cz\/clanek\/magazin-historie-unikatni-fotky-z-bourani-posledni-obce-ktera-v-cesku-padla-kvuli-tezbe-220339\">nesmysln\u00e9ho bour\u00e1n\u00ed Libkovic<\/a> vyh\u00e1n\u011bn\u00ed lid\u00ed z jejich domov\u016f a ni\u010den\u00ed vesnic a m\u011bst tabu, d\u00edky kter\u00e9mu se poda\u0159ilo zachr\u00e1nit i Horn\u00ed Ji\u0159et\u00edn, v N\u011bmecku se k takov\u00fdm praktik\u00e1m st\u00e1le uchyluj\u00ed, by\u0165 to s sebou p\u0159in\u00e1\u0161\u00ed velkou kontroverzi a odpor ve\u0159ejnosti.&nbsp;<\/p>\n\n<p>Pod L\u00fctzerathem le\u017e\u00ed 280 milion\u016f tun hn\u011bd\u00e9ho uhl\u00ed, ke kter\u00e9mu se spole\u010dnost RWE chce dostat ji\u017e 15 let. Souhlas se zbour\u00e1n\u00edm vesnice se j\u00ed nicm\u00e9n\u011b poda\u0159ilo z\u00edskat a\u017e nyn\u00ed, b\u011bhem energetick\u00e9 krize, paradoxn\u011b za pomoci politik\u016f ze Zelen\u00fdch, v \u010dele s ministrem pro hospod\u00e1\u0159stv\u00ed a ochranu klimatu Robertem Habeckem.\u00a0<\/p>\n\n<figure class=\"wp-block-image size-large\"><img loading=\"lazy\" decoding=\"async\" width=\"1024\" height=\"683\" src=\"https:\/\/www.greenpeace.org\/static\/planet4-czech-republic-stateless\/2023\/01\/81b338a0-21-lutzerath-1024x683.jpg\" alt=\"\" class=\"wp-image-18256\" srcset=\"https:\/\/www.greenpeace.org\/static\/planet4-czech-republic-stateless\/2023\/01\/81b338a0-21-lutzerath-1024x683.jpg 1024w, https:\/\/www.greenpeace.org\/static\/planet4-czech-republic-stateless\/2023\/01\/81b338a0-21-lutzerath-300x200.jpg 300w, https:\/\/www.greenpeace.org\/static\/planet4-czech-republic-stateless\/2023\/01\/81b338a0-21-lutzerath-768x512.jpg 768w, https:\/\/www.greenpeace.org\/static\/planet4-czech-republic-stateless\/2023\/01\/81b338a0-21-lutzerath-1536x1024.jpg 1536w, https:\/\/www.greenpeace.org\/static\/planet4-czech-republic-stateless\/2023\/01\/81b338a0-21-lutzerath-2048x1366.jpg 2048w, https:\/\/www.greenpeace.org\/static\/planet4-czech-republic-stateless\/2023\/01\/81b338a0-21-lutzerath-510x340.jpg 510w\" sizes=\"auto, (max-width: 1024px) 100vw, 1024px\" \/><figcaption class=\"wp-element-caption\">Demonstrace za z\u00e1chranu L\u00fctzerathu (c) Greenpeace &#8211; Barbora Sommers<\/figcaption><\/figure>\n\n<p>Politici souhlasili s bour\u00e1n\u00edm L\u00fctzerathu v\u00fdm\u011bnou za to, \u017ee bude zachov\u00e1no dal\u0161\u00edch 5 vesnic, z nich\u017e se RWE je\u0161t\u011b nepoda\u0159ilo vy\u0161tvat jejich obyvatele, a \u017ee konec uhl\u00ed v N\u011bmecku p\u0159ijde ji\u017e v roce 2030. Jen\u017ee pokud m\u00e1 skute\u010dn\u011b t\u011b\u017eba a spalov\u00e1n\u00ed uhl\u00ed skon\u010dit v tomto roce, <a href=\"https:\/\/www.diw.de\/documents\/publikationen\/73\/diw_01.c.819609.de\/diwkompakt_2021-169.pdf\">ned\u00e1v\u00e1 moc smysl roz\u0161i\u0159ovat ob\u0159\u00ed d\u016fl Garzweiler<\/a>. Sp\u00e1len\u00edm 280 milion\u016f tun uhl\u00ed se nav\u00edc do ovzdu\u0161\u00ed dostane obrovsk\u00e9 mno\u017estv\u00ed CO2. Pro srovn\u00e1n\u00ed &#8211; kdyby se teoreticky t\u011b\u017eba na na\u0161em \u010desk\u00e9m dole B\u00edlina roz\u0161\u00ed\u0159ila za \u00fazemn\u00ed ekologick\u00e9 limity a prodlou\u017eila do roku 2050, t\u011b\u017ea\u0159i by se zde <a href=\"https:\/\/www.tyden.cz\/rubriky\/byznys\/cesko\/severoceske-doly-maji-za-limity-100-milionu-tun-uhli_145086.html\">dostali \u201cjen\u201d k 100 milion\u016fm tun uhl\u00ed<\/a>.<\/p>\n\n<p>U L\u00fctzerathu tak nejde jen o jednu vybydlenou vesnici. Hn\u011bd\u00e9 uhl\u00ed je z hlediska ochrany klimatu v\u016fbec t\u00edm nejhor\u0161\u00edm zdrojem energie. Proto je projekt na roz\u0161\u00ed\u0159en\u00ed m\u00edstn\u00ed t\u011b\u017eby hn\u011bd\u00e9ho uhl\u00ed potenci\u00e1ln\u011b nejv\u011bt\u0161\u00edm budouc\u00edm zdrojem CO2 v Evrop\u011b. Stovky aktivist\u016f a aktivistek p\u0159es dva roky br\u00e1nili t\u011b\u017eb\u011b fosiln\u00edch paliv a okupovali zbytky L\u00fctzerathu. Postavili domy na stromech, chatr\u010de a sol\u00e1rn\u00ed elektr\u00e1rny, o\u017eivili zb\u00fdvaj\u00edc\u00ed domy ve vesnici a uk\u00e1zali n\u00e1m v\u0161em, \u017ee spole\u010dnost zalo\u017een\u00e1 na klimatick\u00e9 spravedlnosti je mo\u017en\u00e1.<\/p>\n\n<figure class=\"wp-block-image size-large\"><img loading=\"lazy\" decoding=\"async\" width=\"1024\" height=\"683\" src=\"https:\/\/www.greenpeace.org\/static\/planet4-czech-republic-stateless\/2023\/01\/1f3c9553-26-lutzerath-1024x683.jpg\" alt=\"\" class=\"wp-image-18257\" srcset=\"https:\/\/www.greenpeace.org\/static\/planet4-czech-republic-stateless\/2023\/01\/1f3c9553-26-lutzerath-1024x683.jpg 1024w, https:\/\/www.greenpeace.org\/static\/planet4-czech-republic-stateless\/2023\/01\/1f3c9553-26-lutzerath-300x200.jpg 300w, https:\/\/www.greenpeace.org\/static\/planet4-czech-republic-stateless\/2023\/01\/1f3c9553-26-lutzerath-768x512.jpg 768w, https:\/\/www.greenpeace.org\/static\/planet4-czech-republic-stateless\/2023\/01\/1f3c9553-26-lutzerath-1536x1024.jpg 1536w, https:\/\/www.greenpeace.org\/static\/planet4-czech-republic-stateless\/2023\/01\/1f3c9553-26-lutzerath-2048x1366.jpg 2048w, https:\/\/www.greenpeace.org\/static\/planet4-czech-republic-stateless\/2023\/01\/1f3c9553-26-lutzerath-510x340.jpg 510w\" sizes=\"auto, (max-width: 1024px) 100vw, 1024px\" \/><figcaption class=\"wp-element-caption\">Protest u dolu Garzweiler. (c) Greenpeace &#8211; Barbora Sommers<\/figcaption><\/figure>\n\n<p>Na velkou leg\u00e1ln\u00ed demonstraci u L\u00fctzerathu vydaly minul\u00fd v\u00edkend i des\u00edtky lid\u00ed z \u010desk\u00e9ho klimatick\u00e9ho hnut\u00ed v \u010dele s aktivisty a aktivistkami Greenpeace. Se\u0161lo se zde p\u0159es 35 tis\u00edc lid\u00ed, kte\u0159\u00ed spole\u010dn\u011b proch\u00e1zeli vedlej\u0161\u00ed vesnic\u00ed a v rozmanit\u00e9m pr\u016fvodu zam\u00ed\u0159ili p\u0159\u00edmo k L\u00fctzerathu, aby uk\u00e1zali, \u017ee obyvateln\u00e1 planeta je d\u016fle\u017eit\u011bj\u0161\u00ed ne\u017e zisky fosiln\u00edch korporac\u00ed.<\/p>\n\n<p>V s\u00e1zce je nejen to, \u017ee N\u011bmecko kv\u016fli dal\u0161\u00ed t\u011b\u017eb\u011b uhl\u00ed nespln\u00ed sv\u00e9 z\u00e1vazky plynouc\u00ed z Pa\u0159\u00ed\u017esk\u00e9 dohody a sel\u017ee ve snaze udr\u017eet glob\u00e1ln\u00ed oteplen\u00ed pod 1,5 stupn\u011bm Celsia, ale hlavn\u011b to, \u017ee fosiln\u00ed korporace jako RWE zni\u010d\u00ed na\u0161i budoucnost kv\u016fli kr\u00e1tkodob\u00e9mu zisku. L\u00fctzerath je n\u00e1zorn\u00fdm p\u0159\u00edkladem zlo\u010din\u016f, kter\u00e9 fosiln\u00ed spole\u010dnosti p\u00e1chaj\u00ed v\u0161ude na planet\u011b. Fosiln\u00ed spole\u010dnosti zne\u010di\u0161\u0165uj\u00ed \u017eivotn\u00ed prost\u0159ed\u00ed a ni\u010d\u00ed \u017eivoty lid\u00ed od sam\u00e9ho po\u010d\u00e1tku sv\u00e9 existence.\u00a0<\/p>\n\n<figure class=\"wp-block-image size-large\"><img loading=\"lazy\" decoding=\"async\" width=\"1024\" height=\"522\" src=\"https:\/\/www.greenpeace.org\/static\/planet4-czech-republic-stateless\/2023\/01\/45eae584-lutzerath-2-of-16-1024x522.jpg\" alt=\"\" class=\"wp-image-18258\" srcset=\"https:\/\/www.greenpeace.org\/static\/planet4-czech-republic-stateless\/2023\/01\/45eae584-lutzerath-2-of-16-1024x522.jpg 1024w, https:\/\/www.greenpeace.org\/static\/planet4-czech-republic-stateless\/2023\/01\/45eae584-lutzerath-2-of-16-300x153.jpg 300w, https:\/\/www.greenpeace.org\/static\/planet4-czech-republic-stateless\/2023\/01\/45eae584-lutzerath-2-of-16-768x391.jpg 768w, https:\/\/www.greenpeace.org\/static\/planet4-czech-republic-stateless\/2023\/01\/45eae584-lutzerath-2-of-16-1536x783.jpg 1536w, https:\/\/www.greenpeace.org\/static\/planet4-czech-republic-stateless\/2023\/01\/45eae584-lutzerath-2-of-16-2048x1044.jpg 2048w, https:\/\/www.greenpeace.org\/static\/planet4-czech-republic-stateless\/2023\/01\/45eae584-lutzerath-2-of-16-510x260.jpg 510w\" sizes=\"auto, (max-width: 1024px) 100vw, 1024px\" \/><figcaption class=\"wp-element-caption\">Protest u dolu Garzweiler. (c) Greenpeace &#8211; Barbora Sommers<\/figcaption><\/figure>\n\n<p>T\u011b\u017eba uhl\u00ed u L\u00fctzertahu nen\u00ed t\u00edm, co je pot\u0159eba k \u0159e\u0161en\u00ed krize klimatu, energetiky a rostouc\u00edch \u017eivotn\u00edch n\u00e1klad\u016f. Budov\u00e1n\u00ed obnoviteln\u00fdch zdroj\u016f, zateplov\u00e1n\u00ed a opat\u0159en\u00edmi na \u00fasporu energie jsou levn\u011bj\u0161\u00ed, rychlej\u0161\u00ed a p\u0159inesou energetickou bezpe\u010dnost a nez\u00e1vislost na t\u011b\u017eb\u011b a dovozu fosiln\u00edch paliv. Je na\u010dase urychlit spravedliv\u00fd p\u0159echod na cenov\u011b dostupnou, \u010distou a obnovitelnou energii zp\u016fsobem, kter\u00fd bude prosp\u011b\u0161n\u00fd pro lidi z uheln\u00fdch region\u016f, n\u00edzkop\u0159\u00edjmov\u00e9 obyvatele, zam\u011bstnance t\u011b\u017eebn\u00edch firem i klima, a ukon\u010dit budov\u00e1n\u00ed nov\u00e9 infrastruktury pro fosiln\u00ed paliva.&nbsp;<\/p>\n\n<p>K tis\u00edc\u016fm demonstrant\u016f v N\u011bmecku, kte\u0159\u00ed v sobotu pochodovali bl\u00e1tem a de\u0161t\u011bm na protest proti zbour\u00e1n\u00ed vesnice se p\u0159ipojila i Greta Thunbergov\u00e1, slavn\u00e1 \u0161v\u00e9dsk\u00e1 klimatick\u00e1 aktivistka. O t\u0159i dny pozd\u011bji se pak z\u00fa\u010dastnila dal\u0161\u00edho protestu, na n\u011bm\u017e neuposlechla v\u00fdzvu k opu\u0161t\u011bn\u00ed m\u00edsta a byla fyzicky vyvedena a zadr\u017eena polici\u00ed. Je\u0161t\u011b p\u0159edt\u00edm ale promluvila k davu: \u201eUhl\u00ed je st\u00e1le v zemi. My jsme st\u00e1le tady. L\u00fctzerath je st\u00e1le tady.\u201c<\/p>\n\n<p>Mohlo by se zd\u00e1t, \u017ee osud vesnice a krajiny kolem n\u00ed je u\u017e d\u00e1vno zpe\u010det\u011bn a \u017ee je jen ot\u00e1zkou \u010dasu, kdy touto oblast\u00ed projedou skr\u00fdvkov\u00e1 rypadla. Podobn\u011b neut\u011b\u0161en\u00e9 vyhl\u00eddky na dal\u0161\u00ed existenci ale m\u011bl v N\u011bmecku p\u0159ed n\u011bkolika lety i Hamba\u0161sk\u00fd les, kter\u00fd cht\u011bla pok\u00e1cet &#8211; pro zm\u011bnu &#8211; spole\u010dnost RWE. Po masivn\u00edch protestech v\u0161ak n\u011bmeck\u00e1 vl\u00e1da sv\u016fj z\u00e1m\u011br p\u0159ehodnotila, a <a href=\"https:\/\/www.greenpeace.org\/czech\/clanek\/2507\/konec-uhli-v-nemecku-zachrani-hambassky-les-a-mozna-i-vesnice-vedle-dolu\/\">Hamba\u0161sk\u00fd les byl nakonec zachr\u00e1n\u011bn<\/a>. Tak\u017ee je\u0161t\u011b uvid\u00edme, jakou budoucnost bude m\u00edt krajina kolem L\u00fctzerathu. Pos\u00edlat policisty na klimatick\u00e9 aktivisty je toti\u017e minim\u00e1ln\u011b pro politiky Zelen\u00fdch zna\u010dn\u011b toxick\u00e9. A nav\u00edc u\u017e te\u010f je jasn\u00e9, \u017ee z\u00e1soby uhl\u00ed pod obc\u00ed L\u00fctzerath mus\u00ed z\u016fstat v zemi, pokud m\u00e1 b\u00fdt t\u011b\u017eba v Por\u00fdn\u00ed skute\u010dn\u011b ukon\u010dena do roku 2030 a pokud m\u00e1 N\u011bmecko splnit sv\u00e9 klimatick\u00e9 z\u00e1vazky, kter\u00e9 <a href=\"https:\/\/www.spiegel.de\/wissenschaft\/deutschland-verfehlt-klimaziele-2022-wohl-wegen-kohlekraftwerken-a-694771d1-c8da-4110-bee0-6512962e474f\">ji\u017e v roce 2022 kv\u016fli vy\u0161\u0161\u00edmu spalov\u00e1n\u00ed uhl\u00ed nesplnilo<\/a>.\u00a0<\/p>\n\n<p><em>Text vy\u0161el na platform\u011b Seznam M\u00e9dium.<\/em><\/p>\n","protected":false},"excerpt":{"rendered":"<p>N\u011bmeck\u00e1 policie p\u0159edminul\u00fd t\u00fdden za\u010dala s vykl\u00edzen\u00edm vesnice L\u00fctzerath. Na m\u00edst\u011b proti dal\u0161\u00ed t\u011b\u017eb\u011b uhl\u00ed na s\u00e9rii akc\u00ed protestovali des\u00edtky tis\u00edc aktivist\u016f a aktivistek v\u010detn\u011b Grety Thunbergov\u00e9, kterou nakonec p\u0159i&hellip;<\/p>\n","protected":false},"author":27,"featured_media":18255,"comment_status":"open","ping_status":"closed","sticky":false,"template":"","format":"standard","meta":{"ep_exclude_from_search":false,"p4_og_title":"","p4_og_description":"","p4_og_image":"","p4_og_image_id":"","p4_seo_canonical_url":"","p4_campaign_name":"not set","p4_local_project":"not set","p4_basket_name":"not set","p4_department":"","footnotes":""},"categories":[2],"tags":[25,29,24,20],"p4-page-type":[16],"class_list":["post-18254","post","type-post","status-publish","format-standard","has-post-thumbnail","hentry","category-priroda","tag-konec-doby-fosilni","tag-nenasilne-protesty","tag-aktivni-spolecnost","tag-zmena-klimatu","p4-page-type-clanek"],"_links":{"self":[{"href":"https:\/\/www.greenpeace.org\/czech\/wp-json\/wp\/v2\/posts\/18254","targetHints":{"allow":["GET"]}}],"collection":[{"href":"https:\/\/www.greenpeace.org\/czech\/wp-json\/wp\/v2\/posts"}],"about":[{"href":"https:\/\/www.greenpeace.org\/czech\/wp-json\/wp\/v2\/types\/post"}],"author":[{"embeddable":true,"href":"https:\/\/www.greenpeace.org\/czech\/wp-json\/wp\/v2\/users\/27"}],"replies":[{"embeddable":true,"href":"https:\/\/www.greenpeace.org\/czech\/wp-json\/wp\/v2\/comments?post=18254"}],"version-history":[{"count":3,"href":"https:\/\/www.greenpeace.org\/czech\/wp-json\/wp\/v2\/posts\/18254\/revisions"}],"predecessor-version":[{"id":18261,"href":"https:\/\/www.greenpeace.org\/czech\/wp-json\/wp\/v2\/posts\/18254\/revisions\/18261"}],"wp:featuredmedia":[{"embeddable":true,"href":"https:\/\/www.greenpeace.org\/czech\/wp-json\/wp\/v2\/media\/18255"}],"wp:attachment":[{"href":"https:\/\/www.greenpeace.org\/czech\/wp-json\/wp\/v2\/media?parent=18254"}],"wp:term":[{"taxonomy":"category","embeddable":true,"href":"https:\/\/www.greenpeace.org\/czech\/wp-json\/wp\/v2\/categories?post=18254"},{"taxonomy":"post_tag","embeddable":true,"href":"https:\/\/www.greenpeace.org\/czech\/wp-json\/wp\/v2\/tags?post=18254"},{"taxonomy":"p4-page-type","embeddable":true,"href":"https:\/\/www.greenpeace.org\/czech\/wp-json\/wp\/v2\/p4-page-type?post=18254"}],"curies":[{"name":"wp","href":"https:\/\/api.w.org\/{rel}","templated":true}]}}