{"id":1847,"date":"2018-11-14T13:04:40","date_gmt":"2018-11-14T11:04:40","guid":{"rendered":"https:\/\/master.k8s.p4.greenpeace.org\/czech\/?p=1847"},"modified":"2021-12-01T13:32:49","modified_gmt":"2021-12-01T12:32:49","slug":"cvut-taji-smlouvy-s-uhlobaronem-pavlem-tykacem-organizace-greenpeace-se-proto-obratila-na-soud","status":"publish","type":"post","link":"https:\/\/www.greenpeace.org\/czech\/tiskova-zprava\/1847\/cvut-taji-smlouvy-s-uhlobaronem-pavlem-tykacem-organizace-greenpeace-se-proto-obratila-na-soud\/","title":{"rendered":"\u010cVUT taj\u00ed smlouvy s uhlobaronem Pavlem Tyka\u010dem. Organizace Greenpeace se proto obr\u00e1tila na soud"},"content":{"rendered":"<p><span style=\"font-weight: 400;\">\u010cesk\u00e9 vysok\u00e9 u\u010den\u00ed technick\u00e9 odm\u00edtlo zve\u0159ejnit dv\u011b smlouvy s firmami kontroverzn\u00edho uhlobarona Pavla Tyka\u010de, (1) kter\u00e9 po\u017eadovala organizace Greenpeace podle z\u00e1kona 106\/1999 Sb. o svobodn\u00e9m p\u0159\u00edstupu k informac\u00edm prost\u0159ednictv\u00edm sv\u00e9ho tiskov\u00e9ho mluv\u010d\u00edho Luk\u00e1\u0161e Hr\u00e1bka. Spole\u010dnost Severn\u00ed energetick\u00e1 tvrd\u00ed, \u017ee cel\u00fd text smluv podl\u00e9h\u00e1 obchodn\u00edmu tajemstv\u00ed. Ob\u011b smlouvy vyjednala za \u010cVUT b\u00fdval\u00e1 \u0161\u00e9fka Odboru pro \u0159\u00edzen\u00ed projekt\u016f a transfer technologi\u00ed Darja Elfmarkov\u00e1, kter\u00e1 byla odejita v lo\u0148sk\u00e9m roce kv\u016fli masivn\u00ed kritice pracovn\u00edk\u016f univerzity a student\u016f. (2) Z univerzity p\u0159itom ji\u017e d\u0159\u00edve musel odej\u00edt jej\u00ed man\u017eel Miroslav, proto\u017ee byl pravomocn\u011b odsouzen za podvod. (3)<\/span><\/p>\n<p><span style=\"font-weight: 400;\">P\u016fsoben\u00ed man\u017eel\u016f Elfmarkov\u00fdch na \u010cVUT prov\u00e1zel minim\u00e1ln\u011b jeden velk\u00fd skand\u00e1l souvisej\u00edc\u00ed se smlouvou o partnerstv\u00ed se St\u00e1tn\u00edm \u00fa\u0159adem pro jadernou bezpe\u010dnost. V materi\u00e1lech k pl\u00e1novan\u00e9mu jadern\u00e9mu \u00falo\u017ei\u0161ti byli jako odborn\u00ed garanti ozna\u010dov\u00e1n\u00ed lid\u00e9 z \u010cVUT, kte\u0159\u00ed se od nich distancovali, proto\u017ee na nich v\u016fbec nepracovali. (4)<\/span><\/p>\n<div id=\"attachment_1849\" style=\"width: 1062px\" class=\"wp-caption alignnone\"><img loading=\"lazy\" decoding=\"async\" aria-describedby=\"caption-attachment-1849\" class=\" wp-image-1849\" src=\"https:\/\/www.greenpeace.org\/static\/planet4-czech-republic-stateless\/2018\/11\/507b7d97-132776_234520.jpg\" alt=\"\" width=\"1052\" height=\"591\" srcset=\"https:\/\/www.greenpeace.org\/static\/planet4-czech-republic-stateless\/2018\/11\/507b7d97-132776_234520.jpg 600w, https:\/\/www.greenpeace.org\/static\/planet4-czech-republic-stateless\/2018\/11\/507b7d97-132776_234520-300x169.jpg 300w, https:\/\/www.greenpeace.org\/static\/planet4-czech-republic-stateless\/2018\/11\/507b7d97-132776_234520-510x286.jpg 510w\" sizes=\"auto, (max-width: 1052px) 100vw, 1052px\" \/><p id=\"caption-attachment-1849\" class=\"wp-caption-text\"><strong>Video, na kter\u00e9m se Darja Elfmarkov\u00e1 chlub\u00ed sv\u00fdmi uzav\u0159en\u00fdmi smlouvami, ji\u017e ze serveru YouTube zmizelo. Smlouvy ale st\u00e1le plat\u00ed.<\/strong><\/p><\/div>\n<p><span style=\"font-weight: 400;\">V souvislosti se smlouvami se Severn\u00ed energetickou byla Elfmarkov\u00e1 prokazateln\u011b ve st\u0159etu z\u00e1jm\u016f, proto\u017ee zat\u00edmco vyjedn\u00e1vala za \u010cVUT partnerstv\u00ed s uhelnou firmou, byla z\u00e1rove\u0148 majitelkou PR agentury Goodcom a provozovatelkou serveru iUhl\u00ed.cz, kter\u00fd propaguje uhelnou energetiku. (5) Severn\u00ed energetick\u00e1 p\u0159itom proslula pou\u017e\u00edv\u00e1n\u00edm PR agentur k propagaci uhl\u00ed. (6) Elfmarkov\u00e1 vyjednala podle informac\u00ed, kter\u00e9 \u010cVUT poskytlo, minim\u00e1ln\u011b dv\u011b smlouvy &#8211; jednu, v n\u00ed\u017e se \u010cVUT a Severn\u00ed energetick\u00e1 zav\u00e1zaly k trval\u00e9mu partnerstv\u00ed a spolupr\u00e1ci, a druhou t\u00fdkaj\u00edc\u00ed se \u00faprav kotelny v elektr\u00e1rn\u011b Chvaletice.<\/span><\/p>\n<p><b>Luk\u00e1\u0161 Hr\u00e1bek, tiskov\u00fd mluv\u010d\u00ed Greenpeace, \u0159\u00edk\u00e1:<br \/>\n<\/b><i><span style=\"font-weight: 400;\">\u201cJe skand\u00e1ln\u00ed, \u017ee chapadla uheln\u00e9ho byznysu a na n\u011bj nav\u00e1zan\u00fdch PR firem se dok\u00e1zala propl\u00e9st a\u017e do nejvy\u0161\u0161\u00edch pater veden\u00ed \u010cVUT. Vzhledem k p\u0159edm\u011btu podnik\u00e1n\u00ed Darji Elfmarkov\u00e9 nemohla b\u00fdt jej\u00ed motivace p\u0159i p\u0159\u00edprav\u011b smluv se Severn\u00ed energetickou jen \u010dist\u011b akademick\u00e1. P\u0159\u00e1li bychom si, aby \u010cVUT tyto skute\u010dnosti reflektovalo a p\u016fsoben\u00ed Elfmarkov\u00e9 na univerzit\u011b pro\u0161et\u0159ilo. To, \u017ee se kv\u016fli Elfmarkov\u00e9 \u010cVUT brat\u0159\u00ed\u010dkuje zrovna s uhlobaronem Pavlem Tyka\u010dem, je pro univerzitu ostuda.\u201c<\/span><\/i><\/p>\n<p><span style=\"font-weight: 400;\">Pot\u00e9, co letos ve funkci rektora skon\u010dil Petr Konvalinka a nahradil ho Vojt\u011bch Petr\u00e1\u010dek, organizace Greenpeace se na \u010cVUT obr\u00e1tila se \u017e\u00e1dost\u00ed na pro\u0161et\u0159en\u00ed smluv, kter\u00e9 spadaly pod Darju Elfmarkovou. Univerzita na v\u00fdzvu neodpov\u011bd\u011bla, organizace Greenpeace proto po\u017e\u00e1dala o poskytnut\u00ed smluv se Severn\u00ed energetickou a v\u0161emi firmami, kter\u00e9 pod n\u00ed spadaj\u00ed. (7)<\/span><\/p>\n<p><span style=\"font-weight: 400;\">Univerzita zpo\u010d\u00e1tku komunikovala a v z\u00e1konn\u00e9m term\u00ednu v dubnu dodala n\u011bkter\u00e9 star\u00e9 smlouvy, pot\u00e9 se ale odml\u010dela a a\u017e v \u010dervenci &#8211; tedy za n\u011bkolik m\u011bs\u00edc\u016f &#8211; pak po urgenci ze strany Greenpeace zaslala rozhodnut\u00ed o neposkytnut\u00ed informac\u00ed o dvou smlouv\u00e1ch, proto\u017ee jejich obsah Severn\u00ed energetick\u00e1 ozna\u010dila za obchodn\u00ed tajemstv\u00ed. Odvol\u00e1n\u00ed Greenpeace, kter\u00e9 toto rozhodnut\u00ed rozporovalo, bylo zam\u00edtnuto rektorem Petr\u00e1\u010dkem. (8)<\/span><\/p>\n<p><span style=\"font-weight: 400;\">Postup univerzity je podle Greenpeace zna\u010dn\u011b nestandardn\u00ed a nespl\u0148uje podm\u00ednky z\u00e1kona o svobodn\u00e9m p\u0159\u00edstupu k informac\u00edm, nap\u0159\u00edklad u\u017e jen poru\u0161en\u00edm z\u00e1konn\u00fdch lh\u016ft. Podle pr\u00e1vn\u00edka Greenpeace je tak\u00e9 nesmysln\u00e9, aby se \u010cVUT zp\u011btn\u011b dopt\u00e1valo, zda smlouva obsahuje obchodn\u00ed tajemstv\u00ed \u010di nikoli. Zvl\u00e1\u0161\u0165 absurdn\u00ed je to v p\u0159\u00edpad\u011b Smlouvy o trval\u00e9m p\u0159\u00e1telstv\u00ed a spolupr\u00e1ci, o n\u00ed\u017e Severn\u00ed energetick\u00e1 d\u0159\u00edve aktivn\u011b informovala m\u00e9dia a nyn\u00ed ji pova\u017euje za tajnou. (9) \u00a0<\/span><\/p>\n<p><b>Pr\u00e1vn\u00edk Pavel \u010cernohous \u0159\u00edk\u00e1:<br \/>\n<\/b><i><span style=\"font-weight: 400;\">\u201cJe nez\u00e1konn\u00fdm postupem, aby \u010cVUT dodate\u010dn\u011b zji\u0161\u0165ovalo, zda druh\u00e1 strana pova\u017euje smlouvy za obchodn\u00ed tajemstv\u00ed. Jestli\u017ee n\u011bkdo od po\u010d\u00e1tku netrv\u00e1 na tom, \u017ee n\u011bjak\u00e1 smlouva je obchodn\u00edm tajemstv\u00edm, a jej\u00ed utajen\u00ed tak nezaji\u0161\u0165uje, nejedn\u00e1 se o obchodn\u00ed tajemstv\u00ed. Jeliko\u017e \u00fadajn\u00e9 obchodn\u00ed tajemstv\u00ed bylo jedin\u00fdm d\u016fvodem pro odm\u00edtnut\u00ed \u017e\u00e1dosti, \u017e\u00e1d\u00e1me soud, aby \u017ealovan\u00e9mu \u010cVUT na\u0159\u00eddil smlouvy poskytnout.\u201d<\/span><\/i><\/p>\n<p><span style=\"font-weight: 400;\">Partnerstv\u00ed \u010cVUT a Severn\u00ed energetick\u00e9 p\u0159itom nen\u00ed jedin\u00fdm p\u0159\u00edpadem, kdy \u010desk\u00e1 univerzita spojuje sv\u00e9 jm\u00e9no s p\u0159edstaviteli uheln\u00e9ho pr\u016fmyslu. V minul\u00e9m roce ozn\u00e1mil majitel EPH Daniel K\u0159et\u00ednsk\u00fd, \u017ee chce sponzorovat vznik Institutu energetick\u00fdch studi\u00ed na pr\u00e1vnick\u00e9 fakult\u011b Masarykovy univerzity v Brn\u011b. (10) Letos v \u0159\u00edjnu pak podepsal s d\u011bkankou Mark\u00e9tou Seluckou smlouvu, kter\u00e1 \u0159e\u0161\u00ed detaily jeho sponzorsk\u00e9ho daru. (11) Kontroverzn\u00ed projekt ov\u0161em byl jednou z p\u0159\u00ed\u010din, pro\u010d d\u011bkanka v pond\u011bl\u00ed neobh\u00e1jila sv\u016fj mand\u00e1t, nedostala v akademick\u00e9m sen\u00e1tu ani jeden hlas. (12)<\/span><\/p>\n<p>&nbsp;<\/p>\n<p><b>Kontakty:<\/b><\/p>\n<ul>\n<li style=\"font-weight: 400;\"><span style=\"font-weight: 400;\">Luk\u00e1\u0161 Hr\u00e1bek, tiskov\u00fd mluv\u010d\u00ed Greenpeace \u010cR, 603 443 140, <\/span><a href=\"mailto:lukas.hrabek@greenpeace.org\"><span style=\"font-weight: 400;\">lukas.hrabek@greenpeace.org<\/span><\/a><\/li>\n<li style=\"font-weight: 400;\"><span style=\"font-weight: 400;\">Jan Rovensk\u00fd, vedouc\u00ed energetick\u00e9 kampan\u011b Greenpeace \u010cR, 734 620 844, <\/span><a href=\"mailto:jan.rovensky@greenpeace.org\"><span style=\"font-weight: 400;\">jan.rovensky@greenpeace.org<\/span><\/a><\/li>\n<\/ul>\n<p><b>Pozn\u00e1mky pro editory:<\/b><\/p>\n<p><span style=\"font-weight: 400;\">1)<br \/>\n<\/span><span style=\"font-weight: 400;\">Konkr\u00e9tn\u011b se podle informac\u00ed \u010cVUT jedn\u00e1 o tyto smlouvy:<\/span><\/p>\n<ol>\n<li style=\"font-weight: 400;\"><span style=\"font-weight: 400;\">Smlouva o d\u00edlo \u2013 Studie rekonstrukce naj\u00ed\u017ed\u011bc\u00ed kotelny\u2026 <\/span><\/li>\n<li style=\"font-weight: 400;\"><span style=\"font-weight: 400;\">Smlouva o trval\u00e9m partnerstv\u00ed a spolupr\u00e1ci\u2026<\/span><\/li>\n<\/ol>\n<p><span style=\"font-weight: 400;\">2)<br \/>\n<\/span><span style=\"font-weight: 400;\">Informaci o odchodu Elfmarkov\u00e9 p\u0159inesl b\u00fdval\u00fd rektor \u010cVUT Petr Konvalinka:<br \/>\n<\/span><a href=\"https:\/\/reportermagazin.cz\/a\/ivemG\/proc-univerzity-poklesly\">https:\/\/reportermagazin.cz\/a\/ivemG\/proc-univerzity-poklesly<\/a><\/p>\n<p><span style=\"font-weight: 400;\">3)<br \/>\n<\/span><a href=\"https:\/\/www.seznamzpravy.cz\/clanek\/rektor-cvut-si-privedl-poradce-na-dotace-ktereho-soud-ztrestal-za-danovy-podvod-3162\"><span style=\"font-weight: 400;\">https:\/\/www.seznamzpravy.cz\/clanek\/rektor-cvut-si-privedl-poradce-na-dotace-ktereho-soud-ztrestal-za-danovy-podvod-3162<\/span><\/a><\/p>\n<p><span style=\"font-weight: 400;\">4)<br \/>\n<\/span><a href=\"https:\/\/ct24.ceskatelevize.cz\/domaci\/1961526-milionovy-projekt-na-radioaktivni-uloziste-udajni-garanti-z-cvut-netusili-ze-figuruji\"><span style=\"font-weight: 400;\">https:\/\/ct24.ceskatelevize.cz\/domaci\/1961526-milionovy-projekt-na-radioaktivni-uloziste-udajni-garanti-z-cvut-netusili-ze-figuruji<\/span><\/a><\/p>\n<p><span style=\"font-weight: 400;\">5)<br \/>\n<\/span><span style=\"font-weight: 400;\">Citujeme z \u010dl\u00e1nku:<br \/>\n<\/span><span style=\"font-weight: 400;\">Darja Elfmarkov\u00e1 figuruje coby z\u00e1stupce univerzity tak\u00e9 u t\u0159ech odborn\u00fdch zak\u00e1zek, kter\u00e9 se t\u00fdkaj\u00ed elektr\u00e1rny Chvaletice. Sou\u010dasn\u011b \u2013 pod sv\u00fdm p\u0159edchoz\u00edm p\u0159\u00edjmen\u00edm Lipkov\u00e1 \u2013 vlastn\u00ed PR agenturu, je\u017e se v\u011bnuje energetice a provozuje server iUhl\u00ed.cz.<br \/>\n<\/span><a href=\"https:\/\/reportermagazin.cz\/a\/iCUBy\/baron-prasil-nove-doby\"><span style=\"font-weight: 400;\">https:\/\/reportermagazin.cz\/a\/iCUBy\/baron-prasil-nove-doby<\/span><\/a><\/p>\n<p><span style=\"font-weight: 400;\">(6)<br \/>\n<\/span><a href=\"http:\/\/denikreferendum.cz\/clanek\/25143-falesne-profily-a-nenavistne-komentare-uhlobaron-tykac-manipuluje-propagandou\"><span style=\"font-weight: 400;\">http:\/\/denikreferendum.cz\/clanek\/25143-falesne-profily-a-nenavistne-komentare-uhlobaron-tykac-manipuluje-propagandou<\/span><\/a><\/p>\n<p><span style=\"font-weight: 400;\">(7)<br \/>\n<\/span><span style=\"font-weight: 400;\">Soubor ke sta\u017een\u00ed:<br \/>\n<\/span><a href=\"https:\/\/www.greenpeace.org\/static\/planet4-czech-republic-stateless\/2018\/11\/%C5%BD%C3%A1dost-o-informace_%C4%8CVUT-3.docx\"><span style=\"font-weight: 400;\">https:\/\/www.greenpeace.org\/static\/planet4-czech-republic-stateless\/2018\/11\/\u017d\u00e1dost-o-informace_\u010cVUT-3.docx<\/span><\/a><\/p>\n<p><span style=\"font-weight: 400;\">(8)<br \/>\n<\/span><span style=\"font-weight: 400;\">Soubory je sta\u017een\u00ed:<\/span><\/p>\n<p><span style=\"font-weight: 400;\">Dopis rektorovi:<br \/>\n<\/span><a href=\"https:\/\/www.greenpeace.org\/static\/planet4-czech-republic-stateless\/2018\/11\/Mail-nov%C3%A9mu-rektorovi-%C4%8CVUT.docx\">https:\/\/www.greenpeace.org\/static\/planet4-czech-republic-stateless\/2018\/11\/Mail-nov\u00e9mu-rektorovi-\u010cVUT.docx<\/a><\/p>\n<p><span style=\"font-weight: 400;\">Odm\u00edtnut\u00ed \u017e\u00e1dosti:<br \/>\n<\/span><a href=\"https:\/\/www.greenpeace.org\/static\/planet4-czech-republic-stateless\/2018\/11\/8839bb93-greenpeace-mail-poskytnut%C3%AD-informac%C3%AD-na-z%C3%A1klad%C4%9B-%C5%BE%C3%A1dosti-%C5%BEadatele_-ii.-%C4%8D%C3%A1st-2.pdf\"><span style=\"font-weight: 400;\">ttps:\/\/storage.googleapis.com\/planet4-czech-republic-stateless\/2018\/11\/8839bb93-greenpeace-mail-poskytnut\u00ed-informac\u00ed-na-z\u00e1klad\u011b-\u017e\u00e1dosti-\u017eadatele_-ii.-\u010d\u00e1st-2.pdf<\/span><\/a><\/p>\n<p><span style=\"font-weight: 400;\">Odvol\u00e1n\u00ed:<br \/>\n<\/span><a href=\"https:\/\/www.greenpeace.org\/static\/planet4-czech-republic-stateless\/2018\/11\/Odvol%C3%A1n%C3%AD-%C4%8CVUT-2-1.docx\"><span style=\"font-weight: 400;\">https:\/\/www.greenpeace.org\/static\/planet4-czech-republic-stateless\/2018\/11\/Odvol\u00e1n\u00ed-\u010cVUT-2-1.docx<\/span><\/a><\/p>\n<p><span style=\"font-weight: 400;\">Zam\u00edtnut\u00ed odvol\u00e1n\u00ed:<br \/>\n<\/span><a href=\"https:\/\/www.greenpeace.org\/static\/planet4-czech-republic-stateless\/2018\/11\/1248f20c-600645300_0_greenpeace-%C4%8Cr-2.pdf\"><span style=\"font-weight: 400;\">https:\/\/www.greenpeace.org\/static\/planet4-czech-republic-stateless\/2018\/11\/1248f20c-600645300_0_greenpeace-\u010cr-2.pdf<\/span><\/a><\/p>\n<p><span style=\"font-weight: 400;\">(9)<br \/>\n<\/span><a href=\"http:\/\/www.7.cz\/cz\/promedia\/aktuality\/tz\/2015\/20150513.html\"><span style=\"font-weight: 400;\">http:\/\/www.7.cz\/cz\/promedia\/aktuality\/tz\/2015\/20150513.html<\/span><\/a><\/p>\n<p><span style=\"font-weight: 400;\">(10)<br \/>\n<\/span><a href=\"https:\/\/byznys.ihned.cz\/c1-65981310-kretinsky-si-chce-bdquo-vytrenovat-ldquo-odborniky-pro-sve-energeticke-imperium-spolupracovat-bude-s-masarykovou-univerzitou\"><span style=\"font-weight: 400;\">https:\/\/byznys.ihned.cz\/c1-65981310-kretinsky-si-chce-bdquo-vytrenovat-ldquo-odborniky-pro-sve-energeticke-imperium-spolupracovat-bude-s-masarykovou-univerzitou<\/span><\/a><\/p>\n<p><span style=\"font-weight: 400;\">(11)<br \/>\n<\/span><a href=\"https:\/\/brno.idnes.cz\/smlouva-spoluprace-pravnicka-fakulta-masarykova-univerzita-daniel-kretinsky-eph-gjw-\/brno-zpravy.aspx?c=A181018_433586_brno-zpravy_krut\"><span style=\"font-weight: 400;\">https:\/\/brno.idnes.cz\/smlouva-spoluprace-pravnicka-fakulta-masarykova-univerzita-daniel-kretinsky-eph-gjw-\/brno-zpravy.aspx?c=A181018_433586_brno-zpravy_krut<\/span><\/a><\/p>\n<p><span style=\"font-weight: 400;\">(12)<br \/>\n<\/span><a href=\"https:\/\/brno.idnes.cz\/marketa-selucka-dekanka-debakl-pravnicka-fakulta-masarykova-univerzita-martin-skop-gme-\/brno-zpravy.aspx?c=A181113_439225_brno-zpravy_krut\"><span style=\"font-weight: 400;\">https:\/\/brno.idnes.cz\/marketa-selucka-dekanka-debakl-pravnicka-fakulta-masarykova-univerzita-martin-skop-gme-\/brno-zpravy.aspx?c=A181113_439225_brno-zpravy_krut<\/span><\/a><\/p>\n<div class=\"EmptyMessage\">Block content is empty. Check the block&#8217;s settings or remove it.<\/div>","protected":false},"excerpt":{"rendered":"<p>\u010cesk\u00e9 vysok\u00e9 u\u010den\u00ed technick\u00e9 odm\u00edtlo zve\u0159ejnit dv\u011b smlouvy s firmami kontroverzn\u00edho uhlobarona Pavla Tyka\u010de, (1) kter\u00e9 po\u017eadovala organizace Greenpeace podle z\u00e1kona 106\/1999 Sb. o svobodn\u00e9m p\u0159\u00edstupu k informac\u00edm prost\u0159ednictv\u00edm sv\u00e9ho&hellip;<\/p>\n","protected":false},"author":29,"featured_media":1849,"comment_status":"open","ping_status":"closed","sticky":false,"template":"","format":"standard","meta":{"ep_exclude_from_search":false,"p4_og_title":"","p4_og_description":"","p4_og_image":"","p4_og_image_id":"","p4_seo_canonical_url":"","p4_campaign_name":"","p4_local_project":"","p4_basket_name":"","p4_department":"","footnotes":""},"categories":[4],"tags":[25],"p4-page-type":[14],"class_list":["post-1847","post","type-post","status-publish","format-standard","has-post-thumbnail","hentry","category-energeticka-revoluce","tag-konec-doby-fosilni","p4-page-type-tiskova-zprava"],"_links":{"self":[{"href":"https:\/\/www.greenpeace.org\/czech\/wp-json\/wp\/v2\/posts\/1847","targetHints":{"allow":["GET"]}}],"collection":[{"href":"https:\/\/www.greenpeace.org\/czech\/wp-json\/wp\/v2\/posts"}],"about":[{"href":"https:\/\/www.greenpeace.org\/czech\/wp-json\/wp\/v2\/types\/post"}],"author":[{"embeddable":true,"href":"https:\/\/www.greenpeace.org\/czech\/wp-json\/wp\/v2\/users\/29"}],"replies":[{"embeddable":true,"href":"https:\/\/www.greenpeace.org\/czech\/wp-json\/wp\/v2\/comments?post=1847"}],"version-history":[{"count":4,"href":"https:\/\/www.greenpeace.org\/czech\/wp-json\/wp\/v2\/posts\/1847\/revisions"}],"predecessor-version":[{"id":15760,"href":"https:\/\/www.greenpeace.org\/czech\/wp-json\/wp\/v2\/posts\/1847\/revisions\/15760"}],"wp:featuredmedia":[{"embeddable":true,"href":"https:\/\/www.greenpeace.org\/czech\/wp-json\/wp\/v2\/media\/1849"}],"wp:attachment":[{"href":"https:\/\/www.greenpeace.org\/czech\/wp-json\/wp\/v2\/media?parent=1847"}],"wp:term":[{"taxonomy":"category","embeddable":true,"href":"https:\/\/www.greenpeace.org\/czech\/wp-json\/wp\/v2\/categories?post=1847"},{"taxonomy":"post_tag","embeddable":true,"href":"https:\/\/www.greenpeace.org\/czech\/wp-json\/wp\/v2\/tags?post=1847"},{"taxonomy":"p4-page-type","embeddable":true,"href":"https:\/\/www.greenpeace.org\/czech\/wp-json\/wp\/v2\/p4-page-type?post=1847"}],"curies":[{"name":"wp","href":"https:\/\/api.w.org\/{rel}","templated":true}]}}