{"id":18535,"date":"2023-03-13T11:56:15","date_gmt":"2023-03-13T10:56:15","guid":{"rendered":"https:\/\/www.greenpeace.org\/czech\/?p=18535"},"modified":"2023-03-13T13:40:44","modified_gmt":"2023-03-13T12:40:44","slug":"mzp-akceptovalo-rozhodnuti-soudu-ze-vyjimka-pro-elektrarnu-chvaletice-byla-nezakonna-nyni-musi-o-vyjimce-rozhodnout-samo","status":"publish","type":"post","link":"https:\/\/www.greenpeace.org\/czech\/tiskova-zprava\/18535\/mzp-akceptovalo-rozhodnuti-soudu-ze-vyjimka-pro-elektrarnu-chvaletice-byla-nezakonna-nyni-musi-o-vyjimce-rozhodnout-samo\/","title":{"rendered":"M\u017dP akceptovalo rozhodnut\u00ed soudu, \u017ee v\u00fdjimka pro elektr\u00e1rnu Chvaletice byla nez\u00e1konn\u00e1. Nyn\u00ed mus\u00ed o v\u00fdjimce rozhodnout samo"},"content":{"rendered":"\n<p>Ministerstvo \u017eivotn\u00edho prost\u0159ed\u00ed (M\u017dP) nepodalo kasa\u010dn\u00ed st\u00ed\u017enost proti <a href=\"https:\/\/www.greenpeace.org\/static\/planet4-czech-republic-stateless\/2023\/01\/1fcb75cd-priloha_1130279686_0_60a_5_2022_67.pdf\">rozsudku Krajsk\u00e9ho soud v Ostrav\u011b (pobo\u010dka v Olomouci)<\/a>, kter\u00fd zru\u0161il nez\u00e1konn\u00e9 rozhodnut\u00ed M\u017dP z doby ministra Richarda Brabce, kter\u00fdm byla vyd\u00e1na rozs\u00e1hl\u00e1 emisn\u00ed v\u00fdjimka pro uhelnou elektr\u00e1rnu Chvaletice. Podle nevl\u00e1dn\u00edch organizac\u00ed to znamen\u00e1, \u017ee M\u017dP akceptuje, \u017ee p\u016fvodn\u00ed rozhodnut\u00ed bylo nez\u00e1konn\u00e9. Samotn\u00e1 elektr\u00e1rna Chvaletice naopak kasa\u010dn\u00ed st\u00ed\u017enost podala, nem\u00e1 v\u0161ak odkladn\u00fd \u00fa\u010dinek a rozsudek je tedy pravomocn\u00fd. Nad\u00e1le plat\u00ed, \u017ee M\u017dP je nyn\u00ed povinno bez zbyte\u010dn\u00e9ho odkladu rozhodnout, tentokr\u00e1t v souladu se z\u00e1konem. Nez\u00e1visle na tomto \u0159\u00edzen\u00ed by \u00fa\u0159edn\u00edci Pardubick\u00e9ho kraje m\u011bli v mezi\u010dase elektr\u00e1rn\u011b vepsat do integrovan\u00e9ho povolen\u00ed p\u0159\u00edsn\u011bj\u0161\u00ed emisn\u00ed limity. Ned\u00e1vno ov\u0161em <a href=\"https:\/\/www.idnes.cz\/pardubice\/zpravy\/emise-pavel-tykac-krajsky-urad-vyjimka-elektrarna-chvaletice.A230228_711314_pardubice-zpravy_mvo\">p\u0159iznali, \u017ee to nyn\u00ed d\u011blat nebudou<\/a>. <\/p>\n\n<figure class=\"wp-block-image size-large\"><img loading=\"lazy\" decoding=\"async\" width=\"1024\" height=\"644\" src=\"https:\/\/www.greenpeace.org\/static\/planet4-czech-republic-stateless\/2023\/02\/10ff794a-2016_10_03_blokada_chvaletice_zewlakk_-5063-1024x644.jpg\" alt=\"\" class=\"wp-image-18344\" srcset=\"https:\/\/www.greenpeace.org\/static\/planet4-czech-republic-stateless\/2023\/02\/10ff794a-2016_10_03_blokada_chvaletice_zewlakk_-5063-1024x644.jpg 1024w, https:\/\/www.greenpeace.org\/static\/planet4-czech-republic-stateless\/2023\/02\/10ff794a-2016_10_03_blokada_chvaletice_zewlakk_-5063-300x189.jpg 300w, https:\/\/www.greenpeace.org\/static\/planet4-czech-republic-stateless\/2023\/02\/10ff794a-2016_10_03_blokada_chvaletice_zewlakk_-5063-768x483.jpg 768w, https:\/\/www.greenpeace.org\/static\/planet4-czech-republic-stateless\/2023\/02\/10ff794a-2016_10_03_blokada_chvaletice_zewlakk_-5063-1536x967.jpg 1536w, https:\/\/www.greenpeace.org\/static\/planet4-czech-republic-stateless\/2023\/02\/10ff794a-2016_10_03_blokada_chvaletice_zewlakk_-5063-510x321.jpg 510w, https:\/\/www.greenpeace.org\/static\/planet4-czech-republic-stateless\/2023\/02\/10ff794a-2016_10_03_blokada_chvaletice_zewlakk_-5063.jpg 1600w\" sizes=\"auto, (max-width: 1024px) 100vw, 1024px\" \/><figcaption class=\"wp-element-caption\">Protest Greenpeace na chladic\u00ed v\u011b\u017ei elektr\u00e1rny Chvaletice. (c) Greenpeace &#8211; Petr Zewlakk Vrabec<\/figcaption><\/figure>\n\n<p>Nevl\u00e1dn\u00ed organizace hned po sv\u00e9m v\u00edt\u011bzstv\u00ed u krajsk\u00e9ho soudu navrhly, aby M\u017dP v nov\u00e9m rozhodnut\u00ed nevracelo p\u0159\u00edpad na krajsk\u00fd \u00fa\u0159ad, ale rovnou o \u017e\u00e1dosti o v\u00fdjimku rozhodlo a ukon\u010dilo nejistotu. Nemus\u00ed ji p\u0159itom \u00fapln\u011b zam\u00edtnout, ale m\u016f\u017ee (v souladu s rozsudkem soudu), ud\u011blit krat\u0161\u00ed v\u00fdjimku do srpna tohoto roku. D\u00edky krat\u0161\u00ed v\u00fdjimce by se odstranila sou\u010dasn\u00e1 nejistota ohledn\u011b leg\u00e1ln\u00edho fungov\u00e1n\u00ed elektr\u00e1rny a nav\u00edc by provozovatel mohl bez probl\u00e9m\u016f nainstalovat technologie pro dosa\u017een\u00ed z\u00e1konn\u00fdch emisn\u00edch limit\u016f p\u0159ed dal\u0161\u00ed topnou sez\u00f3nou.&nbsp;<\/p>\n\n<p>Z materi\u00e1l\u016f, kter\u00e9 provozovatel poskytl \u00fa\u0159ad\u016fm a soud\u016fm, vypl\u00fdv\u00e1, \u017ee <a href=\"https:\/\/hnutiduha.cz\/aktualne\/tykac-se-u-ustavniho-soudu-domaha-prava-znecistovat-ve-chvaleticich-zlomek-zisku-z\">pro nainstalov\u00e1n\u00ed pot\u0159ebn\u00fdch filtr\u016f by m\u011bl v takov\u00e9m p\u0159\u00edpad\u011b dostatek financ\u00ed i \u010dasu<\/a>. S\u00e1m provozovatel odhadoval za rok 2022 zisk 3,9 miliardy korun. Maxim\u00e1ln\u00ed \u010d\u00e1stka pro p\u0159\u00edpad instalace nov\u00fdch filtr\u016f, kter\u00e9 by sn\u00ed\u017eily emise vypou\u0161t\u011bn\u00fdch \u0161kodlivin hluboko pod emisn\u00ed limity, je 1,5 miliardy korun. Provozovatel v\u0161ak tak\u00e9 m\u016f\u017ee j\u00edt cestou vylad\u011bn\u00ed st\u00e1vaj\u00edc\u00edch filtra\u010dn\u00edch technologi\u00ed a instalace technologie <a href=\"https:\/\/cs.wikipedia.org\/wiki\/Aktivn%C3%AD_uhl%C3%AD\">d\u00e1vkov\u00e1n\u00ed aktivn\u00edho uhl\u00ed<\/a>, a n\u00e1klady na dosa\u017een\u00ed emisn\u00edch limit\u016f se tak mohou dostat na 95 milion\u016f korun, tedy zhruba na 2,5 % lo\u0148sk\u00e9ho zisku elektr\u00e1rny. Takov\u00e9 \u00fapravy lze nav\u00edc prov\u00e9st v \u0159\u00e1du n\u011bkolika t\u00fddn\u016f.<\/p>\n\n<p>St\u00e1le nedo\u0159e\u0161enou situaci kolem elektr\u00e1rny Chvaletice zp\u016fsobil samotn\u00fd provozovatel elektr\u00e1rny, kter\u00fd m\u00edsto aby nov\u00e9 limity &#8211; schv\u00e1len\u00e9 ji\u017e p\u0159ed p\u011bti lety &#8211; splnil (co\u017e ud\u011blalo 92 ze 110 velk\u00fdch spalovac\u00edch za\u0159\u00edzen\u00ed v \u010cR) nebo z nich z\u00edskal v\u00fdjimky v mez\u00edch z\u00e1kona, neust\u00e1le trv\u00e1 na dlouh\u00e9 a p\u0159\u00edli\u0161 velk\u00e9 v\u00fdjimce, jakou z\u00e1kon neumo\u017e\u0148uje. D\u00edl viny v\u0161ak nesou i \u00fa\u0159ady &#8211; Krajsk\u00fd \u00fa\u0159ad Pardubick\u00e9ho kraje (kter\u00fd ji ud\u011blil poprv\u00e9), <a href=\"https:\/\/ekolist.cz\/cz\/zpravodajstvi\/zpravy\/krajsky-urad-v-olomouci-udelil-elektrarne-chvaletice-vyjimku-z-emisnich-limitu\">Krajsk\u00fd \u00fa\u0159ad Olomouck\u00e9ho kraje (kter\u00fd v\u00fdjimku ud\u011blil znovu)<\/a> a <a href=\"https:\/\/www.idnes.cz\/pardubice\/zpravy\/elektrarna-chvaletice-vyjimka-ministerstvo-krajsky-urad.A211125_150757_pardubice-zpravy_lati\">Ministerstvo \u017eivotn\u00edho prost\u0159ed\u00ed, kter\u00e9 ji za ministra Richarda Brabce potvrdilo<\/a>.<\/p>\n\n<p>Ekologick\u00e9 organizace Hnut\u00ed DUHA a Greenpeace, m\u00edstn\u00ed spolky Zelen\u00e1 pro Pardubicko a Zastavme elektr\u00e1rnu Chvaletice a expertn\u00ed skupina Frank Bold upozor\u0148uj\u00ed na nez\u00e1konnost rozhodnut\u00ed o v\u00fdjimk\u00e1ch pro Elektr\u00e1rnu Chvaletice od roku 2019. Uheln\u00e9 elektr\u00e1rny Chvaletice a Po\u010derady (stejn\u00e9ho provozovatele) z\u00edskaly v\u00fdjimky z emisn\u00edch limit\u016f pro rtu\u0165, kter\u00e9 jsou v absolutn\u00edch emis\u00edch nesrovnateln\u011b v\u011bt\u0161\u00ed ne\u017e v\u00fdjimky pro jak\u00e9koliv dal\u0161\u00ed zdroje, a to z d\u016fvodu velk\u00e9ho zv\u00fd\u0161en\u00ed limitu a i velk\u00e9 d\u00e9lce v\u00fdjimky. Ud\u011blen\u00e1 v\u00fdjimka pro Po\u010derady by znamenala, \u017ee elektr\u00e1rna vypust\u00ed o 1 250 kg rtuti v\u00edce ne\u017e v p\u0159\u00edpad\u011b spln\u011bn\u00ed BAT, co\u017e z n\u00ed \u010din\u00ed nejv\u011bt\u0161\u00ed v\u00fdjimku ze v\u0161ech zdroj\u016f. Elektr\u00e1rna Chvaletice dostala v\u00fdjimku na p\u0159inejmen\u0161\u00edm 1 234 kg rtuti nad r\u00e1mec z\u00e1konn\u00e9ho emisn\u00edho limitu, co\u017e je druh\u00e1 nejv\u011bt\u0161\u00ed v\u00fdjimka a skoro dvojn\u00e1sobn\u00e1 oproti t\u0159et\u00ed nejv\u011bt\u0161\u00ed pro Ledvice 6.<\/p>\n\n<p><strong>Ji\u0159\u00ed Ko\u017eelouh, vedouc\u00ed energetick\u00e9ho programu Hnut\u00ed DUHA, \u0159\u00edk\u00e1:<\/strong><br><em>\u201eMinisterstvo \u017eivotn\u00edho prost\u0159ed\u00ed ud\u011blalo spr\u00e1vn\u00fd krok, kdy\u017e m\u00edsto dal\u0161\u00ed snahy protahovat soudn\u00ed p\u0159i akceptovalo, \u017ee za ministra Brabce ud\u011blalo chybu a vydalo Tyka\u010dov\u011b elektr\u00e1rn\u011b Chvaletice nez\u00e1konn\u011b rozs\u00e1hlou v\u00fdjimku na vypu\u0161t\u011bn\u00ed v\u00fdrazn\u011b nadlimitn\u00edho mno\u017estv\u00ed toxick\u00e9 rtuti i \u0161kodliv\u00fdch oxid\u016f dus\u00edku. To v\u00edt\u00e1me, ale z\u00e1rove\u0148 p\u0159ipom\u00edn\u00e1me, \u017ee ministerstvo nyn\u00ed mus\u00ed bez dal\u0161\u00edch odklad\u016f znovu o v\u00fdjimce rozhodnout. \u017d\u00e1dost zne\u010di\u0161\u0165ovatele nemus\u00ed \u00fapln\u011b zam\u00edtnout, m\u016f\u017ee ji zkr\u00e1tit na dobu do srpna 2023, co\u017e soud p\u0159ipou\u0161t\u00ed. T\u00edm umo\u017en\u00ed ukon\u010den\u00ed tahanic a d\u00e1 elektr\u00e1rn\u011b \u010das na dosa\u017een\u00ed z\u00e1konn\u00fdch limit\u016f od podzimu. Pot\u00e9 co vyd\u011blala miliardy na drah\u00e9 elekt\u0159in\u011b, mohla by \u010d\u00e1st v\u011bnovat na ochranu zdrav\u00ed lid\u00ed p\u0159ed \u0161kodliv\u00fdmi l\u00e1tkami.\u201d&nbsp;&nbsp;&nbsp;&nbsp;&nbsp;<\/em><\/p>\n\n<p><strong>Luk\u00e1\u0161 Hr\u00e1bek, tiskov\u00fd mluv\u010d\u00ed Greenpeace, \u0159\u00edk\u00e1:&nbsp;<\/strong><br><em>\u201eSnaha dotla\u010dit provozovatele elektr\u00e1rny Chvaletice ke sn\u00ed\u017een\u00ed emis\u00ed nebezpe\u010dn\u00fdch a toxick\u00fdch l\u00e1tek je takov\u00fd nekone\u010dn\u00fd p\u0159\u00edb\u011bh. Na vin\u011b jsou p\u0159edev\u0161\u00edm \u00fa\u0159edn\u00edci, kte\u0159\u00ed se boj\u00ed rozhodnout rychle a v z\u00e1jmu \u017eivotn\u00edho prost\u0159ed\u00ed a zdrav\u00ed lid\u00ed, zat\u00edmco elektr\u00e1rna Chvaletice m\u016f\u017ee d\u00e1l v klidu zne\u010di\u0161\u0165ovat ovzdu\u0161\u00ed ve st\u00e1vaj\u00edc\u00ed m\u00ed\u0159e. U\u017e t\u00e9m\u011b\u0159 dva m\u011bs\u00edce \u010dek\u00e1me, a\u017e o zru\u0161en\u00e9 emisn\u00ed v\u00fdjimce rozhodne ministerstvo \u017eivotn\u00edho prost\u0159ed\u00ed. Mezit\u00edm \u00fa\u0159edn\u00edci Pardubick\u00e9ho kraje, kte\u0159\u00ed maj\u00ed v mezi\u010dase upravit integrovan\u00e9 povolen\u00ed a vepsat do n\u011bj p\u0159\u00edsn\u011bj\u0161\u00ed limity, rad\u011bji ozn\u00e1mili, \u017ee si vezmou volno a rozhodovat o elektr\u00e1rn\u011b v\u016fbec nebudou. A ka\u017ed\u00fd den je kv\u016fli tomu poru\u0161ov\u00e1n z\u00e1kon.\u201d<\/em><\/p>\n\n<p><strong>Jan Linhart, p\u0159edseda spolku Zelen\u00e1 pro Pardubicko, \u0159\u00edk\u00e1:&nbsp;<\/strong><br><em>\u201e\u00da\u0159edn\u00edci M\u017dP i Krajsk\u00e9ho \u00fa\u0159adu Pardubick\u00e9ho kraje by m\u011bly b\u00fdt prvn\u00edmi, kdo dodr\u017euj\u00ed z\u00e1kony. Sv\u00fdm v\u00e1h\u00e1n\u00edm konzervuj\u00ed nez\u00e1konn\u00fd stav.\u201d<\/em><\/p>\n\n<p><strong>Eli\u0161ka Beranov\u00e1, pr\u00e1vni\u010dka Frank Bold, kter\u00e1 se p\u0159\u00edpadu dlouhodob\u011b v\u011bnuje, \u0159\u00edk\u00e1: <br><\/strong><em>\u201ePodle z\u00e1kona m\u00e1 Ministerstvo \u017eivotn\u00edho prost\u0159ed\u00ed povinnost vydat rozhodnut\u00ed do 30 dn\u016f, v od\u016fvodn\u011bn\u00fdch p\u0159\u00edpadech do 60 dn\u016f od znovuzah\u00e1jen\u00ed \u0159\u00edzen\u00ed. Rozsudek nabyl pr\u00e1vn\u00ed moci 18. ledna, u\u017e tedy t\u00e9m\u011b\u0159 uplynula i prodlou\u017een\u00e1 lh\u016fta pro vyd\u00e1n\u00ed nov\u00e9ho rozhodnut\u00ed. Ministerstvo je povinn\u00e9 co nejd\u0159\u00edve ukon\u010dit nejistotu jak na stran\u011b provozovatele, tak co do ochrany \u017eivotn\u00edho prost\u0159ed\u00ed.\u201d<\/em><\/p>\n","protected":false},"excerpt":{"rendered":"<p>Ministerstvo \u017eivotn\u00edho prost\u0159ed\u00ed (M\u017dP) nepodalo kasa\u010dn\u00ed st\u00ed\u017enost proti rozsudku Krajsk\u00e9ho soud v Ostrav\u011b (pobo\u010dka v Olomouci), kter\u00fd zru\u0161il nez\u00e1konn\u00e9 rozhodnut\u00ed M\u017dP z doby ministra Richarda Brabce, kter\u00fdm byla vyd\u00e1na rozs\u00e1hl\u00e1 emisn\u00ed v\u00fdjimka pro uhelnou elektr\u00e1rnu Chvaletice. <\/p>\n","protected":false},"author":27,"featured_media":18344,"comment_status":"open","ping_status":"closed","sticky":false,"template":"","format":"standard","meta":{"ep_exclude_from_search":false,"p4_og_title":"","p4_og_description":"","p4_og_image":"","p4_og_image_id":"","p4_seo_canonical_url":"","p4_campaign_name":"","p4_local_project":"","p4_basket_name":"","p4_department":"","footnotes":""},"categories":[2],"tags":[24,25,19],"p4-page-type":[14],"class_list":["post-18535","post","type-post","status-publish","format-standard","has-post-thumbnail","hentry","category-priroda","tag-aktivni-spolecnost","tag-konec-doby-fosilni","tag-ovzdusi","p4-page-type-tiskova-zprava"],"_links":{"self":[{"href":"https:\/\/www.greenpeace.org\/czech\/wp-json\/wp\/v2\/posts\/18535","targetHints":{"allow":["GET"]}}],"collection":[{"href":"https:\/\/www.greenpeace.org\/czech\/wp-json\/wp\/v2\/posts"}],"about":[{"href":"https:\/\/www.greenpeace.org\/czech\/wp-json\/wp\/v2\/types\/post"}],"author":[{"embeddable":true,"href":"https:\/\/www.greenpeace.org\/czech\/wp-json\/wp\/v2\/users\/27"}],"replies":[{"embeddable":true,"href":"https:\/\/www.greenpeace.org\/czech\/wp-json\/wp\/v2\/comments?post=18535"}],"version-history":[{"count":2,"href":"https:\/\/www.greenpeace.org\/czech\/wp-json\/wp\/v2\/posts\/18535\/revisions"}],"predecessor-version":[{"id":18537,"href":"https:\/\/www.greenpeace.org\/czech\/wp-json\/wp\/v2\/posts\/18535\/revisions\/18537"}],"wp:featuredmedia":[{"embeddable":true,"href":"https:\/\/www.greenpeace.org\/czech\/wp-json\/wp\/v2\/media\/18344"}],"wp:attachment":[{"href":"https:\/\/www.greenpeace.org\/czech\/wp-json\/wp\/v2\/media?parent=18535"}],"wp:term":[{"taxonomy":"category","embeddable":true,"href":"https:\/\/www.greenpeace.org\/czech\/wp-json\/wp\/v2\/categories?post=18535"},{"taxonomy":"post_tag","embeddable":true,"href":"https:\/\/www.greenpeace.org\/czech\/wp-json\/wp\/v2\/tags?post=18535"},{"taxonomy":"p4-page-type","embeddable":true,"href":"https:\/\/www.greenpeace.org\/czech\/wp-json\/wp\/v2\/p4-page-type?post=18535"}],"curies":[{"name":"wp","href":"https:\/\/api.w.org\/{rel}","templated":true}]}}