{"id":18641,"date":"2022-04-04T12:18:00","date_gmt":"2022-04-04T11:18:00","guid":{"rendered":"https:\/\/www.greenpeace.org\/czech\/?p=18641"},"modified":"2024-11-25T15:45:23","modified_gmt":"2024-11-25T14:45:23","slug":"2023-klicovy-rok-pro-ochranu-klimatu-a-budoucnost-energetiky","status":"publish","type":"post","link":"https:\/\/www.greenpeace.org\/czech\/clanek\/18641\/2023-klicovy-rok-pro-ochranu-klimatu-a-budoucnost-energetiky\/","title":{"rendered":"<strong>2023 \u2013 Kl\u00ed\u010dov\u00fd rok pro ochranu klimatu a budoucnost energetiky<\/strong>"},"content":{"rendered":"\n<p><strong>V \u010cesk\u00e9 republice je kl\u00ed\u010dovou v\u00fdzvou pro budoucnost klimaticko-energetick\u00e9 politiky p\u0159echod k udr\u017eiteln\u00e9mu a n\u00edzkouhl\u00edkov\u00e9mu hospod\u00e1\u0159stv\u00ed. V sou\u010dasnosti ministerstvo \u017eivotn\u00edho prost\u0159ed\u00ed (M\u017dP) a ministerstvo pr\u016fmyslu a obchodu (MPO) aktualizuj\u00ed N\u00e1rodn\u00ed energeticko-klimatick\u00fd pl\u00e1n, Politiku ochrany klimatu a St\u00e1tn\u00ed energetickou koncepci, aby tyto z\u00e1sadn\u00ed strategick\u00e9 dokumenty splnily aktu\u00e1ln\u00ed evropsk\u00e9 klimatick\u00e9 c\u00edle a c\u00edle stanoven\u00e9 vl\u00e1dou v programov\u00e9m prohl\u00e1\u0161en\u00ed, v\u010detn\u011b postupn\u00e9ho odklonu od uhl\u00ed do roku 2033. Z\u00e1sadn\u00ed je tak\u00e9 podpora ambici\u00f3zn\u00edho rozvoje obnoviteln\u00fdch zdroj\u016f energie a zrychlen\u00ed \u00faspor energie. Co vlastn\u011b tyto t\u0159i strategick\u00e9 dokumenty obsahuj\u00ed a v \u010dem se li\u0161\u00ed?<\/strong><\/p>\n\n<p>\u00dast\u0159edn\u00edm bodem <strong>N\u00e1rodn\u00edho energeticko-klimatick\u00e9ho pl\u00e1nu (NECP)<\/strong> je p\u0159\u00edsp\u011bvek \u010cesk\u00e9 republiky k c\u00edl\u016fm Evropsk\u00e9 unie v oblasti energetiky a klimatu, v\u010detn\u011b sni\u017eov\u00e1n\u00ed emis\u00ed, zvy\u0161ov\u00e1n\u00ed pod\u00edlu obnoviteln\u00fdch zdroj\u016f energie a navy\u0161ov\u00e1n\u00ed energetick\u00e9 \u00fa\u010dinnosti. NECP v\u0161ak p\u0159esahuje r\u00e1mec pouh\u00e9 produkce elekt\u0159iny a zahrnuje energetiku obecn\u011b, v\u010detn\u011b v\u00fdroby chladu a tepla, distribuce zemn\u00edho plynu, hodnocen\u00ed energetick\u00e9 n\u00e1ro\u010dnosti pr\u016fmyslu a dal\u0161\u00edch oblast\u00ed.&nbsp;<\/p>\n\n<p>Pl\u00e1n obsahuje obrovsk\u00e9 mno\u017estv\u00ed informac\u00ed k dan\u00e9mu t\u00e9matu, od tabulek a graf\u016f zn\u00e1zor\u0148uj\u00edc\u00edch kone\u010dnou spot\u0159ebu energie v r\u016fzn\u00fdch odv\u011btv\u00edch v posledn\u00edch letech p\u0159es diskusi o vzd\u011bl\u00e1vac\u00edch a poradensk\u00fdch opat\u0159en\u00edch, informace o stavu z\u00e1sob jadern\u00e9ho paliva v elektr\u00e1rn\u011b Dukovany a\u017e po tabulku s odhadem po\u010dtu ovc\u00ed, prasat a skotu do roku 2040. V\u011bt\u0161ina v\u00fdpo\u010dt\u016f NECP je sice ozna\u010dena jako &#8222;vlastn\u00ed zpracov\u00e1n\u00ed Ministerstva pr\u016fmyslu a obchodu pro \u00fa\u010dely N\u00e1rodn\u00edho pl\u00e1nu&#8220;, ale metodika, kter\u00e1 stoj\u00ed za v\u011bt\u0161inou progn\u00f3z, z\u016fst\u00e1v\u00e1 nejasn\u00e1. P\u0159esto\u017ee pl\u00e1n ve sv\u00e9m n\u00e1zvu v\u00fdslovn\u011b zmi\u0148uje klima, nezab\u00fdv\u00e1 se pot\u0159ebou zm\u00edrnit prob\u00edhaj\u00edc\u00ed klimatick\u00e9 zm\u011bny a nev\u011bnuje jim p\u0159\u00edli\u0161 pozornosti. NECP nicm\u00e9n\u011b do zna\u010dn\u00e9 m\u00edry \u010derp\u00e1 ze dvou strategick\u00fdch dokument\u016f, z Aktualizovan\u00e9 st\u00e1tn\u00ed energetick\u00e9 koncepce \u010cR (ASEK) schv\u00e1len\u00e9 v roce 2015, kter\u00e1 po\u010d\u00edt\u00e1 s dal\u0161\u00edm rozvojem jadern\u00e9 energetiky, a z Politiky ochrany klimatu \u010cR schv\u00e1len\u00e9 v roce 2017.<\/p>\n\n<p>V \u010desk\u00e9m prost\u0159ed\u00ed pat\u0159\u00ed tzv. <strong>Politika ochrany klimatu (POK)<\/strong> do gesce ministerstva \u017eivotn\u00edho prost\u0159ed\u00ed a form\u00e1ln\u011b vych\u00e1z\u00ed p\u0159edev\u0161\u00edm z mezin\u00e1rodn\u00edch a evropsk\u00fdch z\u00e1vazk\u016f: Klimaticko-energetick\u00e9ho bal\u00ed\u010dku EU, Pa\u0159\u00ed\u017esk\u00e9 dohody (ratifikovan\u00e9 roce 2017), a z evropsk\u00e9 legislativy. M\u011bla by proto vych\u00e1zet jak z usnesen\u00ed Evropsk\u00e9ho parlamentu o stavu klimatick\u00e9 a environment\u00e1ln\u00ed nouze z listopadu 2019, tak i ze Zelen\u00e9 dohody pro Evropu. V r\u00e1mci pln\u011bn\u00ed klimatick\u00fdch c\u00edl\u016f se \u010cesk\u00e1 republika sna\u017e\u00ed o zvy\u0161ov\u00e1n\u00ed pod\u00edlu obnoviteln\u00fdch zdroj\u016f energie, v\u010detn\u011b zvy\u0161ov\u00e1n\u00ed energetick\u00e9 efektivity a sni\u017eov\u00e1n\u00ed emis\u00ed sklen\u00edkov\u00fdch plyn\u016f. D\u016fle\u017eit\u00fdm prvkem je tak\u00e9 p\u0159echod k n\u00edzkouhl\u00edkov\u00e9 ekonomice a podpora v\u00fdzkumu a v\u00fdvoje v oblasti \u010dist\u00fdch technologi\u00ed.&nbsp;<\/p>\n\n<p><strong>St\u00e1tn\u00ed energetick\u00e1 koncepce (SEK<\/strong>) je kl\u00ed\u010dov\u00fdm dokumentem, kter\u00fd vyjad\u0159uje c\u00edle st\u00e1tu v oblasti nakl\u00e1d\u00e1n\u00ed s energi\u00ed. SEK m\u00e1 kl\u00e1st d\u016fraz na trvale udr\u017eiteln\u00fd rozvoj a zaji\u0161t\u011bn\u00ed bezpe\u010dnosti dod\u00e1vek energie, konkurenceschopnosti hospod\u00e1\u0159stv\u00ed a soci\u00e1ln\u00ed p\u0159ijatelnosti pro obyvatelstvo. Tento strategick\u00fd dokument m\u00e1 poskytnout jasnou vizi a z\u00e1m\u011bry st\u00e1tu v oblasti energetiky na dlouhodob\u00e9 obdob\u00ed. SEK m\u00e1 tak\u00e9 d\u016fle\u017eitou roli p\u0159i poskytov\u00e1n\u00ed stability a jistoty pro investory, ob\u010dany a st\u00e1tn\u00ed spr\u00e1vu. SEK by se m\u011bl aktualizovat ka\u017ed\u00fdch 5 let, nicm\u00e9n\u011b jeho nejnov\u011bj\u0161\u00ed verze se o\u010dek\u00e1v\u00e1 pr\u00e1v\u011b letos.&nbsp;<\/p>\n\n<p><strong>Jak\u00e1 je tedy vize? Mus\u00edme stav\u011bt obnoviteln\u00e9 zdroje a zateplovat<\/strong><\/p>\n\n<p>Vl\u00e1da tento rok p\u0159i revizi sv\u00e9ho programov\u00e9ho prohl\u00e1\u0161en\u00ed op\u011btovn\u011b potvrdila sv\u016fj z\u00e1vazek vytvo\u0159it podm\u00ednky pro odklon od uhl\u00ed do roku 2033. Nicm\u00e9n\u011b je d\u016fle\u017eit\u00e9, aby tento z\u00e1vazek nez\u016fstal jen na pap\u00ed\u0159e, ale aby se projevil i v praxi. Nap\u0159\u00edklad pl\u00e1novan\u00e9 prodlou\u017een\u00ed t\u011b\u017eby uhl\u00ed na dole B\u00edlina do roku 2035, o kter\u00e9 po\u017e\u00e1daly Severo\u010desk\u00e9 doly spadaj\u00edc\u00ed pod skupinu \u010cEZ, je v rozporu s t\u00edmto z\u00e1vazkem. Vl\u00e1da by m\u011bla zv\u00fd\u0161it d\u016fraz na rozvoj obnoviteln\u00fdch zdroj\u016f a \u00fasporu energie nam\u00edsto pl\u00e1nov\u00e1n\u00ed mnoha nov\u00fdch jadern\u00fdch reaktor\u016f, jejich\u017e v\u00fdstavba se ne\u00fam\u011brn\u011b prodra\u017e\u00ed a s velkou pravd\u011bpodobnost\u00ed nen\u00ed ani re\u00e1ln\u00e1. Kabinet by mohl nap\u0159\u00edklad urychlit zaveden\u00ed sd\u00edlen\u00ed lok\u00e1ln\u00ed, \u010dist\u00e9 a levn\u00e9 elekt\u0159iny, poskytovat v\u00edce dotac\u00ed na zateplov\u00e1n\u00ed dom\u016f a instalaci sol\u00e1rn\u00edch panel\u016f na st\u0159echy, zejm\u00e9na pro n\u00edzkop\u0159\u00edjmov\u00e9 dom\u00e1cnosti, v\u010detn\u011b t\u011bch \u017eij\u00edc\u00edch v bytov\u00fdch domech.<\/p>\n","protected":false},"excerpt":{"rendered":"<p>V \u010cesk\u00e9 republice je kl\u00ed\u010dovou v\u00fdzvou pro budoucnost klimaticko-energetick\u00e9 politiky p\u0159echod k udr\u017eiteln\u00e9mu a n\u00edzkouhl\u00edkov\u00e9mu hospod\u00e1\u0159stv\u00ed. V sou\u010dasnosti ministerstvo \u017eivotn\u00edho prost\u0159ed\u00ed (M\u017dP) a ministerstvo pr\u016fmyslu a obchodu (MPO) aktualizuj\u00ed N\u00e1rodn\u00ed&hellip;<\/p>\n","protected":false},"author":74,"featured_media":18643,"comment_status":"closed","ping_status":"closed","sticky":false,"template":"","format":"standard","meta":{"ep_exclude_from_search":false,"p4_og_title":"","p4_og_description":"","p4_og_image":"","p4_og_image_id":"","p4_seo_canonical_url":"","p4_campaign_name":"","p4_local_project":"","p4_basket_name":"","p4_department":"","footnotes":""},"categories":[4],"tags":[25,26,20],"p4-page-type":[16],"class_list":["post-18641","post","type-post","status-publish","format-standard","has-post-thumbnail","hentry","category-energeticka-revoluce","tag-konec-doby-fosilni","tag-obnovitelne-zdroje","tag-zmena-klimatu","p4-page-type-clanek"],"_links":{"self":[{"href":"https:\/\/www.greenpeace.org\/czech\/wp-json\/wp\/v2\/posts\/18641","targetHints":{"allow":["GET"]}}],"collection":[{"href":"https:\/\/www.greenpeace.org\/czech\/wp-json\/wp\/v2\/posts"}],"about":[{"href":"https:\/\/www.greenpeace.org\/czech\/wp-json\/wp\/v2\/types\/post"}],"author":[{"embeddable":true,"href":"https:\/\/www.greenpeace.org\/czech\/wp-json\/wp\/v2\/users\/74"}],"replies":[{"embeddable":true,"href":"https:\/\/www.greenpeace.org\/czech\/wp-json\/wp\/v2\/comments?post=18641"}],"version-history":[{"count":1,"href":"https:\/\/www.greenpeace.org\/czech\/wp-json\/wp\/v2\/posts\/18641\/revisions"}],"predecessor-version":[{"id":18644,"href":"https:\/\/www.greenpeace.org\/czech\/wp-json\/wp\/v2\/posts\/18641\/revisions\/18644"}],"wp:featuredmedia":[{"embeddable":true,"href":"https:\/\/www.greenpeace.org\/czech\/wp-json\/wp\/v2\/media\/18643"}],"wp:attachment":[{"href":"https:\/\/www.greenpeace.org\/czech\/wp-json\/wp\/v2\/media?parent=18641"}],"wp:term":[{"taxonomy":"category","embeddable":true,"href":"https:\/\/www.greenpeace.org\/czech\/wp-json\/wp\/v2\/categories?post=18641"},{"taxonomy":"post_tag","embeddable":true,"href":"https:\/\/www.greenpeace.org\/czech\/wp-json\/wp\/v2\/tags?post=18641"},{"taxonomy":"p4-page-type","embeddable":true,"href":"https:\/\/www.greenpeace.org\/czech\/wp-json\/wp\/v2\/p4-page-type?post=18641"}],"curies":[{"name":"wp","href":"https:\/\/api.w.org\/{rel}","templated":true}]}}