{"id":18717,"date":"2022-04-13T10:28:00","date_gmt":"2022-04-13T09:28:00","guid":{"rendered":"https:\/\/www.greenpeace.org\/czech\/?p=18717"},"modified":"2024-12-30T10:17:04","modified_gmt":"2024-12-30T09:17:04","slug":"tezba-na-biline-po-roce-2030-je-klimaticky-zlocin","status":"publish","type":"post","link":"https:\/\/www.greenpeace.org\/czech\/clanek\/18717\/tezba-na-biline-po-roce-2030-je-klimaticky-zlocin\/","title":{"rendered":"T\u011b\u017eba na B\u00edlin\u011b po roce 2030 je klimatick\u00fd zlo\u010din"},"content":{"rendered":"\n<p><strong>Vl\u00e1da Petra Fialy se ve sv\u00e9m programov\u00e9m prohl\u00e1\u0161en\u00ed zav\u00e1zala, \u017ee bude vytv\u00e1\u0159et podm\u00ednky pro energetickou transformaci a rozvoj uheln\u00fdch region\u016f tak, aby byl mo\u017en\u00fd odklon od uhl\u00ed do roku 2033. V praxi se v\u0161ak d\u011bje prav\u00fd opak. T\u011b\u017eebn\u00ed spole\u010dnost Severo\u010desk\u00e9 doly, kter\u00e1 spad\u00e1 pod firmu \u010cEZ vlastn\u011bnou z bezm\u00e1la 70 procent st\u00e1tem, obdr\u017eela v b\u0159eznu od Obvodn\u00edho b\u00e1\u0148sk\u00e9ho \u00fa\u0159adu v Most\u011b povolen\u00ed k hornick\u00e9 \u010dinnosti na hn\u011bdouheln\u00e9m dole B\u00edlina do roku 2035. P\u0159esto\u017ee toto rozhodnut\u00ed zat\u00edm nen\u00ed pravomocn\u00e9, hroz\u00ed, \u017ee z\u00e1vazek z vl\u00e1dn\u00edho prohl\u00e1\u0161en\u00ed nebude dodr\u017een a na dole B\u00edlina se bude t\u011b\u017eit za p\u016fvodn\u00edmi ekologick\u00fdmi limity stanoven\u00fdmi vl\u00e1dou Petra Pitharta.&nbsp;<\/strong><\/p>\n\n<figure class=\"wp-block-image size-large\"><img decoding=\"async\" src=\"https:\/\/www.greenpeace.org\/static\/planet4-czech-republic-stateless\/2018\/12\/e5c62862-dsc2832_hd_limity-jsme-my-1024x683.jpg\" title=\"Velkolom B\u00edlina<div class=\"credit icon-left\"> \u00a9 Greenpeace &#8211; Ibra Ibrahimovi\u010d<\/div>&#8220; alt=&#8220;Velkolom B\u00edlina<div class=\"credit icon-left\"> \u00a9 Greenpeace &#8211; Ibra Ibrahimovi\u010d<\/div>&#8220; class=&#8220;wp-image-2295&#8243;\/><figcaption class=\"wp-element-caption\">Velkolom B\u00edlina<div class=\"credit icon-left\"> \u00a9 Greenpeace &#8211; Ibra Ibrahimovi\u010d<\/div><\/figcaption><\/figure>\n\n<p>Spor o to, aby t\u011b\u017eba na B\u00edlin\u011b nepokra\u010dovala za p\u016fvodn\u011b stanoven\u00e9 limity, se t\u00e1hne u\u017e roky a snah\u00e1m prodlou\u017eit t\u011b\u017ebu uhl\u00ed bohu\u017eel nestoj\u00ed v cest\u011b ani v tuhle chv\u00edli naprosto nez\u00e1vazn\u00e9 sliby z programov\u00e9ho prohl\u00e1\u0161en\u00ed sou\u010dasn\u00e9 vl\u00e1dy. Kl\u00ed\u010dov\u00e9 pro porozum\u011bn\u00ed tomu, co se dnes kolem dolu B\u00edlina d\u011bje, je vr\u00e1tit se do roku 1991, kdy vl\u00e1da Petra Pitharta schv\u00e1lila z\u00e1vazn\u00e9 usnesen\u00ed \u010d. 444, kter\u00fdm definovala \u00fazemn\u00ed limity na t\u011b\u017ebu hn\u011bd\u00e9ho uhl\u00ed v severn\u00edch \u010cech\u00e1ch. \u0160lo o \u00fazemn\u00ed linie, za n\u011b\u017e nesm\u011bla postoupit t\u011b\u017eba v jednotliv\u00fdch severo\u010desk\u00fdch dolech. Vl\u00e1dn\u00ed usnesen\u00ed bylo p\u0159ijato na n\u00e1vrh tehdej\u0161\u00edho ministra \u017eivotn\u00edho prost\u0159ed\u00ed Ivana Dejmala a t\u00fdkalo se cel\u00e9 \u0159ady dol\u016f mimo jin\u00e9 lomu \u010cSA mezi Litv\u00ednovem a Jirkovem a lomu B\u00edlina z\u00e1padn\u011b od m\u011bsta B\u00edlina.&nbsp;<\/p>\n\n<figure class=\"wp-block-image size-full\"><img decoding=\"async\" src=\"https:\/\/www.greenpeace.org\/static\/planet4-czech-republic-stateless\/2023\/04\/54ed8dba-north_bohemian_mining_limits.jpg\" title=\"Limity t\u011b\u017eby na Mostecku<div class=\"credit icon-left\"> \u00a9 Kivak Wikipedia &#8211; CC BY-SA 3.0<\/div>&#8220; alt=&#8220;Limity t\u011b\u017eby na Mostecku<div class=\"credit icon-left\"> \u00a9 Kivak Wikipedia &#8211; CC BY-SA 3.0<\/div>&#8220; class=&#8220;wp-image-18718&#8243;\/><figcaption class=\"wp-element-caption\">Limity t\u011b\u017eby na Mostecku<div class=\"credit icon-left\"> \u00a9 Kivak Wikipedia &#8211; CC BY-SA 3.0<\/div><\/figcaption><\/figure>\n\n<p>T\u011b\u017eebn\u00ed limity m\u011bly prim\u00e1rn\u011b chr\u00e1nit \u017eivotn\u00ed prost\u0159ed\u00ed a krajinu v oblasti severn\u00edch \u010cech a fungovat jako vl\u00e1dn\u00ed z\u00e1ruka ve prosp\u011bch obc\u00edm v bl\u00edzkosti uheln\u00fdch dol\u016f, aby m\u011bly jistotu, \u017ee se nebude zhor\u0161ovat jejich \u017eivotn\u00ed prost\u0159ed\u00ed a zdej\u0161\u00ed kvalita \u017eivota a \u017ee se mohou spolehnout na to, \u017ee t\u011b\u017eba uhl\u00ed nenaru\u0161\u00ed \u017eivotn\u00ed pl\u00e1ny jejich obyvatel a nevezme jim jejich domovy. I tak ale \u00fazemn\u00ed limity d\u00e1valy dostate\u010dn\u00fd prostor k t\u011b\u017eb\u011b uhl\u00ed. V t\u00e9 dob\u011b \u0161lo o celospole\u010densk\u00fd kompromis mezi pokra\u010dov\u00e1n\u00edm ni\u010den\u00ed krajiny a \u017eivotn\u00edho prost\u0159ed\u00ed a uspokojen\u00edm pot\u0159eb energetiky a tepl\u00e1renstv\u00ed. T\u011b\u017eebn\u00ed spole\u010dnosti se v\u0161ak uhl\u00ed za limity nikdy nevzdaly a o prolomen\u00ed limit\u016f na dolech \u010cSA a B\u00edlina usilovaly des\u00edtky let. V druh\u00e9m p\u0159\u00edpad\u011b se to Severo\u010desk\u00fdm dol\u016fm nakonec povedlo.&nbsp;<\/p>\n\n<p>Uveden\u00e9 usnesen\u00ed Pitharovy vl\u00e1dy potvrdila i vl\u00e1da Mirka Topl\u00e1nka, kter\u00e1 linii limit\u016f na dole B\u00edlina sice p\u0159ekreslila, ale v kone\u010dn\u00e9m d\u016fsledku jen vym\u011bnila \u010d\u00e1st \u00fazem\u00ed ur\u010den\u00e9ho k t\u011b\u017eb\u011b za stejn\u011b velkou rozlohu o kus d\u00e1l a st\u00e1le po\u010d\u00edtala s koncem t\u011b\u017eby na dole B\u00edlina nejpozd\u011bji v roce 2030. Mnohem z\u00e1va\u017en\u011bj\u0161\u00ed rozhodnut\u00ed v\u0161ak u\u010dinila vl\u00e1da Bohuslava Sobotky v roce 2015, kter\u00e1 limity na B\u00edlin\u011b zcela prolomila. Sobotkova vl\u00e1da tak rozhodla v\u00fdznamn\u00fdm zp\u016fsobem ve prosp\u011bch t\u011b\u017eby a otev\u0159ela cestu k tomu, aby se uhl\u00ed na B\u00edlin\u011b t\u011b\u017eilo a\u017e do roku 2050. Tak\u00e9 sou\u010dasn\u00fd z\u00e1m\u011br Severo\u010desk\u00fdch dol\u016f prodlou\u017eit t\u011b\u017ebu do roku 2035 se naz\u00fdv\u00e1 I. etapa Doly B\u00edlina a n\u00e1sledovat p\u016fvodn\u011b m\u011bla je\u0161t\u011b druh\u00e1 etapa, proto\u017ee spole\u010dnost pl\u00e1novala t\u011b\u017eit uhl\u00ed a\u017e do zm\u00edn\u011bn\u00e9ho roku 2050. Tomu nasv\u011bd\u010duje i sou\u010dasn\u00fd, b\u00e1\u0148sk\u00fdm \u00fa\u0159adem schv\u00e1len\u00fd pl\u00e1n rekultivac\u00ed po skon\u010den\u00ed t\u011b\u017eby, kter\u00fd po\u010d\u00edt\u00e1 se zah\u00e1jen\u00edm prac\u00ed a\u017e v roce 2055. Pl\u00e1n, jak\u00fdm zp\u016fsobem by se m\u011blo nalo\u017eit s vyt\u011b\u017een\u00fdm \u00fazem\u00edm v p\u0159\u00edpad\u011b, \u017ee t\u011b\u017eba skon\u010d\u00ed kdykoli d\u0159\u00edve, p\u0159itom v\u016fbec neexistuje. A to je samo o sob\u011b skand\u00e1ln\u00ed.<\/p>\n\n<p><strong>Spousta lid\u00ed se s prolomen\u00edm limit\u016f nesm\u00ed\u0159ila<\/strong><\/p>\n\n<p>Severo\u010desk\u00e9 doly n\u011bkolik let po prolomen\u00ed limit\u016f spustily proces vyhodnocen\u00ed vliv\u016f dolu na \u017eivotn\u00ed prost\u0159ed\u00ed (tzv. proces EIA). I d\u00edky formul\u00e1\u0159i na str\u00e1nk\u00e1ch Greenpeace pak proti roz\u0161i\u0159ov\u00e1n\u00ed dolu poslalo v roce 2019 sv\u00e9 p\u0159ipom\u00ednky t\u00e9m\u011b\u0159 4500 lid\u00ed, kte\u0159\u00ed po\u017eadovali, aby ministerstvo bu\u010f vr\u00e1tilo dokumentaci k roz\u0161\u00ed\u0159en\u00ed dolu t\u011b\u017ea\u0159\u016fm k p\u0159epracov\u00e1n\u00ed, proto\u017ee v n\u00ed chyb\u00ed anal\u00fdza dopad\u016f na klima, nebo aby ministerstvo rovnou vydalo k z\u00e1m\u011bru negativn\u00ed z\u00e1vazn\u00e9 stanovisko. Lze \u0159\u00edci, \u017ee v\u00edce lid\u00ed se do procesu EIA v souvislosti s t\u011b\u017ebou surovin nikdy p\u0159edt\u00edm nezapojilo. Uk\u00e1zalo se tak, \u017ee s prolomen\u00edm \u00fazemn\u00edch ekologick\u00fdch limit\u016f a roz\u0161\u00ed\u0159en\u00edm velkolomu B\u00edlina se spousta lid\u00ed nesm\u00ed\u0159ila. S prodlou\u017een\u00edm t\u011b\u017eby vyjad\u0159uje rovn\u011b\u017e dlouhodob\u011b nesouhlas nedalek\u00e9 m\u011bsto Litv\u00ednov.&nbsp;<\/p>\n\n<blockquote class=\"wp-block-quote is-layout-flow wp-block-quote-is-layout-flow\">\n<p>Zpracovatel nezahrnul do anal\u00fdzy vliv spalov\u00e1n\u00ed vyt\u011b\u017een\u00e9ho uhl\u00ed na klima!<\/p>\n<\/blockquote>\n\n<p>Obs\u00e1hl\u00e9 p\u0159ipom\u00ednky o d\u00e9lce 33 stran podala i organizace Greenpeace. Na jejich p\u0159\u00edprav\u011b se pod\u00edleli \u010dty\u0159i extern\u00ed experti na hodnocen\u00ed zdravotn\u00edch dopad\u016f, ovzdu\u0161\u00ed, ochranu p\u0159\u00edrody a klima. Podle jejich zji\u0161t\u011bn\u00ed trp\u011bla dokumentace k prodlou\u017een\u00ed v\u00e1\u017en\u00fdmi nedostatky zejm\u00e9na v oblasti hodnocen\u00ed dopad\u016f na klima, na ovzdu\u0161\u00ed a na floru. Chyb\u011blo v n\u00ed tak\u00e9 hodnocen\u00ed tzv. extern\u00edch n\u00e1klad\u016f t\u011b\u017eby, variantn\u00ed \u0159e\u0161en\u00ed, imisn\u00ed bilance pol\u00e9tav\u00e9ho prachu a dal\u0161\u00ed d\u016fle\u017eit\u00e9 n\u00e1le\u017eitosti.&nbsp;<\/p>\n\n<p>Tak\u00e9 jsme upozor\u0148ovali na to, \u017ee zpracovatel nezahrnul do anal\u00fdzy vliv spalov\u00e1n\u00ed vyt\u011b\u017een\u00e9ho uhl\u00ed na klima. Jde p\u0159itom o nejv\u00fdznamn\u011bj\u0161\u00ed negativn\u00ed dopad, kter\u00fd by t\u011b\u017eba za prolomen\u00fdmi limity na B\u00edlin\u011b m\u011bla. Podle p\u016fvodn\u00edch pl\u00e1n\u016f zn\u00e1m\u00fdch z vyhodnocen\u00ed dopad\u016f na \u017eivotn\u00ed prost\u0159ed\u00ed se m\u00e1 vyt\u011b\u017eit 8,3 milionu tun uhl\u00ed ro\u010dn\u011b, jeho\u017e sp\u00e1len\u00edm se m\u00e1 podle posudku M\u017dP uvolnit do ovzdu\u0161\u00ed 11,5 milionu tun CO2 (tedy 5,76 % emis\u00ed vypu\u0161t\u011bn\u00fdch v roce 1990 a necel\u00fdch 10 % sou\u010dasn\u00fdch emis\u00ed). To by ohrozilo pod\u00edl \u010cR na spln\u011bn\u00ed klimatick\u00fdch c\u00edl\u016f EU na sn\u00ed\u017een\u00ed emis\u00ed do roku 2030. Nav\u00edc samotn\u00e1 t\u011b\u017eba by se tak mohla p\u0159ibl\u00ed\u017eit na 500 metr\u016f od okoln\u00edch obc\u00ed &#8211; Mari\u00e1nsk\u00fdch Rad\u010dic, Bra\u0148an a Duchcova.&nbsp;<\/p>\n\n<p><strong>Nejv\u011bt\u0161\u00ed chyba v historii ministerstva&nbsp;<\/strong><\/p>\n\n<p>Ministerstvo \u017eivotn\u00edho prost\u0159ed\u00ed v\u0161ak p\u0159esto 30. \u010dervence 2019 vydalo kladn\u00e9 stanovisko k z\u00e1m\u011bru prodlou\u017eit t\u011b\u017ebu uhl\u00ed na dole B\u00edlina a\u017e do roku 2035. \u00da\u0159ad, v jeho\u017e \u010dele tedy st\u00e1l Richard Brabec za hnut\u00ed ANO, se odvol\u00e1val na to, \u017ee d\u00edky zm\u011bn\u011b postup\u016f a technologi\u00ed v aktu\u00e1ln\u00edm z\u00e1m\u011bru bude m\u00edt t\u011b\u017eba i p\u0159es jej\u00ed prodlou\u017een\u00ed o p\u011bt let postupn\u011b ni\u017e\u0161\u00ed dopady na \u017eivotn\u00ed prost\u0159ed\u00ed a ve\u0159ejn\u00e9 zdrav\u00ed oproti sou\u010dasn\u00e9mu stavu.&nbsp;<\/p>\n\n<figure class=\"wp-block-image size-large\"><img loading=\"lazy\" decoding=\"async\" width=\"1024\" height=\"683\" src=\"https:\/\/www.greenpeace.org\/static\/planet4-czech-republic-stateless\/2019\/08\/59b9818f-dsc6953_09_final_net-1024x683.jpg\" alt=\"\" class=\"wp-image-3995\" srcset=\"https:\/\/www.greenpeace.org\/static\/planet4-czech-republic-stateless\/2019\/08\/59b9818f-dsc6953_09_final_net-1024x683.jpg 1024w, https:\/\/www.greenpeace.org\/static\/planet4-czech-republic-stateless\/2019\/08\/59b9818f-dsc6953_09_final_net-300x200.jpg 300w, https:\/\/www.greenpeace.org\/static\/planet4-czech-republic-stateless\/2019\/08\/59b9818f-dsc6953_09_final_net-768x512.jpg 768w, https:\/\/www.greenpeace.org\/static\/planet4-czech-republic-stateless\/2019\/08\/59b9818f-dsc6953_09_final_net-510x340.jpg 510w, https:\/\/www.greenpeace.org\/static\/planet4-czech-republic-stateless\/2019\/08\/59b9818f-dsc6953_09_final_net.jpg 1500w\" sizes=\"auto, (max-width: 1024px) 100vw, 1024px\" \/><figcaption class=\"wp-element-caption\">Velkolom B\u00edlina<div class=\"credit icon-left\"> \u00a9 (c) Greenpeace &#8211; Ibra Ibrahimovi\u010d<\/div><\/figcaption><\/figure>\n\n<p>Organizace Greenpeace ozna\u010dila rozhodnut\u00ed ministerstva za nejv\u011bt\u0161\u00ed chybu v historii \u00fa\u0159adu. Povolen\u00ed t\u011b\u017eby uhl\u00ed za p\u016fvodn\u00edmi \u00fazemn\u00edmi ekologick\u00fdmi limity je v p\u0159\u00edm\u00e9m rozporu s funkc\u00ed ministerstva \u2013 tedy s ochranou p\u0159\u00edrody a \u017eivotn\u00edho prost\u0159ed\u00ed. \u00da\u0159edn\u00edci tak nap\u0159\u00edklad povolili zni\u010den\u00ed mok\u0159adu Venuska, jeho\u017e rozvinut\u00fd a cen\u011bn\u00fd ekosyst\u00e9m se ned\u00e1 nahradit vybudov\u00e1n\u00edm \u017e\u00e1dn\u00e9ho n\u00e1hradn\u00edho.<\/p>\n\n<p>Aktu\u00e1ln\u00ed \u017e\u00e1dost Severo\u010desk\u00fdch dol\u016f zajistit si od Obvodn\u00edho b\u00e1\u0148sk\u00e9ho \u00fa\u0159adu v Most\u011b povolen\u00ed k hornick\u00e9 \u010dinnosti na dole B\u00edlina do roku 2035 je tak vyvrcholen\u00edm dlouholet\u00fdch snach t\u011b\u017eit uhl\u00ed za p\u016fvodn\u011b stanoven\u00fdmi limity. Umo\u017enil ji p\u0159edchoz\u00ed postup vl\u00e1dy Bohuslava Sobotky a \u010dlena vl\u00e1dy Andreje Babi\u0161e ministra \u017eivotn\u00edho prost\u0159ed\u00ed Richarda Brabce. Bez ohledu na to, \u017ee organizace Greenpeace podala proti nepravomocn\u00e9mu rozhodnut\u00ed Obvodn\u00edho b\u00e1\u0148sk\u00e9ho \u00fa\u0159adu odvol\u00e1n\u00ed, konat by m\u011bla p\u0159edev\u0161\u00edm vl\u00e1da Petra Fialy, kter\u00e1 by nem\u011bla dopustit, aby v ot\u00e1zce odklonu od uhl\u00ed byla ve vleku rozhodnut\u00ed p\u0159edchoz\u00edch vl\u00e1d.&nbsp;<\/p>\n\n<figure class=\"wp-block-image size-large\"><img loading=\"lazy\" decoding=\"async\" width=\"1024\" height=\"683\" src=\"https:\/\/www.greenpeace.org\/static\/planet4-czech-republic-stateless\/2018\/11\/6ac4f77c-dsc2791_hd_limity-jsme-my-1024x683.jpg\" alt=\"\" class=\"wp-image-1872\" srcset=\"https:\/\/www.greenpeace.org\/static\/planet4-czech-republic-stateless\/2018\/11\/6ac4f77c-dsc2791_hd_limity-jsme-my-1024x683.jpg 1024w, https:\/\/www.greenpeace.org\/static\/planet4-czech-republic-stateless\/2018\/11\/6ac4f77c-dsc2791_hd_limity-jsme-my-300x200.jpg 300w, https:\/\/www.greenpeace.org\/static\/planet4-czech-republic-stateless\/2018\/11\/6ac4f77c-dsc2791_hd_limity-jsme-my-768x512.jpg 768w, https:\/\/www.greenpeace.org\/static\/planet4-czech-republic-stateless\/2018\/11\/6ac4f77c-dsc2791_hd_limity-jsme-my-510x340.jpg 510w, https:\/\/www.greenpeace.org\/static\/planet4-czech-republic-stateless\/2018\/11\/6ac4f77c-dsc2791_hd_limity-jsme-my.jpg 1620w\" sizes=\"auto, (max-width: 1024px) 100vw, 1024px\" \/><figcaption class=\"wp-element-caption\">Velkolom B\u00edlina<div class=\"credit icon-left\"> \u00a9 Greenpeace &#8211; Ibra Ibrahimovi\u010d<\/div><\/figcaption><\/figure>\n\n<p><strong>Ke komu se Fiala p\u0159ihl\u00e1s\u00ed &#8211; k Pithartovi nebo Babi\u0161ovi?&nbsp;<\/strong><\/p>\n\n<p>Pokud se Fialova vl\u00e1da ve sv\u00e9m programov\u00e9m prohl\u00e1\u0161en\u00ed zav\u00e1zala vytv\u00e1\u0159et podm\u00ednky pro energetickou transformaci a rozvoj uheln\u00fdch region\u016f tak, aby byl mo\u017en\u00fd odklon od uhl\u00ed do roku 2033, m\u011bla by opravdu tak \u010dinit a ud\u011blat v\u0161e proto, aby uhl\u00ed do roku 2033 skute\u010dn\u011b skon\u010dilo. To se v\u0161ak nestane, pokud se uhl\u00ed na dole B\u00edlina bude t\u011b\u017eit a\u017e do roku 2035.&nbsp;<\/p>\n\n<p>Petr Fiala a jeho vl\u00e1da si mus\u00ed \u0159\u00edct, jestli cht\u011bj\u00ed nav\u00e1zat na Petra Pitharta a Ivana Dejmala a jejich snahu chr\u00e1nit \u017eivotn\u00ed prost\u0159ed\u00ed, a nebo navzdory sv\u00e9mu programov\u00e9mu prohl\u00e1\u0161en\u00ed se p\u0159ihl\u00e1s\u00ed k vl\u00e1d\u00e1m Bohuslava Sobotky a Andreje Babi\u0161e, kter\u00fd spole\u010dn\u011b se sv\u00fdm ministrem pr\u016fmyslu a obchodu Karlem Havl\u00ed\u010dkem chce konec uhl\u00ed odlo\u017eit a\u017e na rok 2038. Sou\u010dasn\u00e1 vl\u00e1da m\u00e1 hned n\u011bkolik mo\u017enost\u00ed co d\u011blat. M\u016f\u017ee p\u0159ijmout pro st\u00e1tn\u00ed \u00fa\u0159ady z\u00e1vazn\u00e9 vl\u00e1dn\u00ed usnesen\u00ed nebo se proti prodlou\u017een\u00ed t\u011b\u017eby na B\u00edlin\u011b m\u016f\u017ee ohradit z pozice nejv\u011bt\u0161\u00edho akcion\u00e1\u0159e \u010cEZ na valn\u00e9 hromad\u011b spole\u010dnosti.&nbsp;<\/p>\n\n<p>T\u011b\u017eba na B\u00edlin\u011b do roku 2035 je klimatick\u00fdm zlo\u010dinem a pokud k n\u00ed nakonec dojde, fosiln\u00edm padouchem nebudou jen Severo\u010desk\u00e9 doly a spole\u010dnost \u010cEZ, ale i vl\u00e1dy, kter\u00e9 tento zlo\u010din umo\u017enily, a\u0165 u\u017e svou \u010dinnosti nebo naopak ne\u010dinnost\u00ed.&nbsp;<\/p>\n","protected":false},"excerpt":{"rendered":"<p>Vl\u00e1da Petra Fialy se ve sv\u00e9m programov\u00e9m prohl\u00e1\u0161en\u00ed zav\u00e1zala, \u017ee bude vytv\u00e1\u0159et podm\u00ednky pro energetickou transformaci a rozvoj uheln\u00fdch region\u016f tak, aby byl mo\u017en\u00fd odklon od uhl\u00ed do roku 2033.&hellip;<\/p>\n","protected":false},"author":77,"featured_media":2096,"comment_status":"closed","ping_status":"closed","sticky":false,"template":"","format":"standard","meta":{"ep_exclude_from_search":false,"p4_og_title":"T\u011b\u017eba na B\u00edlin\u011b po roce 2030 je klimatick\u00fd zlo\u010din","p4_og_description":"Vl\u00e1da Petra Fialy se ve sv\u00e9m programov\u00e9m prohl\u00e1\u0161en\u00ed zav\u00e1zala, \u017ee bude vytv\u00e1\u0159et podm\u00ednky pro energetickou transformaci a rozvoj uheln\u00fdch region\u016f tak, aby byl mo\u017en\u00fd odklon od uhl\u00ed do roku 2033. V praxi se v\u0161ak d\u011bje prav\u00fd opak. T\u011b\u017eebn\u00ed spole\u010dnost Severo\u010desk\u00e9 doly, kter\u00e1 spad\u00e1 pod firmu \u010cEZ vlastn\u011bnou z bezm\u00e1la 70 procent st\u00e1tem, obdr\u017eela v b\u0159eznu od Obvodn\u00edho b\u00e1\u0148sk\u00e9ho \u00fa\u0159adu v Most\u011b povolen\u00ed k hornick\u00e9 \u010dinnosti na hn\u011bdouheln\u00e9m dole B\u00edlina do roku 2035. P\u0159esto\u017ee toto rozhodnut\u00ed zat\u00edm nen\u00ed pravomocn\u00e9, hroz\u00ed, \u017ee z\u00e1vazek z vl\u00e1dn\u00edho prohl\u00e1\u0161en\u00ed nebude dodr\u017een a na dole B\u00edlina se bude t\u011b\u017eit za p\u016fvodn\u00edmi ekologick\u00fdmi limity stanoven\u00fdmi vl\u00e1dou Petra Pitharta. ","p4_og_image":"https:\/\/www.greenpeace.org\/static\/planet4-czech-republic-stateless\/2018\/11\/6ac4f77c-dsc2791_hd_limity-jsme-my.jpg","p4_og_image_id":"1872","p4_seo_canonical_url":"","p4_campaign_name":"","p4_local_project":"","p4_basket_name":"","p4_department":"","footnotes":""},"categories":[4],"tags":[25,26,20],"p4-page-type":[16],"class_list":["post-18717","post","type-post","status-publish","format-standard","has-post-thumbnail","hentry","category-energeticka-revoluce","tag-konec-doby-fosilni","tag-obnovitelne-zdroje","tag-zmena-klimatu","p4-page-type-clanek"],"_links":{"self":[{"href":"https:\/\/www.greenpeace.org\/czech\/wp-json\/wp\/v2\/posts\/18717","targetHints":{"allow":["GET"]}}],"collection":[{"href":"https:\/\/www.greenpeace.org\/czech\/wp-json\/wp\/v2\/posts"}],"about":[{"href":"https:\/\/www.greenpeace.org\/czech\/wp-json\/wp\/v2\/types\/post"}],"author":[{"embeddable":true,"href":"https:\/\/www.greenpeace.org\/czech\/wp-json\/wp\/v2\/users\/77"}],"replies":[{"embeddable":true,"href":"https:\/\/www.greenpeace.org\/czech\/wp-json\/wp\/v2\/comments?post=18717"}],"version-history":[{"count":4,"href":"https:\/\/www.greenpeace.org\/czech\/wp-json\/wp\/v2\/posts\/18717\/revisions"}],"predecessor-version":[{"id":18723,"href":"https:\/\/www.greenpeace.org\/czech\/wp-json\/wp\/v2\/posts\/18717\/revisions\/18723"}],"wp:featuredmedia":[{"embeddable":true,"href":"https:\/\/www.greenpeace.org\/czech\/wp-json\/wp\/v2\/media\/2096"}],"wp:attachment":[{"href":"https:\/\/www.greenpeace.org\/czech\/wp-json\/wp\/v2\/media?parent=18717"}],"wp:term":[{"taxonomy":"category","embeddable":true,"href":"https:\/\/www.greenpeace.org\/czech\/wp-json\/wp\/v2\/categories?post=18717"},{"taxonomy":"post_tag","embeddable":true,"href":"https:\/\/www.greenpeace.org\/czech\/wp-json\/wp\/v2\/tags?post=18717"},{"taxonomy":"p4-page-type","embeddable":true,"href":"https:\/\/www.greenpeace.org\/czech\/wp-json\/wp\/v2\/p4-page-type?post=18717"}],"curies":[{"name":"wp","href":"https:\/\/api.w.org\/{rel}","templated":true}]}}