{"id":18805,"date":"2023-04-27T10:39:57","date_gmt":"2023-04-27T09:39:57","guid":{"rendered":"https:\/\/www.greenpeace.org\/czech\/?p=18805"},"modified":"2023-04-27T13:26:29","modified_gmt":"2023-04-27T12:26:29","slug":"greenpeace-spousti-kampan-za-zachranu-starych-lesu-pristi-tyden-preda-sve-pozadavky-ministerstvu-zemedelstvi","status":"publish","type":"post","link":"https:\/\/www.greenpeace.org\/czech\/tiskova-zprava\/18805\/greenpeace-spousti-kampan-za-zachranu-starych-lesu-pristi-tyden-preda-sve-pozadavky-ministerstvu-zemedelstvi\/","title":{"rendered":"Greenpeace spou\u0161t\u00ed kampa\u0148 za z\u00e1chranu star\u00fdch les\u016f, p\u0159\u00ed\u0161t\u00ed t\u00fdden p\u0159ed\u00e1 sv\u00e9 po\u017eadavky ministerstvu zem\u011bd\u011blstv\u00ed"},"content":{"rendered":"\n<p>Organizace Greenpeace dnes spustila kampa\u0148 <a href=\"https:\/\/www.nekacejte.cz\/\">Nek\u00e1cejte.cz<\/a>, kde mohou lid\u00e9 podepisovat v\u00fdzvu za v\u011bt\u0161\u00ed ochranu les\u016f star\u0161\u00edch 120 let s p\u016fvodn\u00ed druhovou skladbou. P\u0159\u00ed\u0161t\u00ed \u010dtvrtek doru\u010d\u00ed Greenpeace sv\u00e9 po\u017eadavky s vysv\u011btluj\u00edc\u00edm dopisem na ministerstvo zem\u011bd\u011blstv\u00ed, kter\u00e9 je za oblast spr\u00e1vy \u010desk\u00fdch les\u016f zodpov\u011bdn\u00e9. P\u0159\u00edmo po ministerstvu Greenpeace chce, aby na\u0159\u00eddilo st\u00e1tn\u00ed firm\u011b Lesy \u010cR, kter\u00e1 spravuje zhruba polovinu zb\u00fdvaj\u00edc\u00edch star\u00fdch les\u016f p\u0159estat v t\u011bchto les\u00edch s k\u00e1cen\u00edm a ne\u0161etrn\u00fdm managementem. Z\u00e1rove\u0148 by vl\u00e1da podle Greenpeace m\u011bla p\u0159ipravit opat\u0159en\u00ed, kter\u00e1 zamez\u00ed v ni\u010den\u00ed les\u016f i dal\u0161\u00edm vlastn\u00edk\u016fm.&nbsp;<\/p>\n\n<figure class=\"wp-block-image size-large\"><img loading=\"lazy\" decoding=\"async\" width=\"1024\" height=\"683\" src=\"https:\/\/www.greenpeace.org\/static\/planet4-czech-republic-stateless\/2023\/04\/3b82ab0f-dsb_6548_02_ibra_final_net-1024x683.jpg\" alt=\"\" class=\"wp-image-18807\" srcset=\"https:\/\/www.greenpeace.org\/static\/planet4-czech-republic-stateless\/2023\/04\/3b82ab0f-dsb_6548_02_ibra_final_net-1024x683.jpg 1024w, https:\/\/www.greenpeace.org\/static\/planet4-czech-republic-stateless\/2023\/04\/3b82ab0f-dsb_6548_02_ibra_final_net-300x200.jpg 300w, https:\/\/www.greenpeace.org\/static\/planet4-czech-republic-stateless\/2023\/04\/3b82ab0f-dsb_6548_02_ibra_final_net-768x512.jpg 768w, https:\/\/www.greenpeace.org\/static\/planet4-czech-republic-stateless\/2023\/04\/3b82ab0f-dsb_6548_02_ibra_final_net-1536x1024.jpg 1536w, https:\/\/www.greenpeace.org\/static\/planet4-czech-republic-stateless\/2023\/04\/3b82ab0f-dsb_6548_02_ibra_final_net-2048x1366.jpg 2048w, https:\/\/www.greenpeace.org\/static\/planet4-czech-republic-stateless\/2023\/04\/3b82ab0f-dsb_6548_02_ibra_final_net-510x340.jpg 510w\" sizes=\"auto, (max-width: 1024px) 100vw, 1024px\" \/><figcaption class=\"wp-element-caption\">K\u00e1cen\u00ed v Kru\u0161n\u00fdch hor\u00e1ch (c) Greenpeace &#8211; Ibra Ibrahimovi\u010d<\/figcaption><\/figure>\n\n<p>Organizace Greenpeace dlouhodob\u011b sleduje situaci v evropsky v\u00fdznamn\u00e9 lokalit\u011b V\u00fdchodn\u00ed Kru\u0161noho\u0159\u00ed a upozor\u0148uje na ni\u010den\u00ed tamn\u00edch vz\u00e1cn\u00fdch bu\u010din. V minulosti se zde vyskytly p\u0159\u00edpady holose\u010dn\u00e9ho k\u00e1cen\u00ed, vysazov\u00e1n\u00ed nep\u016fvodn\u00edch d\u0159evin \u010di dokonce ileg\u00e1ln\u00edho k\u00e1cen\u00ed bez povolen\u00ed, a to jak ze strany soukrom\u00e9ho vlastn\u00edka, tak i st\u00e1tn\u00ed spole\u010dnosti Lesy \u010cR. St\u00e1tn\u00ed spole\u010dnost p\u0159itom v sou\u010dasn\u00e9 dob\u011b pl\u00e1nuje dal\u0161\u00ed t\u011b\u017ebu v nejstar\u0161\u00edch porostech na \u00fapat\u00ed Kru\u0161n\u00fdch hor. Odpor ve\u0159ejnosti vyvolala tak\u00e9 jej\u00ed ned\u00e1vn\u00e1 <a href=\"https:\/\/vyskovsky.denik.cz\/zpravy_region\/kaceni-zdanicky-les-chriby-holosece-lesy-cr-snovidky-grolich-rajchmanova.html\">t\u011b\u017eba star\u00fdch listnat\u00fdch les\u016f u Kyjova ve \u017d\u010f\u00e1nick\u00e9m lese.<\/a>&nbsp;<\/p>\n\n<p>Star\u00e9 lesy jsou unik\u00e1tn\u00ed a jsou d\u016fle\u017eit\u00e9 pro zachov\u00e1n\u00ed biodiverzity. V \u010cesku pokr\u00fdvaj\u00ed zhruba 9 % rozlohy, z toho zhruba polovina je ve vlastnictv\u00ed st\u00e1tu. \u017dij\u00ed zde vz\u00e1cn\u00e9 druhy jako lejsek mal\u00fd, strakapoud prost\u0159edn\u00ed, sokol st\u011bhovav\u00fd a netop\u00fdr rezav\u00fd a brouci jako p\u00e1chn\u00edk hn\u011bd\u00fd, kova\u0159\u00edk fialov\u00fd, ale tak\u00e9 r\u016fzn\u00e9 druhy tesa\u0159\u00edk\u016f, nosoro\u017e\u00edk\u016f nebo roh\u00e1\u010d\u016f. V dutin\u00e1ch star\u00fdch strom\u016f se pak ukr\u00fdvaj\u00ed pl\u0161\u00ed i dal\u0161\u00ed savci. Jen zlomek t\u011bchto les\u016f je v\u0161ak n\u011bjak\u00fdm zp\u016fsobem chr\u00e1n\u011bn.&nbsp;<\/p>\n\n<p>Biodiverzita je podle v\u011bdc\u016f z\u00e1sadn\u00ed pro p\u0159e\u017eit\u00ed lidstva na Zemi, a proto se k ochran\u011b biologick\u00e9 pestrosti zav\u00e1zaly i sv\u011btov\u00e9 st\u00e1ty v\u010detn\u011b \u010ceska na konferenci v Montrealu loni na podzim. St\u00e1ty se dohodly, \u017ee do roku 2030 budou chr\u00e1nit 30 % rozlohy mo\u0159\u00ed a sou\u0161\u00ed, p\u0159i\u010dem\u017e 10 % bude chr\u00e1n\u011bno po\u0159\u00e1dn\u011b. Greenpeace po\u017eaduje, aby v \u010cesku mezi chr\u00e1n\u011bn\u00fdmi oblastmi byly i unik\u00e1tn\u00ed star\u00e9 lesy.<\/p>\n\n<p><strong>Nikol Krej\u010dov\u00e1, koordin\u00e1torka kampan\u011b Greenpeace za z\u00e1chranu star\u00fdch les\u016f, \u0159\u00edk\u00e1:<\/strong><br><em>\u201cStar\u00e9 lesy p\u0159ekypuj\u00ed biologickou rozmanitost\u00ed a jsou domovem mnoha \u017eivo\u010dich\u016f, rostlin a dal\u0161\u00edch organism\u016f. Mnoho z nich je p\u0159itom ohro\u017een\u00fdch \u010di chr\u00e1n\u011bn\u00fdch, proto\u017ee m\u00edst, kde mohou p\u0159e\u017e\u00edvat, ub\u00fdv\u00e1 pr\u00e1v\u011b kv\u016fli k\u00e1cen\u00ed star\u00fdch les\u016f. Pokud star\u00e9 lesy ponech\u00e1me dal\u0161\u00edmu v\u00fdvoji ide\u00e1ln\u011b s co nejmen\u0161\u00edmi z\u00e1sahy \u010dlov\u011bka, biologick\u00e1 pestrost se bude zvy\u0161ovat. A o to n\u00e1m jde. Po\u017eadujeme, aby st\u00e1t zajistil, \u017ee se star\u00e9 lesy p\u0159estanou ni\u010dit. Vyz\u00fdv\u00e1me Lesy \u010desk\u00e9 republiky, aby okam\u017eit\u011b p\u0159estaly k\u00e1cet lesy star\u0161\u00ed 120 let. Z\u00e1rove\u0148 vyz\u00fdv\u00e1me ministerstvo zem\u011bd\u011blstv\u00ed, aby Les\u016fm \u010cR k\u00e1cen\u00ed ve star\u00fdch les\u00edch trvale zak\u00e1zalo.\u201d<\/em>&nbsp;<\/p>\n","protected":false},"excerpt":{"rendered":"<p>Organizace Greenpeace dnes spustila kampa\u0148 Nek\u00e1cejte.cz, kde mohou lid\u00e9 podepisovat v\u00fdzvu za v\u011bt\u0161\u00ed ochranu les\u016f star\u0161\u00edch 120 let s p\u016fvodn\u00ed druhovou skladbou. P\u0159\u00ed\u0161t\u00ed \u010dtvrtek doru\u010d\u00ed Greenpeace sv\u00e9 po\u017eadavky s vysv\u011btluj\u00edc\u00edm&hellip;<\/p>\n","protected":false},"author":27,"featured_media":18807,"comment_status":"open","ping_status":"closed","sticky":false,"template":"","format":"standard","meta":{"ep_exclude_from_search":false,"p4_og_title":"","p4_og_description":"","p4_og_image":"","p4_og_image_id":"","p4_seo_canonical_url":"","p4_campaign_name":"","p4_local_project":"","p4_basket_name":"","p4_department":"","footnotes":""},"categories":[2],"tags":[17],"p4-page-type":[14],"class_list":["post-18805","post","type-post","status-publish","format-standard","has-post-thumbnail","hentry","category-priroda","tag-lesy-pralesy","p4-page-type-tiskova-zprava"],"_links":{"self":[{"href":"https:\/\/www.greenpeace.org\/czech\/wp-json\/wp\/v2\/posts\/18805","targetHints":{"allow":["GET"]}}],"collection":[{"href":"https:\/\/www.greenpeace.org\/czech\/wp-json\/wp\/v2\/posts"}],"about":[{"href":"https:\/\/www.greenpeace.org\/czech\/wp-json\/wp\/v2\/types\/post"}],"author":[{"embeddable":true,"href":"https:\/\/www.greenpeace.org\/czech\/wp-json\/wp\/v2\/users\/27"}],"replies":[{"embeddable":true,"href":"https:\/\/www.greenpeace.org\/czech\/wp-json\/wp\/v2\/comments?post=18805"}],"version-history":[{"count":4,"href":"https:\/\/www.greenpeace.org\/czech\/wp-json\/wp\/v2\/posts\/18805\/revisions"}],"predecessor-version":[{"id":18811,"href":"https:\/\/www.greenpeace.org\/czech\/wp-json\/wp\/v2\/posts\/18805\/revisions\/18811"}],"wp:featuredmedia":[{"embeddable":true,"href":"https:\/\/www.greenpeace.org\/czech\/wp-json\/wp\/v2\/media\/18807"}],"wp:attachment":[{"href":"https:\/\/www.greenpeace.org\/czech\/wp-json\/wp\/v2\/media?parent=18805"}],"wp:term":[{"taxonomy":"category","embeddable":true,"href":"https:\/\/www.greenpeace.org\/czech\/wp-json\/wp\/v2\/categories?post=18805"},{"taxonomy":"post_tag","embeddable":true,"href":"https:\/\/www.greenpeace.org\/czech\/wp-json\/wp\/v2\/tags?post=18805"},{"taxonomy":"p4-page-type","embeddable":true,"href":"https:\/\/www.greenpeace.org\/czech\/wp-json\/wp\/v2\/p4-page-type?post=18805"}],"curies":[{"name":"wp","href":"https:\/\/api.w.org\/{rel}","templated":true}]}}