{"id":18825,"date":"2023-05-04T12:32:04","date_gmt":"2023-05-04T11:32:04","guid":{"rendered":"https:\/\/www.greenpeace.org\/czech\/?p=18825"},"modified":"2023-05-09T15:43:15","modified_gmt":"2023-05-09T14:43:15","slug":"vyzvali-jsme-ministerstvo-zemedelstvi-nekacejte","status":"publish","type":"post","link":"https:\/\/www.greenpeace.org\/czech\/clanek\/18825\/vyzvali-jsme-ministerstvo-zemedelstvi-nekacejte\/","title":{"rendered":"Vyzvali jsme Ministerstvo zem\u011bd\u011blstv\u00ed: \u201e<em>Nek\u00e1cejte!<\/em>\u201c"},"content":{"rendered":"\n<p>Star\u00e9 lesy pot\u0159ebuj\u00ed na\u0161i pozornost a ochranu, a pr\u00e1v\u011b proto je tu na\u0161e nov\u00e1 kampa\u0148 Nek\u00e1cejte. M\u00e1me jasn\u00e9 c\u00edle a po\u017eadavky a ty jsme dnes p\u0159edali Ministerstvu zem\u011bd\u011blstv\u00ed. V\u011b\u0159\u00edme, \u017ee pochop\u00ed nal\u00e9havost a d\u016fle\u017eitost situace a postav\u00ed se za \u017eivot star\u00fdch les\u016f.<\/p>\n\n<p>P\u0159idej sv\u016fj hlas i ty a \u0159ekni spolu s n\u00e1mi Ministerstvu zem\u011bd\u011blstv\u00ed a Les\u016fm \u010cR: Nek\u00e1cejte!<\/p>\n\n<div class=\"wp-block-buttons is-content-justification-center is-layout-flex wp-container-core-buttons-is-layout-16018d1d wp-block-buttons-is-layout-flex\">\n<div class=\"wp-block-button is-style-cta\"><a class=\"wp-block-button__link wp-element-button\" href=\"https:\/\/www.nekacejte.cz\/\">Podepsat<\/a><\/div>\n<\/div>\n\n<figure class=\"wp-block-image size-large\"><img loading=\"lazy\" decoding=\"async\" width=\"1024\" height=\"683\" src=\"https:\/\/www.greenpeace.org\/static\/planet4-czech-republic-stateless\/2023\/05\/02d8a28e-p4pozadavky-2-1024x683.jpg\" alt=\"\" class=\"wp-image-18832\" srcset=\"https:\/\/www.greenpeace.org\/static\/planet4-czech-republic-stateless\/2023\/05\/02d8a28e-p4pozadavky-2-1024x683.jpg 1024w, https:\/\/www.greenpeace.org\/static\/planet4-czech-republic-stateless\/2023\/05\/02d8a28e-p4pozadavky-2-300x200.jpg 300w, https:\/\/www.greenpeace.org\/static\/planet4-czech-republic-stateless\/2023\/05\/02d8a28e-p4pozadavky-2-768x512.jpg 768w, https:\/\/www.greenpeace.org\/static\/planet4-czech-republic-stateless\/2023\/05\/02d8a28e-p4pozadavky-2-510x340.jpg 510w, https:\/\/www.greenpeace.org\/static\/planet4-czech-republic-stateless\/2023\/05\/02d8a28e-p4pozadavky-2.jpg 1200w\" sizes=\"auto, (max-width: 1024px) 100vw, 1024px\" \/><\/figure>\n\n<p>Je t\u0159eba, aby ministerstvo na\u0159\u00eddilo st\u00e1tn\u00ed firm\u011b Lesy \u010cR, aby p\u0159estala s k\u00e1cen\u00edm a ne\u0161etrn\u00fdm managementem ve zb\u00fdvaj\u00edc\u00edch star\u00fdch les\u00edch, z nich\u017e m\u00e1 ve spr\u00e1v\u011b zhruba polovinu. Z\u00e1rove\u0148 by vl\u00e1da m\u011bla p\u0159ipravit opat\u0159en\u00ed, kter\u00e1 zamez\u00ed ni\u010den\u00ed les\u016f i dal\u0161\u00edm vlastn\u00edk\u016fm.<\/p>\n\n<p>Star\u00e9 lesy jsou domovem mnoha vz\u00e1cn\u00fdch \u017eivo\u010di\u0161n\u00fdch i rostlinn\u00fdch druh\u016f, kter\u00e9 jinde nenajdeme. Pokud je nyn\u00ed vyk\u00e1c\u00edme, u\u017e se nedo\u017eijeme jejich pln\u00e9 obnovy. Star\u00e9 lesy pamatuj\u00ed vl\u00e1du Franti\u0161ka Josefa I., a pokud je nech\u00e1me do\u017e\u00edt, biodiverzita v nich se bude d\u00e1le zvy\u0161ovat a postupn\u011b se lesy budou obnovovat. Star\u00e9 lesy maj\u00ed i dal\u0161\u00ed d\u016fle\u017eit\u00e9 funkce, stabilizuj\u00ed vodn\u00ed re\u017eim v krajin\u011b a pom\u00e1haj\u00ed n\u00e1m zm\u00edr\u0148ovat pr\u016fb\u011bh klimatick\u00e9 krize. Jsou z\u00e1sadn\u00ed nejen pro biodiverzitu, ale i n\u00e1s v\u0161echny.<\/p>\n\n<figure class=\"wp-block-image size-full\"><img loading=\"lazy\" decoding=\"async\" width=\"1008\" height=\"672\" src=\"https:\/\/www.greenpeace.org\/static\/planet4-czech-republic-stateless\/2023\/05\/f14c3863-20230426085929-658d4aa5-la.jpg\" alt=\"\" class=\"wp-image-18826\" srcset=\"https:\/\/www.greenpeace.org\/static\/planet4-czech-republic-stateless\/2023\/05\/f14c3863-20230426085929-658d4aa5-la.jpg 1008w, https:\/\/www.greenpeace.org\/static\/planet4-czech-republic-stateless\/2023\/05\/f14c3863-20230426085929-658d4aa5-la-300x200.jpg 300w, https:\/\/www.greenpeace.org\/static\/planet4-czech-republic-stateless\/2023\/05\/f14c3863-20230426085929-658d4aa5-la-768x512.jpg 768w, https:\/\/www.greenpeace.org\/static\/planet4-czech-republic-stateless\/2023\/05\/f14c3863-20230426085929-658d4aa5-la-510x340.jpg 510w\" sizes=\"auto, (max-width: 1008px) 100vw, 1008px\" \/><\/figure>\n\n<p>Je to na rozhodnut\u00ed st\u00e1tu, jak nalo\u017e\u00ed s lesy, kter\u00e9 pat\u0159\u00ed n\u00e1m v\u0161em. M\u011blo by to v\u0161ak b\u00fdt ku prosp\u011bchu n\u00e1s i dal\u0161\u00edch generac\u00ed.<\/p>\n\n<div class=\"wp-block-buttons is-content-justification-center is-layout-flex wp-container-core-buttons-is-layout-16018d1d wp-block-buttons-is-layout-flex\">\n<div class=\"wp-block-button is-style-cta\"><a class=\"wp-block-button__link wp-element-button\" href=\"https:\/\/www.nekacejte.cz\/\">\u00a0\u0158ekni i ty Nek\u00e1cejte!<\/a><\/div>\n<\/div>\n\n<figure class=\"wp-block-image size-large\"><img loading=\"lazy\" decoding=\"async\" width=\"1024\" height=\"768\" src=\"https:\/\/www.greenpeace.org\/static\/planet4-czech-republic-stateless\/2023\/05\/18130d79-p4pozadavky-1024x768.jpg\" alt=\"\" class=\"wp-image-18827\" srcset=\"https:\/\/www.greenpeace.org\/static\/planet4-czech-republic-stateless\/2023\/05\/18130d79-p4pozadavky-1024x768.jpg 1024w, https:\/\/www.greenpeace.org\/static\/planet4-czech-republic-stateless\/2023\/05\/18130d79-p4pozadavky-300x225.jpg 300w, https:\/\/www.greenpeace.org\/static\/planet4-czech-republic-stateless\/2023\/05\/18130d79-p4pozadavky-768x576.jpg 768w, https:\/\/www.greenpeace.org\/static\/planet4-czech-republic-stateless\/2023\/05\/18130d79-p4pozadavky-453x340.jpg 453w, https:\/\/www.greenpeace.org\/static\/planet4-czech-republic-stateless\/2023\/05\/18130d79-p4pozadavky.jpg 1200w\" sizes=\"auto, (max-width: 1024px) 100vw, 1024px\" \/><\/figure>\n","protected":false},"excerpt":{"rendered":"<p>Star\u00e9 lesy pot\u0159ebuj\u00ed na\u0161i pozornost a ochranu, a pr\u00e1v\u011b proto je tu na\u0161e nov\u00e1 kampa\u0148 Nek\u00e1cejte. M\u00e1me jasn\u00e9 c\u00edle a po\u017eadavky a ty jsme dnes p\u0159edali Ministerstvu zem\u011bd\u011blstv\u00ed. V\u011b\u0159\u00edme, \u017ee pochop\u00ed nal\u00e9havost a d\u016fle\u017eitost situace a postav\u00ed se za \u017eivot star\u00fdch les\u016f. <\/p>\n","protected":false},"author":38,"featured_media":18833,"comment_status":"open","ping_status":"closed","sticky":false,"template":"","format":"standard","meta":{"ep_exclude_from_search":false,"p4_og_title":"","p4_og_description":"","p4_og_image":"","p4_og_image_id":"","p4_seo_canonical_url":"","p4_campaign_name":"","p4_local_project":"","p4_basket_name":"","p4_department":"","footnotes":""},"categories":[2],"tags":[17],"p4-page-type":[16],"class_list":["post-18825","post","type-post","status-publish","format-standard","has-post-thumbnail","hentry","category-priroda","tag-lesy-pralesy","p4-page-type-clanek"],"_links":{"self":[{"href":"https:\/\/www.greenpeace.org\/czech\/wp-json\/wp\/v2\/posts\/18825","targetHints":{"allow":["GET"]}}],"collection":[{"href":"https:\/\/www.greenpeace.org\/czech\/wp-json\/wp\/v2\/posts"}],"about":[{"href":"https:\/\/www.greenpeace.org\/czech\/wp-json\/wp\/v2\/types\/post"}],"author":[{"embeddable":true,"href":"https:\/\/www.greenpeace.org\/czech\/wp-json\/wp\/v2\/users\/38"}],"replies":[{"embeddable":true,"href":"https:\/\/www.greenpeace.org\/czech\/wp-json\/wp\/v2\/comments?post=18825"}],"version-history":[{"count":1,"href":"https:\/\/www.greenpeace.org\/czech\/wp-json\/wp\/v2\/posts\/18825\/revisions"}],"predecessor-version":[{"id":18834,"href":"https:\/\/www.greenpeace.org\/czech\/wp-json\/wp\/v2\/posts\/18825\/revisions\/18834"}],"wp:featuredmedia":[{"embeddable":true,"href":"https:\/\/www.greenpeace.org\/czech\/wp-json\/wp\/v2\/media\/18833"}],"wp:attachment":[{"href":"https:\/\/www.greenpeace.org\/czech\/wp-json\/wp\/v2\/media?parent=18825"}],"wp:term":[{"taxonomy":"category","embeddable":true,"href":"https:\/\/www.greenpeace.org\/czech\/wp-json\/wp\/v2\/categories?post=18825"},{"taxonomy":"post_tag","embeddable":true,"href":"https:\/\/www.greenpeace.org\/czech\/wp-json\/wp\/v2\/tags?post=18825"},{"taxonomy":"p4-page-type","embeddable":true,"href":"https:\/\/www.greenpeace.org\/czech\/wp-json\/wp\/v2\/p4-page-type?post=18825"}],"curies":[{"name":"wp","href":"https:\/\/api.w.org\/{rel}","templated":true}]}}