{"id":18883,"date":"2023-05-19T08:17:18","date_gmt":"2023-05-19T07:17:18","guid":{"rendered":"https:\/\/www.greenpeace.org\/czech\/?p=18883"},"modified":"2023-12-05T10:14:12","modified_gmt":"2023-12-05T09:14:12","slug":"zakaz-prodeje-uhelnych-kotlu-je-zodpovedny-navrh-brzy-nebudou-mit-co-spalovat-mzp-se-vsak-musi-stejne-jasne-postavit-k-tezbe-uhli","status":"publish","type":"post","link":"https:\/\/www.greenpeace.org\/czech\/tiskova-zprava\/18883\/zakaz-prodeje-uhelnych-kotlu-je-zodpovedny-navrh-brzy-nebudou-mit-co-spalovat-mzp-se-vsak-musi-stejne-jasne-postavit-k-tezbe-uhli\/","title":{"rendered":"Z\u00e1kaz prodeje uheln\u00fdch kotl\u016f je zodpov\u011bdn\u00fd n\u00e1vrh, brzy nebudou m\u00edt co spalovat.\u00a0M\u017dP se v\u0161ak mus\u00ed stejn\u011b jasn\u011b postavit k t\u011b\u017eb\u011b uhl\u00ed"},"content":{"rendered":"\n<p><strong>N\u00e1vrh z\u00e1kazu prodeje nov\u00fdch kotl\u016f a kamen na uhl\u00ed od 1. ledna 2025, p\u0159edlo\u017een\u00fd ministrem \u017eivotn\u00edho prost\u0159ed\u00ed Petrem Hlad\u00edkem v novele z\u00e1kona o ochran\u011b ovzdu\u0161\u00ed , je podle Hnut\u00ed DUHA a Greenpeace \u010cR zodpov\u011bdn\u00fd krok. Uhl\u00ed pro dom\u00e1c\u00ed kotle bude ji\u017e brzy velmi drah\u00e9 a n\u00e1sledn\u011b z d\u016fvodu \u00fatlumu t\u011b\u017eby nedostupn\u00e9. Aby mohl n\u00e1vrh z\u00e1kazu prodeje kotl\u016f a kamen obh\u00e1jit, mus\u00ed v\u0161ak ministr \u017eivotn\u00edho prost\u0159ed\u00ed z\u00e1rove\u0148 odm\u00edtnout prodlou\u017een\u00ed t\u011b\u017eby na velkolomu B\u00edlina, nebo\u0165 pr\u00e1v\u011b tento velkolom je hlavn\u00ed zdroj uhl\u00ed pro dom\u00e1cnosti.<\/strong><\/p>\n\n<figure class=\"wp-block-image size-large\"><img loading=\"lazy\" decoding=\"async\" width=\"1024\" height=\"681\" src=\"https:\/\/www.greenpeace.org\/static\/planet4-czech-republic-stateless\/2021\/05\/1b7c66fe-2021_05_24_gp_konec_doby_uhelne_2400px_zewlakk-7418-1024x681.jpg\" alt=\"\" class=\"wp-image-13817\" srcset=\"https:\/\/www.greenpeace.org\/static\/planet4-czech-republic-stateless\/2021\/05\/1b7c66fe-2021_05_24_gp_konec_doby_uhelne_2400px_zewlakk-7418-1024x681.jpg 1024w, https:\/\/www.greenpeace.org\/static\/planet4-czech-republic-stateless\/2021\/05\/1b7c66fe-2021_05_24_gp_konec_doby_uhelne_2400px_zewlakk-7418-300x200.jpg 300w, https:\/\/www.greenpeace.org\/static\/planet4-czech-republic-stateless\/2021\/05\/1b7c66fe-2021_05_24_gp_konec_doby_uhelne_2400px_zewlakk-7418-768x511.jpg 768w, https:\/\/www.greenpeace.org\/static\/planet4-czech-republic-stateless\/2021\/05\/1b7c66fe-2021_05_24_gp_konec_doby_uhelne_2400px_zewlakk-7418-1536x1022.jpg 1536w, https:\/\/www.greenpeace.org\/static\/planet4-czech-republic-stateless\/2021\/05\/1b7c66fe-2021_05_24_gp_konec_doby_uhelne_2400px_zewlakk-7418-2048x1363.jpg 2048w, https:\/\/www.greenpeace.org\/static\/planet4-czech-republic-stateless\/2021\/05\/1b7c66fe-2021_05_24_gp_konec_doby_uhelne_2400px_zewlakk-7418-510x340.jpg 510w\" sizes=\"auto, (max-width: 1024px) 100vw, 1024px\" \/><figcaption class=\"wp-element-caption\">Protest proti uhl\u00ed v Praze<div class=\"credit icon-left\"> \u00a9 Petr Zewlakk Vrabec<\/div><\/figcaption><\/figure>\n\n<p>Ukon\u010den\u00ed prodeje nov\u00fdch uheln\u00fdch kotl\u016f a kamen je logickou reakc\u00ed na bl\u00ed\u017e\u00edc\u00ed se konec tohoto zp\u016fsobu vyt\u00e1p\u011bn\u00ed. Z ekonomick\u00fdch d\u016fvod\u016f se toti\u017e o\u010dek\u00e1v\u00e1 ukon\u010den\u00ed provozu uheln\u00fdch elektr\u00e1ren a tepl\u00e1ren kolem roku 2030  \u010di nejpozd\u011bji 2033, jak uv\u00e1d\u00ed vl\u00e1dou schv\u00e1len\u00e1 V\u00fdchodiska st\u00e1tn\u00ed energetick\u00e9 koncepce. S nimi by zanikla i t\u011b\u017eba hn\u011bd\u00e9ho uhl\u00ed, nebo\u0165 nelze t\u011b\u017eit jen v\u00fdh\u0159evn\u00e9 uhl\u00ed pro dom\u00e1cnosti. Uhl\u00ed se teprve po vyt\u011b\u017een\u00ed rozd\u011bluje na nejm\u00e9n\u011b kvalitn\u00ed energetick\u00e9, tepl\u00e1rensk\u00e9 a nejv\u00fdh\u0159evn\u011bj\u0161\u00ed t\u0159\u00edd\u011bn\u00e9 pro dom\u00e1cnosti. Od roku 2027 nav\u00edc v\u00fdrazn\u011b vzroste cena t\u0159\u00edd\u011bn\u00e9ho uhl\u00ed pro dom\u00e1cnosti, nebo\u0165 dojde ke schv\u00e1len\u00e9mu roz\u0161\u00ed\u0159en\u00ed syst\u00e9mu emisn\u00edch povolenek z velk\u00fdch elektr\u00e1ren a tepl\u00e1ren i na dodavatele fosiln\u00edch paliv pro mal\u00e9 kotle a kamna.<\/p>\n\n<p>Spalov\u00e1n\u00ed uhl\u00ed v dom\u00e1c\u00edch kotl\u00edch a kamnech je jeden z hlavn\u00edch zdroj\u016f zne\u010di\u0161t\u011bn\u00ed ovzdu\u0161\u00ed mikroskopick\u00fdm prachem a rakovinotvorn\u00fdmi l\u00e1tkami  (uheln\u00e9 elektr\u00e1rny jsou zase hlavn\u00edm zdrojem sklen\u00edkov\u00e9ho oxidu uhli\u010dit\u00e9ho a toxick\u00e9 rtuti). Ukon\u010den\u00ed spalov\u00e1n\u00ed uhl\u00ed ve v\u0161ech zdroj\u00edch je podm\u00ednkou v\u00fdrazn\u011bj\u0161\u00edho zlep\u0161en\u00ed kvality ovzdu\u0161\u00ed v \u010cesku a spln\u011bn\u00ed \u010desk\u00e9ho pod\u00edlu na \u0159e\u0161en\u00ed klimatick\u00e9 krize.<\/p>\n\n<p>Spolu s omezov\u00e1n\u00edm spalov\u00e1n\u00ed uhl\u00ed v dom\u00e1c\u00edch kotl\u00edch, tepl\u00e1rn\u00e1ch a elektr\u00e1rn\u00e1ch mus\u00ed fungovat st\u00e1tem podporovan\u00e9 a dostupn\u00e9 zateplov\u00e1n\u00ed dom\u016f a instalov\u00e1n\u00ed obnoviteln\u00fdch zdroj\u016f od kotl\u016f na biomasu, p\u0159es tepeln\u00e1 \u010derpadla a\u017e po sol\u00e1rn\u00ed panely na st\u0159echy. Nesta\u010d\u00ed p\u0159itom Kotl\u00edkov\u00e9 dotace a Nov\u00e1 zelen\u00e1 \u00faspor\u00e1m Light. Je nutn\u00e9 roz\u0161\u00ed\u0159it pomoc pro n\u00edzkop\u0159\u00edjmov\u00e9 dom\u00e1cnosti i na komplexn\u00ed energetick\u00e9 renovace dom\u016f, v\u010detn\u011b bytov\u00fdch a doprovodit proaktivn\u00edm bezplatn\u00fdm ter\u00e9nn\u00edm energetick\u00fdm poradenstv\u00edm.<\/p>\n\n<p><strong>Ji\u0159\u00ed Ko\u017eelouh, vedouc\u00ed energetick\u00e9ho programu Hnut\u00ed DUHA, \u0159\u00edk\u00e1:<\/strong><br><em>\u201cVyt\u00e1p\u011bn\u00ed uhl\u00edm se mus\u00edme zbavit kv\u016fli ochran\u011b zdrav\u00ed lid\u00ed i klimatick\u00e9 krizi. Uheln\u00e9 kotle a kamna v\u0161ak z\u00e1rove\u0148 nemaj\u00ed budoucnost kv\u016fli o\u010dek\u00e1van\u00e9mu zdra\u017eov\u00e1n\u00ed a n\u00e1sledn\u00e9 nedostupnosti uhl\u00ed. Proto je zodpov\u011bdn\u00e9 zak\u00e1zat prodej nov\u00fdch kotl\u016f od roku 2025, aby za n\u011b lid\u00e9 zbyte\u010dn\u011b nevyhazovali pen\u00edze. Aby v\u0161ak tento krok lid\u00e9 p\u0159ijali, nen\u00ed mo\u017en\u00e9, aby ministr Hlad\u00edk z\u00e1rove\u0148 posv\u011btil prodlou\u017een\u00ed t\u011b\u017eby hn\u011bd\u00e9ho uhl\u00ed na velkolomu B\u00edlina, kter\u00fd uhl\u00ed dom\u00e1cnostem dod\u00e1v\u00e1. Naopak je nutn\u00e9, aby jeho ministerstvo pomohlo zateplit domy a instalovat biomasov\u00e9 kotle, tepeln\u00e1 \u010derpadla \u010di sol\u00e1rn\u00ed panely i n\u00edzkop\u0159\u00edjmov\u00fdm dom\u00e1cnostem.\u201d<\/em><\/p>\n\n<p><strong>Jaroslav Bican, vedouc\u00ed energetick\u00e9 kampan\u011b Greenpeace \u010cR, \u0159\u00edk\u00e1:<\/strong><br><em>\u201cZ\u00e1kaz prodeje nov\u00fdch uheln\u00fdch kotl\u016f od roku 2025 v\u00edt\u00e1me. Je to zcela v souladu s pl\u00e1novan\u00fdm odklonem od uhl\u00ed do roku 2033, ke kter\u00e9mu se vl\u00e1da zav\u00e1zala ve sv\u00e9m programov\u00e9m prohl\u00e1\u0161en\u00ed. Aby to v\u0161ak d\u00e1valo smysl, nelze z\u00e1rove\u0148 dovolit prodlou\u017een\u00ed t\u011b\u017eby uhl\u00ed v\u00fdrazn\u011b po roce 2030, jako se to te\u010f d\u011bje na dole B\u00edlina. Ministr Hlad\u00edk by tak m\u011bl vyu\u017e\u00edt v\u0161echny mo\u017enosti, kter\u00e9 m\u00e1, aby t\u011b\u017eba uhl\u00ed na tomto velkolomu nepokra\u010dovala.&#8220;<\/em><\/p>\n","protected":false},"excerpt":{"rendered":"<p>N\u00e1vrh z\u00e1kazu prodeje nov\u00fdch kotl\u016f a kamen na uhl\u00ed od 1. ledna 2025, p\u0159edlo\u017een\u00fd ministrem \u017eivotn\u00edho prost\u0159ed\u00ed Petrem Hlad\u00edkem v novele z\u00e1kona o ochran\u011b ovzdu\u0161\u00ed , je podle Hnut\u00ed DUHA&hellip;<\/p>\n","protected":false},"author":74,"featured_media":18884,"comment_status":"open","ping_status":"closed","sticky":false,"template":"","format":"standard","meta":{"ep_exclude_from_search":false,"p4_og_title":"","p4_og_description":"","p4_og_image":"","p4_og_image_id":"","p4_seo_canonical_url":"","p4_campaign_name":"","p4_local_project":"","p4_basket_name":"","p4_department":"","footnotes":""},"categories":[4],"tags":[25,26,20],"p4-page-type":[14],"class_list":["post-18883","post","type-post","status-publish","format-standard","has-post-thumbnail","hentry","category-energeticka-revoluce","tag-konec-doby-fosilni","tag-obnovitelne-zdroje","tag-zmena-klimatu","p4-page-type-tiskova-zprava"],"_links":{"self":[{"href":"https:\/\/www.greenpeace.org\/czech\/wp-json\/wp\/v2\/posts\/18883","targetHints":{"allow":["GET"]}}],"collection":[{"href":"https:\/\/www.greenpeace.org\/czech\/wp-json\/wp\/v2\/posts"}],"about":[{"href":"https:\/\/www.greenpeace.org\/czech\/wp-json\/wp\/v2\/types\/post"}],"author":[{"embeddable":true,"href":"https:\/\/www.greenpeace.org\/czech\/wp-json\/wp\/v2\/users\/74"}],"replies":[{"embeddable":true,"href":"https:\/\/www.greenpeace.org\/czech\/wp-json\/wp\/v2\/comments?post=18883"}],"version-history":[{"count":3,"href":"https:\/\/www.greenpeace.org\/czech\/wp-json\/wp\/v2\/posts\/18883\/revisions"}],"predecessor-version":[{"id":18887,"href":"https:\/\/www.greenpeace.org\/czech\/wp-json\/wp\/v2\/posts\/18883\/revisions\/18887"}],"wp:featuredmedia":[{"embeddable":true,"href":"https:\/\/www.greenpeace.org\/czech\/wp-json\/wp\/v2\/media\/18884"}],"wp:attachment":[{"href":"https:\/\/www.greenpeace.org\/czech\/wp-json\/wp\/v2\/media?parent=18883"}],"wp:term":[{"taxonomy":"category","embeddable":true,"href":"https:\/\/www.greenpeace.org\/czech\/wp-json\/wp\/v2\/categories?post=18883"},{"taxonomy":"post_tag","embeddable":true,"href":"https:\/\/www.greenpeace.org\/czech\/wp-json\/wp\/v2\/tags?post=18883"},{"taxonomy":"p4-page-type","embeddable":true,"href":"https:\/\/www.greenpeace.org\/czech\/wp-json\/wp\/v2\/p4-page-type?post=18883"}],"curies":[{"name":"wp","href":"https:\/\/api.w.org\/{rel}","templated":true}]}}