{"id":18928,"date":"2023-05-29T10:13:42","date_gmt":"2023-05-29T09:13:42","guid":{"rendered":"https:\/\/www.greenpeace.org\/czech\/?p=18928"},"modified":"2023-05-29T10:13:44","modified_gmt":"2023-05-29T09:13:44","slug":"pozde-ale-prece-ustecky-urad-zahajil-radu-rizeni-ktere-maji-zajistit-ochranu-starych-lesu-v-krusnych-horach","status":"publish","type":"post","link":"https:\/\/www.greenpeace.org\/czech\/clanek\/18928\/pozde-ale-prece-ustecky-urad-zahajil-radu-rizeni-ktere-maji-zajistit-ochranu-starych-lesu-v-krusnych-horach\/","title":{"rendered":"Pozd\u011b, ale p\u0159ece. \u00dasteck\u00fd \u00fa\u0159ad zah\u00e1jil \u0159adu \u0159\u00edzen\u00ed, kter\u00e9 maj\u00ed zajistit ochranu star\u00fdch les\u016f v Kru\u0161n\u00fdch hor\u00e1ch"},"content":{"rendered":"\n<p>Krajsk\u00fd \u00fa\u0159ad \u00dasteck\u00e9ho kraje b\u011bhem m\u011bs\u00edce kv\u011btna zah\u00e1jil dvan\u00e1ct \u0159\u00edzen\u00ed, kter\u00e9 maj\u00ed zak\u00e1zat k\u00e1cen\u00ed nejstar\u0161\u00edch porost\u016f v lesn\u00edch hospod\u00e1\u0159sk\u00fdch celc\u00edch v evropsky v\u00fdznamn\u00e9 lokalit\u011b V\u00fdchodn\u00ed Kru\u0161noho\u0159\u00ed. C\u00edlem t\u011bchto \u0159\u00edzen\u00ed je ochrana les\u016f star\u0161\u00edch 120 let, kter\u00e9 postupn\u011b kv\u016fli k\u00e1cen\u00ed miz\u00ed. Konkr\u00e9tn\u011b se jedn\u00e1 se o lokality Libouchec, St\u0159ekov, Hrob, Mikulov, Krupka, Lesy Sever, Most, Mari\u00e1nsk\u00e9 \u00dadol\u00ed, Bohosudov, Bolebo\u0159, Blatno a Jirkov.\u00a0<\/p>\n\n<figure class=\"wp-block-image size-large\"><img loading=\"lazy\" decoding=\"async\" width=\"1024\" height=\"681\" src=\"https:\/\/www.greenpeace.org\/static\/planet4-czech-republic-stateless\/2022\/12\/c88ea83f-202_10_25_buciny_tykac_2400px_zewlakk-4619-1024x681.jpg\" alt=\"\" class=\"wp-image-17993\" srcset=\"https:\/\/www.greenpeace.org\/static\/planet4-czech-republic-stateless\/2022\/12\/c88ea83f-202_10_25_buciny_tykac_2400px_zewlakk-4619-1024x681.jpg 1024w, https:\/\/www.greenpeace.org\/static\/planet4-czech-republic-stateless\/2022\/12\/c88ea83f-202_10_25_buciny_tykac_2400px_zewlakk-4619-300x200.jpg 300w, https:\/\/www.greenpeace.org\/static\/planet4-czech-republic-stateless\/2022\/12\/c88ea83f-202_10_25_buciny_tykac_2400px_zewlakk-4619-768x511.jpg 768w, https:\/\/www.greenpeace.org\/static\/planet4-czech-republic-stateless\/2022\/12\/c88ea83f-202_10_25_buciny_tykac_2400px_zewlakk-4619-1536x1022.jpg 1536w, https:\/\/www.greenpeace.org\/static\/planet4-czech-republic-stateless\/2022\/12\/c88ea83f-202_10_25_buciny_tykac_2400px_zewlakk-4619-2048x1363.jpg 2048w, https:\/\/www.greenpeace.org\/static\/planet4-czech-republic-stateless\/2022\/12\/c88ea83f-202_10_25_buciny_tykac_2400px_zewlakk-4619-510x340.jpg 510w\" sizes=\"auto, (max-width: 1024px) 100vw, 1024px\" \/><\/figure>\n\n<p>Organizace Greenpeace, kter\u00e1 ji\u017e n\u011bkolik let upozor\u0148uje na ni\u010den\u00ed bukov\u00fdch les\u016f v Kru\u0161n\u00fdch hor\u00e1ch, tento krok v\u00edt\u00e1. Upozor\u0148uje, \u017ee spolu s ob\u010dany situaci v les\u00edch nyn\u00ed monitoruje a douf\u00e1, \u017ee nebudou vyk\u00e1ceny je\u0161t\u011b p\u0159ed fin\u00e1ln\u00edm rozhodnut\u00edm v t\u011bchto \u0159\u00edzen\u00edch. Po majitel\u00edch les\u016f, mezi n\u011b\u017e pat\u0159\u00ed obec Libouchec, Poles\u00ed St\u0159ekov, m\u011bsto Hrob, obec Mikulov, m\u011bsto Krupka, Lesy Sever, m\u011bsto Most, firma Royal Pine, Biskupstv\u00ed litom\u011b\u0159ick\u00e9, obec Bolebo\u0159, Arcibiskupstv\u00ed pra\u017esk\u00e9 \u010di m\u011bsto Jirkov, Greenpeace po\u017eaduje, aby ochranu unik\u00e1tn\u00edch les\u016f podpo\u0159ili, v zah\u00e1jen\u00fdch \u0159\u00edzen\u00edch ji nerozporovali a v dot\u010den\u00fdch oblastech ji\u017e nek\u00e1celi.&nbsp;<\/p>\n\n<p>I kdy\u017e \u00dasteck\u00fd kraj skute\u010dn\u011b v\u00fdrazn\u011b zlep\u0161\u00ed ochranu star\u00fdch les\u016f v Kru\u0161n\u00fdch hor\u00e1ch, po\u0159\u00e1d jde jen o do\u010dasn\u00e9 opat\u0159en\u00ed, proto\u017ee bude platit pouze do konce platnosti p\u0159\u00edslu\u0161n\u00fdch lesn\u00edch hospod\u00e1\u0159sk\u00fdch pl\u00e1n\u016f, tedy v\u011bt\u0161inou do roku 2030. Je tak\u00e9 evidentn\u00ed, \u017ee se v sou\u010dasn\u00e9 dob\u011b k\u00e1c\u00ed i jin\u00e9 star\u00e9 lesy ne\u017e ty v Kru\u0161n\u00fdch hor\u00e1ch, nap\u0159\u00edklad \u017dd\u00e1nick\u00fd les na ji\u017en\u00ed Morav\u011b. Organizace Greenpeace proto vede kampa\u0148 za omezen\u00ed k\u00e1cen\u00ed v les\u00edch star\u0161\u00edch 120 let. Po Ministerstvu zem\u011bd\u011blstv\u00ed a po st\u00e1tn\u00ed firm\u011b Lesy \u010cR po\u017eaduje, aby p\u0159estaly s k\u00e1cen\u00edm a ne\u0161etrn\u00fdm managementem ve star\u00fdch les\u00edch ve vlastnictv\u00ed st\u00e1tu. Z\u00e1rove\u0148 by vl\u00e1da podle Greenpeace m\u011bla p\u0159ipravit opat\u0159en\u00ed, kter\u00e1 zamez\u00ed ni\u010den\u00ed les\u016f i dal\u0161\u00edm vlastn\u00edk\u016fm. Pro sv\u00e9 po\u017eadavky ve v\u00fdzv\u011b <a href=\"https:\/\/www.nekacejte.cz\/\">Nek\u00e1cejte.cz<\/a> nyn\u00ed sb\u00edr\u00e1 podpisy lid\u00ed.&nbsp;<\/p>\n\n<p>V sobotu 17. \u010dervna bude Greenpeace po\u0159\u00e1dat nau\u010dnou proch\u00e1zku s p\u0159\u00edrodov\u011bdci do star\u00e9ho lesa u Litv\u00ednova. Pr\u00e1v\u011b v okol\u00ed Litv\u00ednova se m\u00e1 nyn\u00ed znovu k\u00e1cet, st\u00e1tn\u00ed spole\u010dnost Lesy \u010cR zde usiluje o pok\u00e1cen\u00ed n\u011bkolika tis\u00edc strom\u016f. \u00dasteck\u00fd kraj tento z\u00e1m\u011br v\u00fdrazn\u011b omezil a naopak vyhl\u00e1sil zastaven\u00ed t\u011b\u017eby nejstar\u0161\u00edch porost\u016f, Lesy \u010cR se v\u0161ak proti v\u0161em rozhodnut\u00edm <a href=\"https:\/\/www.greenpeace.org\/czech\/tiskova-zprava\/17589\/lesy-cr-se-odvolaly-proti-omezeni-tezby-v-bucinach-v-krusnych-horach-greenpeace-zada-dalsi-zprisneni\/\">odvolaly, proto\u017ee cht\u011bj\u00ed k\u00e1cet v p\u016fvodn\u00edm rozsahu<\/a>.<\/p>\n\n<p><strong>Nikol Krej\u010dov\u00e1, vedouc\u00ed kampan\u011b za z\u00e1chranu star\u00fdch les\u016f Nek\u00e1cejte, \u0159\u00edk\u00e1:\u00a0<\/strong><br>\u201cPokud chceme dok\u00e1zat, \u017ee ochrana biodiverzity nen\u00ed pouze pr\u00e1zdn\u00e1 proklamace a skute\u010dn\u011b ji chceme zajistit, je krok krajsk\u00e9ho \u00fa\u0159adu zastavit k\u00e1cen\u00ed nejstar\u0161\u00edch porost\u016f v Evropsky v\u00fdznamn\u00e9 lokalit\u011b V\u00fdchodn\u00ed Kru\u0161noho\u0159\u00ed spr\u00e1vn\u00fdm sm\u011brem. Douf\u00e1me, \u017ee ho majitel\u00e9, kraj i ministerstvo \u017eivotn\u00edho prost\u0159ed\u00ed podpo\u0159\u00ed. Tento krok d\u00e1v\u00e1 mo\u017enost vz\u00e1cn\u00fdm a chr\u00e1n\u011bn\u00fdm druh\u016fm p\u0159e\u017e\u00edt a zajistit existenci star\u00fdch kru\u0161nohorsk\u00fdch bu\u010din do vyhl\u00e1\u0161en\u00ed CHKO Kru\u0161n\u00e9 hory, kter\u00e9 je napl\u00e1nov\u00e1no po roce 2025. Douf\u00e1me, \u017ee CHKO bude z\u0159\u00edzeno co nejd\u0159\u00edve s dostate\u010dn\u011b silnou ochranou bu\u010din i dal\u0161\u00edch p\u0159edm\u011bt\u016f ochrany. Bohu\u017eel na jin\u00fdch m\u00edstech k\u00e1cen\u00ed star\u00fdch les\u016f pokra\u010duje, a proto \u017e\u00e1d\u00e1me Lesy \u010cR a Ministerstvo zem\u011bd\u011blstv\u00ed, aby zastavily k\u00e1cen\u00ed ve star\u00fdch les\u00edch, kter\u00e9 pat\u0159\u00ed st\u00e1tu.\u201d<\/p>\n\n<p>Star\u00e9 lesy jsou unik\u00e1tn\u00ed a jsou d\u016fle\u017eit\u00e9 pro zachov\u00e1n\u00ed biodiverzity. V \u010cesku pokr\u00fdvaj\u00ed zhruba 9 % rozlohy les\u016f, z toho polovina je ve vlastnictv\u00ed st\u00e1tu. \u017dij\u00ed zde vz\u00e1cn\u00e9 druhy jako lejsek mal\u00fd, strakapoud prost\u0159edn\u00ed, sokol st\u011bhovav\u00fd a netop\u00fdr rezav\u00fd a brouci jako p\u00e1chn\u00edk hn\u011bd\u00fd, kova\u0159\u00edk fialov\u00fd, ale tak\u00e9 r\u016fzn\u00e9 druhy tesa\u0159\u00edk\u016f, nosoro\u017e\u00edk\u016f nebo roh\u00e1\u010d\u016f. V dutin\u00e1ch star\u00fdch strom\u016f se pak ukr\u00fdvaj\u00ed pl\u0161i i dal\u0161\u00ed savci.&nbsp;<\/p>\n\n<p>Biodiverzita je podle v\u011bdc\u016f z\u00e1sadn\u00ed pro p\u0159e\u017eit\u00ed lidstva na Zemi, a proto se k ochran\u011b biologick\u00e9 pestrosti zav\u00e1zaly i sv\u011btov\u00e9 st\u00e1ty v\u010detn\u011b \u010ceska na konferenci v Montrealu loni na podzim. St\u00e1ty se dohodly, \u017ee do roku 2030 budou chr\u00e1nit 30 % rozlohy mo\u0159\u00ed a sou\u0161\u00ed, p\u0159i\u010dem\u017e 10 % bude chr\u00e1n\u011bno po\u0159\u00e1dn\u011b. Greenpeace po\u017eaduje, aby v \u010cesku mezi chr\u00e1n\u011bn\u00fdmi oblastmi byly i unik\u00e1tn\u00ed star\u00e9 lesy.<\/p>\n","protected":false},"excerpt":{"rendered":"<p>Krajsk\u00fd \u00fa\u0159ad \u00dasteck\u00e9ho kraje b\u011bhem m\u011bs\u00edce kv\u011btna zah\u00e1jil dvan\u00e1ct \u0159\u00edzen\u00ed, kter\u00e9 maj\u00ed zak\u00e1zat k\u00e1cen\u00ed nejstar\u0161\u00edch porost\u016f v lesn\u00edch hospod\u00e1\u0159sk\u00fdch celc\u00edch v evropsky v\u00fdznamn\u00e9 lokalit\u011b V\u00fdchodn\u00ed Kru\u0161noho\u0159\u00ed. <\/p>\n","protected":false},"author":27,"featured_media":17993,"comment_status":"open","ping_status":"closed","sticky":false,"template":"","format":"standard","meta":{"ep_exclude_from_search":false,"p4_og_title":"","p4_og_description":"","p4_og_image":"","p4_og_image_id":"","p4_seo_canonical_url":"","p4_campaign_name":"","p4_local_project":"","p4_basket_name":"","p4_department":"","footnotes":""},"categories":[2],"tags":[17],"p4-page-type":[16],"class_list":["post-18928","post","type-post","status-publish","format-standard","has-post-thumbnail","hentry","category-priroda","tag-lesy-pralesy","p4-page-type-clanek"],"_links":{"self":[{"href":"https:\/\/www.greenpeace.org\/czech\/wp-json\/wp\/v2\/posts\/18928","targetHints":{"allow":["GET"]}}],"collection":[{"href":"https:\/\/www.greenpeace.org\/czech\/wp-json\/wp\/v2\/posts"}],"about":[{"href":"https:\/\/www.greenpeace.org\/czech\/wp-json\/wp\/v2\/types\/post"}],"author":[{"embeddable":true,"href":"https:\/\/www.greenpeace.org\/czech\/wp-json\/wp\/v2\/users\/27"}],"replies":[{"embeddable":true,"href":"https:\/\/www.greenpeace.org\/czech\/wp-json\/wp\/v2\/comments?post=18928"}],"version-history":[{"count":1,"href":"https:\/\/www.greenpeace.org\/czech\/wp-json\/wp\/v2\/posts\/18928\/revisions"}],"predecessor-version":[{"id":18929,"href":"https:\/\/www.greenpeace.org\/czech\/wp-json\/wp\/v2\/posts\/18928\/revisions\/18929"}],"wp:featuredmedia":[{"embeddable":true,"href":"https:\/\/www.greenpeace.org\/czech\/wp-json\/wp\/v2\/media\/17993"}],"wp:attachment":[{"href":"https:\/\/www.greenpeace.org\/czech\/wp-json\/wp\/v2\/media?parent=18928"}],"wp:term":[{"taxonomy":"category","embeddable":true,"href":"https:\/\/www.greenpeace.org\/czech\/wp-json\/wp\/v2\/categories?post=18928"},{"taxonomy":"post_tag","embeddable":true,"href":"https:\/\/www.greenpeace.org\/czech\/wp-json\/wp\/v2\/tags?post=18928"},{"taxonomy":"p4-page-type","embeddable":true,"href":"https:\/\/www.greenpeace.org\/czech\/wp-json\/wp\/v2\/p4-page-type?post=18928"}],"curies":[{"name":"wp","href":"https:\/\/api.w.org\/{rel}","templated":true}]}}