{"id":19045,"date":"2023-06-22T07:16:55","date_gmt":"2023-06-22T06:16:55","guid":{"rendered":"https:\/\/www.greenpeace.org\/czech\/?p=19045"},"modified":"2023-06-22T07:16:57","modified_gmt":"2023-06-22T06:16:57","slug":"konec-tezby-2030-proc-jsme-obsadili-rypadlo-na-dole-bilina","status":"publish","type":"post","link":"https:\/\/www.greenpeace.org\/czech\/clanek\/19045\/konec-tezby-2030-proc-jsme-obsadili-rypadlo-na-dole-bilina\/","title":{"rendered":"Konec t\u011b\u017eby 2030! Pro\u010d jsme obsadili rypadlo na dole B\u00edlina?"},"content":{"rendered":"\n<p><strong>Dnes r\u00e1no se spojil t\u00fdm&nbsp;aktivist\u016f a aktivistek z \u010ceska, Polska a N\u011bmecka a vydal se na protest proti pl\u00e1novan\u00e9mu roz\u0161\u00ed\u0159en\u00ed t\u011b\u017eby na dole B\u00edlina. C\u00edl? Upozornit na nebezpe\u010d\u00ed klimatick\u00e9 krize a donutit spole\u010dnost \u010cEZ, aby ukon\u010dila t\u011b\u017ebu.&nbsp;Proto jsme p\u0159ipevnili na konstrukci obrovsk\u00fd transparent s anglick\u00fdm n\u00e1pisem &#8222;End Fossil Crimes&#8220; (Skoncujte s fosiln\u00edmI zlo\u010diny) na rypadlo. Po n\u011bkolika hodin\u00e1ch jsme ho vym\u011bnili za transparent s \u010desk\u00fdm n\u00e1pisem &#8222;Konec t\u011b\u017eby 2030&#8220;.<\/strong><\/p>\n\n<p>Ve\u0161ker\u00e9 fosiln\u00ed korporace maj\u00ed velmi podobn\u00fd obchodn\u00ed model, kter\u00fd zahrnuje hled\u00e1n\u00ed p\u0159\u00edrodn\u00edch zdroj\u016f, vynakl\u00e1d\u00e1n\u00ed obrovsk\u00fdch finan\u010dn\u00edch prost\u0159edk\u016f na marketing a p\u0159esv\u011bd\u010dov\u00e1n\u00ed ve\u0159ejnosti, \u017ee jejich t\u011b\u017eebn\u00ed aktivity budou prov\u00e1d\u011bny bezpe\u010dn\u011b a s respektem k \u017eivotn\u00edmu prost\u0159ed\u00ed. Tyto spole\u010dnosti se neboj\u00ed vyu\u017e\u00edvat r\u016fzn\u00e9 metody, jako je p\u0159es\u00eddlov\u00e1n\u00ed m\u00edstn\u00edch komunit, uti\u0161ov\u00e1n\u00ed hlas\u016f nebo zneu\u017e\u00edv\u00e1n\u00ed jejich postaven\u00ed. \u010casto se tak\u00e9 sna\u017e\u00ed ovliv\u0148ovat politick\u00e1 rozhodnut\u00ed, a to bu\u010f prost\u0159ednictv\u00edm lobbingu nebo finan\u010dn\u00edch prost\u0159edk\u016f. N\u011bkdy se nev\u00e1haj\u00ed uchylovat k \u00faplatk\u016fm a korupci nebo k pop\u00edr\u00e1n\u00ed v\u011bdeck\u00fdch poznatk\u016f a vytv\u00e1\u0159en\u00ed fale\u0161n\u00fdch studi\u00ed, kter\u00e9 maj\u00ed ospravedlnit jejich \u010dinnost. Jejich strategie je zam\u011b\u0159ena na z\u00edsk\u00e1n\u00ed p\u0159\u00edstupu k p\u0159\u00edrodn\u00edm zdroj\u016fm a maximalizaci sv\u00fdch zisk\u016f, i za cenu po\u0161kozen\u00ed \u017eivotn\u00edho prost\u0159ed\u00ed, soci\u00e1ln\u00edch n\u00e1sledk\u016f a ohro\u017een\u00ed zdrav\u00ed m\u00edstn\u00edch komunit. N\u011bkter\u00e9 z t\u011bchto praktik bychom na\u0161li i u \u010desk\u00fdch fosiln\u00edch firem.<\/p>\n\n<p>Severo\u010desk\u00e9 doly, kter\u00e9 jsou sou\u010d\u00e1st\u00ed \u010cEZ, z\u00edskaly povolen\u00ed k roz\u0161\u00ed\u0159en\u00ed t\u011b\u017eby minim\u00e1ln\u011b do roku 2035 od Obvodn\u00edho b\u00e1\u0148sk\u00e9ho \u00fa\u0159adu v Most\u011b v b\u0159eznu leto\u0161n\u00edho roku. Proti tomuto rozhodnut\u00ed jsme&nbsp;podali odvol\u00e1n\u00ed. Ji\u017e dlouhou dobu kritizujeme pl\u00e1ny na prodlou\u017een\u00ed t\u011b\u017eby, proto\u017ee se jedn\u00e1 o klimatick\u00fd zlo\u010din.&nbsp;Firmy jako Shell, BP, Chevron, Gazprom a pr\u00e1v\u011b i \u010cEZ a&nbsp;dal\u0161\u00ed p\u00e1chaj\u00ed zlo\u010diny na p\u0159\u00edrod\u011b i&nbsp;klimatu. T\u011b\u017eba na dole B\u00edlina je nav\u00edc v rozporu s c\u00edlem \u010desk\u00e9 vl\u00e1dy, kter\u00e1 se zav\u00e1zala k odklonu od uhl\u00ed do roku 2033, p\u0159i\u010dem\u017e \u010desk\u00e1 vl\u00e1da je majoritn\u00edm akcion\u00e1\u0159em \u010cEZu. Ministr \u017eivotn\u00edho prost\u0159ed\u00ed Petr Hlad\u00edk proto mus\u00ed p\u0159ijmout ve\u0161ker\u00e9 mo\u017en\u00e9 opat\u0159en\u00ed, aby zabr\u00e1nil prodlou\u017een\u00ed t\u011b\u017eby na dole B\u00edlina.<\/p>\n\n<p>Lidstvo je zodpov\u011bdn\u00e9 za nejv\u011bt\u0161\u00ed \u00fabytek biodiverzity na Zemi od doby dinosaur\u016f. V\u011bdci uv\u00e1d\u011bj\u00ed, \u017ee zp\u016fsob, jak\u00fdm produkujeme energii, zpracov\u00e1v\u00e1me potraviny, t\u011b\u017e\u00edme, zne\u010di\u0161\u0165ujeme \u017eivotn\u00ed prost\u0159ed\u00ed,\u00a0stav\u00edme infrastrukturu a cestujeme, p\u0159edstavuje z\u00e1va\u017en\u00e9 riziko pro vyhynut\u00ed nejm\u00e9n\u011b milionu druh\u016f.<\/p>\n\n<figure class=\"wp-block-image size-large\"><img loading=\"lazy\" decoding=\"async\" width=\"1024\" height=\"684\" src=\"https:\/\/www.greenpeace.org\/static\/planet4-czech-republic-stateless\/2023\/06\/c33e0c25-ajs_6047-1024x684.jpg\" alt=\"\" class=\"wp-image-19050\" srcset=\"https:\/\/www.greenpeace.org\/static\/planet4-czech-republic-stateless\/2023\/06\/c33e0c25-ajs_6047-1024x684.jpg 1024w, https:\/\/www.greenpeace.org\/static\/planet4-czech-republic-stateless\/2023\/06\/c33e0c25-ajs_6047-300x200.jpg 300w, https:\/\/www.greenpeace.org\/static\/planet4-czech-republic-stateless\/2023\/06\/c33e0c25-ajs_6047-768x513.jpg 768w, https:\/\/www.greenpeace.org\/static\/planet4-czech-republic-stateless\/2023\/06\/c33e0c25-ajs_6047-1536x1025.jpg 1536w, https:\/\/www.greenpeace.org\/static\/planet4-czech-republic-stateless\/2023\/06\/c33e0c25-ajs_6047-2048x1367.jpg 2048w, https:\/\/www.greenpeace.org\/static\/planet4-czech-republic-stateless\/2023\/06\/c33e0c25-ajs_6047-2046x1366.jpg 2046w, https:\/\/www.greenpeace.org\/static\/planet4-czech-republic-stateless\/2023\/06\/c33e0c25-ajs_6047-510x340.jpg 510w\" sizes=\"auto, (max-width: 1024px) 100vw, 1024px\" \/><\/figure>\n\n<p>Podle ned\u00e1vn\u00fdch studi\u00ed se od roku 1970 populace divok\u00fdch zv\u00ed\u0159at pr\u016fm\u011brn\u011b sn\u00ed\u017eila o 69 %. Tento alarmuj\u00edc\u00ed \u00fadaj jasn\u011b ukazuje, jak rychle a devastuj\u00edc\u00edm zp\u016fsobem lidsk\u00e1 \u010dinnost ovliv\u0148uje p\u0159\u00edrodn\u00ed ekosyst\u00e9my a zv\u00ed\u0159ec\u00ed druhy po cel\u00e9m sv\u011bt\u011b. \u00dabytek biodiverzity m\u00e1 z\u00e1va\u017en\u00e9 d\u016fsledky pro ekosyst\u00e9my, kter\u00e9 z\u00e1vis\u00ed na rovnov\u00e1ze mezi r\u016fzn\u00fdmi druhy a jejich interakc\u00ed. Je nezbytn\u011b d\u016fle\u017eit\u00e9 p\u0159ijmout opat\u0159en\u00ed, kter\u00e1 minimalizuj\u00ed negativn\u00ed dopady na \u017eivotn\u00ed prost\u0159ed\u00ed a chr\u00e1n\u00ed biodiverzitu. Jen tak m\u016f\u017eeme sn\u00ed\u017eit riziko vyhynut\u00ed dal\u0161\u00edch druh\u016f a udr\u017eet rovnov\u00e1hu na\u0161\u00ed planety.<\/p>\n\n<p>Ukon\u010den\u00ed vyu\u017e\u00edv\u00e1n\u00ed uhl\u00ed p\u0159in\u00e1\u0161\u00ed mnoho v\u00fdhod. Elektrick\u00e1 energie z obnoviteln\u00fdch zdroj\u016f je mnohem levn\u011bj\u0161\u00ed a dokonce i samotn\u00e9 fosiln\u00ed spole\u010dnosti uzn\u00e1vaj\u00ed, \u017ee bez dotac\u00ed od st\u00e1tu se provoz jejich uheln\u00fdch elektr\u00e1ren v nadch\u00e1zej\u00edc\u00edch letech nevyplat\u00ed. Tyto spole\u010dnosti tak usiluj\u00ed o udr\u017een\u00ed sv\u00fdch obrovsk\u00fdch zisk\u016f za cenu b\u0159emene nesen\u00e9ho ob\u010dany a jejich pen\u011b\u017eenkami. Kl\u00ed\u010dov\u00e9 je tedy p\u0159esunout investice z pro \u017eivotn\u00ed prost\u0159ed\u00ed zat\u011b\u017euj\u00edc\u00edho uhl\u00ed sm\u011brem ke zdroj\u016fm, kter\u00e9 maj\u00ed budoucnost a kter\u00e9 jsou ekonomicky smyslupln\u00e9.<\/p>\n\n<p>Podpora uhl\u00ed znamen\u00e1 setrv\u00e1v\u00e1n\u00ed v minulosti a zbyte\u010dn\u00e9 pl\u00fdtv\u00e1n\u00ed finan\u010dn\u00edmi prost\u0159edky ve prosp\u011bch fosiln\u00edho pr\u016fmyslu. Nam\u00edsto toho je t\u0159eba investovat do zdroj\u016f, kter\u00e9 jsou udr\u017eiteln\u00e9 a p\u0159in\u00e1\u0161ej\u00ed dlouhodob\u00e9 v\u00fdhody. P\u0159echod na obnoviteln\u00e9 zdroje energie je nejen ekologicky nezbytn\u00fd, ale tak\u00e9 ekonomicky v\u00fdhodn\u00fd pro spole\u010dnost. T\u00edmto sm\u011brem se budoucnost ub\u00edr\u00e1, a podpora t\u011bchto zdroj\u016f je d\u016fle\u017eit\u00e1 pro na\u0161e \u017eivotn\u00ed prost\u0159ed\u00ed i ekonomick\u00fd rozvoj.&nbsp;<\/p>\n","protected":false},"excerpt":{"rendered":"<p>Dnes r\u00e1no se spojil t\u00fdm&nbsp;aktivist\u016f a aktivistek z \u010ceska, Polska a N\u011bmecka a vydal se na protest proti pl\u00e1novan\u00e9mu roz\u0161\u00ed\u0159en\u00ed t\u011b\u017eby na dole B\u00edlina. C\u00edl? Upozornit na nebezpe\u010d\u00ed klimatick\u00e9 krize&hellip;<\/p>\n","protected":false},"author":74,"featured_media":19046,"comment_status":"open","ping_status":"closed","sticky":false,"template":"","format":"standard","meta":{"ep_exclude_from_search":false,"p4_og_title":"","p4_og_description":"","p4_og_image":"","p4_og_image_id":"","p4_seo_canonical_url":"","p4_campaign_name":"","p4_local_project":"","p4_basket_name":"","p4_department":"","footnotes":""},"categories":[4],"tags":[20,25,26],"p4-page-type":[16],"class_list":["post-19045","post","type-post","status-publish","format-standard","has-post-thumbnail","hentry","category-energeticka-revoluce","tag-zmena-klimatu","tag-konec-doby-fosilni","tag-obnovitelne-zdroje","p4-page-type-clanek"],"_links":{"self":[{"href":"https:\/\/www.greenpeace.org\/czech\/wp-json\/wp\/v2\/posts\/19045","targetHints":{"allow":["GET"]}}],"collection":[{"href":"https:\/\/www.greenpeace.org\/czech\/wp-json\/wp\/v2\/posts"}],"about":[{"href":"https:\/\/www.greenpeace.org\/czech\/wp-json\/wp\/v2\/types\/post"}],"author":[{"embeddable":true,"href":"https:\/\/www.greenpeace.org\/czech\/wp-json\/wp\/v2\/users\/74"}],"replies":[{"embeddable":true,"href":"https:\/\/www.greenpeace.org\/czech\/wp-json\/wp\/v2\/comments?post=19045"}],"version-history":[{"count":2,"href":"https:\/\/www.greenpeace.org\/czech\/wp-json\/wp\/v2\/posts\/19045\/revisions"}],"predecessor-version":[{"id":19053,"href":"https:\/\/www.greenpeace.org\/czech\/wp-json\/wp\/v2\/posts\/19045\/revisions\/19053"}],"wp:featuredmedia":[{"embeddable":true,"href":"https:\/\/www.greenpeace.org\/czech\/wp-json\/wp\/v2\/media\/19046"}],"wp:attachment":[{"href":"https:\/\/www.greenpeace.org\/czech\/wp-json\/wp\/v2\/media?parent=19045"}],"wp:term":[{"taxonomy":"category","embeddable":true,"href":"https:\/\/www.greenpeace.org\/czech\/wp-json\/wp\/v2\/categories?post=19045"},{"taxonomy":"post_tag","embeddable":true,"href":"https:\/\/www.greenpeace.org\/czech\/wp-json\/wp\/v2\/tags?post=19045"},{"taxonomy":"p4-page-type","embeddable":true,"href":"https:\/\/www.greenpeace.org\/czech\/wp-json\/wp\/v2\/p4-page-type?post=19045"}],"curies":[{"name":"wp","href":"https:\/\/api.w.org\/{rel}","templated":true}]}}