{"id":19065,"date":"2023-06-26T11:11:48","date_gmt":"2023-06-26T10:11:48","guid":{"rendered":"https:\/\/www.greenpeace.org\/czech\/?p=19065"},"modified":"2023-12-05T10:12:58","modified_gmt":"2023-12-05T09:12:58","slug":"protest-greenpeace-narusil-valnou-hromadu-cezu-neprodluzujte-tezbu-na-biline-zadali-akcionari-a-akcionarky-vedeni-firmy-a-vladu","status":"publish","type":"post","link":"https:\/\/www.greenpeace.org\/czech\/tiskova-zprava\/19065\/protest-greenpeace-narusil-valnou-hromadu-cezu-neprodluzujte-tezbu-na-biline-zadali-akcionari-a-akcionarky-vedeni-firmy-a-vladu\/","title":{"rendered":"Protest Greenpeace naru\u0161il valnou hromadu\u00a0\u010cEZu. Neprodlu\u017eujte t\u011b\u017ebu na B\u00edlin\u011b, \u017e\u00e1dali akcion\u00e1\u0159i a akcion\u00e1\u0159ky veden\u00ed firmy a vl\u00e1du"},"content":{"rendered":"\n<p>Na pr\u00e1v\u011b prob\u00edhaj\u00edc\u00ed valn\u00e9 hromad\u011b \u010cEZ protestovali aktivist\u00e9 a aktivistky Greenpeace proti prodlu\u017eov\u00e1n\u00ed a roz\u0161i\u0159ov\u00e1n\u00ed t\u011b\u017eby na hn\u011bdouheln\u00e9m dole B\u00edlina v severn\u00edch \u010cech\u00e1ch. B\u011bhem akce vystoupil&nbsp;s projevem aktivista Greenpeace, kter\u00fd je z\u00e1rove\u0148 akcion\u00e1\u0159em firmy a kter\u00fd se \u00fa\u010dastnil i protestu na dole B\u00edlina minul\u00fd t\u00fdden, a vyzval management firmy, aby prodlou\u017een\u00ed t\u011b\u017eby na dole B\u00edlina zastavil. Zat\u00edmco mluvil, p\u0159istoupili k n\u011bmu aktivist\u00e9 s transparenty &#8222;\u010cEZ, neprodlu\u017eujte t\u011b\u017ebu na B\u00edlin\u011b&#8220; a &#8222;This is a Fossil&nbsp;Crime Scene&#8220;. Po projevu se \u00fa\u010dastn\u00edci a \u00fa\u010dastnice&nbsp;protestu se\u0161li pod p\u00f3diem, na n\u011bm\u017e v tu chv\u00edli sed\u011bl management a dozor\u010d\u00ed rada firmy \u010cEZ, a rozt\u00e1hli zde je\u0161t\u011b dal\u0161\u00ed transparenty &#8211; . Valn\u00e1 hromada byla kv\u016fli protestu p\u0159eru\u0161ena. Akcion\u00e1\u0159\u016fm a akcion\u00e1\u0159k\u00e1m, kte\u0159\u00ed se \u00fa\u010dastnili protestu, bylo zabr\u00e1n\u011bno v pod\u00e1n\u00ed \u017e\u00e1dosti o vysv\u011btlen\u00ed a byli vyvedeni z valn\u00e9 hromady, \u010d\u00edm\u017e byla naru\u0161ena jejich akcion\u00e1\u0159sk\u00e1 pr\u00e1va. N\u011bkte\u0159\u00ed proto podaj\u00ed akcion\u00e1\u0159skou \u017ealobu na \u010cEZ, kter\u00e1 bude po\u017eadovat zneplatn\u011bn\u00ed cel\u00e9ho pr\u016fb\u011bhu valn\u00e9 hromady a v\u0161ech na n\u00ed prob\u011bhl\u00fdch hlasov\u00e1n\u00ed.<\/p>\n\n<figure class=\"wp-block-image size-large\"><img loading=\"lazy\" decoding=\"async\" width=\"1024\" height=\"768\" src=\"https:\/\/www.greenpeace.org\/static\/planet4-czech-republic-stateless\/2023\/06\/7a71fd56-1687771966223-1024x768.jpg\" alt=\"\" class=\"wp-image-19076\" srcset=\"https:\/\/www.greenpeace.org\/static\/planet4-czech-republic-stateless\/2023\/06\/7a71fd56-1687771966223-1024x768.jpg 1024w, https:\/\/www.greenpeace.org\/static\/planet4-czech-republic-stateless\/2023\/06\/7a71fd56-1687771966223-300x225.jpg 300w, https:\/\/www.greenpeace.org\/static\/planet4-czech-republic-stateless\/2023\/06\/7a71fd56-1687771966223-768x576.jpg 768w, https:\/\/www.greenpeace.org\/static\/planet4-czech-republic-stateless\/2023\/06\/7a71fd56-1687771966223-1536x1152.jpg 1536w, https:\/\/www.greenpeace.org\/static\/planet4-czech-republic-stateless\/2023\/06\/7a71fd56-1687771966223-2048x1536.jpg 2048w, https:\/\/www.greenpeace.org\/static\/planet4-czech-republic-stateless\/2023\/06\/7a71fd56-1687771966223-1821x1366.jpg 1821w, https:\/\/www.greenpeace.org\/static\/planet4-czech-republic-stateless\/2023\/06\/7a71fd56-1687771966223-453x340.jpg 453w\" sizes=\"auto, (max-width: 1024px) 100vw, 1024px\" \/><\/figure>\n\n<p>T\u011b\u017eebn\u00ed firma Severo\u010desk\u00e9 doly z\u00edskala povolen\u00ed k roz\u0161\u00ed\u0159en\u00ed dolu B\u00edlina od Obvodn\u00edho b\u00e1\u0148sk\u00e9ho \u00fa\u0159adu v Most\u011b letos v b\u0159eznu a \u010desk\u00e1 kancel\u00e1\u0159 Greenpeace se proti tomu odvolala. Organizace Greenpeace dlouhodob\u011b kritizuje pl\u00e1ny na t\u011b\u017ebu a\u017e do roku 2035 a ozna\u010duje je za klimatick\u00fd zlo\u010din.&nbsp;<\/p>\n\n<p>Aktivist\u00e9 a aktivistky Greenpeace z \u010ceska, Polska a N\u011bmecka tak\u00e9 minul\u00fd t\u00fdden ve \u010dtvrtek vylezli na rypadlo v dole B\u00edlina, aby protestovali proti pl\u00e1novan\u00e9mu roz\u0161\u00ed\u0159en\u00ed t\u011b\u017eby. Na konstrukci rypadla p\u0159ipevnili obrovsk\u00fd transparent s anglick\u00fdm n\u00e1pisem \u201eEnd Fossil Crimes\u201c (Skoncujte s fosiln\u00edmI zlo\u010diny). Po n\u011bkolika hodin\u00e1ch ho vym\u011bnili za transparent s \u010desk\u00fdm n\u00e1pisem \u201eKonec t\u011b\u017eby 2030\u201c.<\/p>\n\n<p><strong>Jaroslav Bican, koordin\u00e1tor energetick\u00e9 kampan\u011b Greenpeace, \u0159\u00edk\u00e1:<\/strong><br>&#8222;<em>Prodlou\u017een\u00ed t\u011b\u017eby na dole B\u00edlina po roce 2030 pova\u017eujeme za klimatick\u00fd zlo\u010din. Aktivist\u00e9 a aktivistky Greenpeace z \u010ceska, Polska a N\u011bmecka proto minul\u00fd t\u00fdden vystoupali na zdej\u0161\u00ed rypadlo, aby skupinu \u010cEZ vyzvali k zanech\u00e1n\u00ed jej\u00edch pl\u00e1n\u016f na pokra\u010dov\u00e1n\u00ed t\u011b\u017eby. Dnes jeden z t\u011bchto aktivist\u016f dorazil i p\u0159\u00edmo na valnou hromadu spole\u010dnosti, aby zde p\u0159edal sv\u016fj vzkaz. Pokra\u010duj\u00edc\u00ed t\u011b\u017eba na velkolomu B\u00edlina \u0161kod\u00ed \u017eivotn\u00edmu prost\u0159ed\u00ed a vysok\u00e9 emise z vyt\u011b\u017en\u00e9ho uhl\u00ed maj\u00ed zna\u010dn\u00e9 dopady na klima. \u010cesk\u00e1 vl\u00e1da se ve sv\u00e9m programov\u00e9m prohl\u00e1\u0161en\u00ed sice zav\u00e1zala skon\u010dit s uhl\u00edm do roku 2033, nyn\u00ed ale hroz\u00ed t\u011b\u017eba dokonce i po 2035.<\/em>&nbsp;&#8222;<\/p>\n\n<p>Organizace Greenpeace krom\u011b samotn\u00e9ho povolen\u00ed k t\u011b\u017eb\u011b tak\u00e9 napadla kladn\u00e9 stanovisko, kter\u00e9 k roz\u0161\u00ed\u0159en\u00ed t\u011b\u017eby vydalo ministerstvo \u017eivotn\u00edho prost\u0159ed\u00ed (M\u017dP) po vyhodnocen\u00ed vlivu na \u017eivotn\u00ed prost\u0159ed\u00ed (tzv. proces EIA) v dob\u011b, kdy ho vedl b\u00fdval\u00fd ministr Richard Brabec (ANO). Greenpeace kritizuje p\u0159edev\u0161\u00edm fakt, \u017ee nikdy nebyly posouzeny negativn\u00ed dopady sp\u00e1len\u00ed b\u00edlinsk\u00e9ho uhl\u00ed na klima. Uhl\u00ed z dolu B\u00edlina z\u00e1sobuje nedalekou velkou uhelnou elektr\u00e1rnu Ledvice, n\u011bkolik tepl\u00e1ren i lok\u00e1ln\u00ed topeni\u0161t\u011b. Z\u00e1m\u011br po\u010d\u00edt\u00e1 s vyt\u011b\u017een\u00edm necel\u00fdch 50 milion\u016f tun uhl\u00ed, podle posudku M\u017dP m\u00e1 m\u00edt na sv\u011bdom\u00ed v pr\u016fm\u011bru 11,5 milionu tun CO2 ro\u010dn\u011b. Greenpeace tvrd\u00ed, \u017ee v dob\u011b klimatick\u00e9 krize nen\u00ed mo\u017en\u00e9 povolit projekt, kter\u00fd m\u00e1 na sv\u011bdom\u00ed tolik emis\u00ed sklen\u00edkov\u00fdch plyn\u016f, a vyz\u00fdv\u00e1 ministra \u017eivotn\u00edho prost\u0159ed\u00ed Petra Hlad\u00edka, aby kladn\u00e9 stanovisko ministerstva k dal\u0161\u00ed t\u011b\u017eb\u011b zm\u011bnil a prodlou\u017een\u00ed t\u011b\u017eby na dole B\u00edlina zastavil.&nbsp;<\/p>\n\n<p>Povolen\u00ed jak\u00e9koli t\u011b\u017eby na B\u00edlin\u011b po roce 2033 je p\u0159itom v p\u0159\u00edm\u00e9m rozporu s programov\u00fdm prohl\u00e1\u0161en\u00edm sou\u010dasn\u00e9 vl\u00e1dy, kter\u00e1 se zav\u00e1zala \u201cvytv\u00e1\u0159et podm\u00ednky pro energetickou transformaci a rozvoj uheln\u00fdch region\u016f tak, aby byl mo\u017en\u00fd odklon od uhl\u00ed do roku 2033\u201d. Sou\u010dasn\u011b je v rozporu s usnesen\u00edm vl\u00e1dy, kter\u00fdm byla schv\u00e1lena v\u00fdchodiska St\u00e1tn\u00ed energetick\u00e9 koncepce \u010cR, v nich\u017e je uveden n\u00e1sleduj\u00edc\u00ed strategick\u00fd c\u00edl: \u201eSn\u00ed\u017eit pod\u00edl fosiln\u00edch paliv (vyu\u017e\u00edvan\u00fdch bez technologie zachyt\u00e1v\u00e1n\u00ed) na spot\u0159eb\u011b prim\u00e1rn\u00ed energie na 50 % do roku 2030 a 0 % do roku 2050 a zcela utlumit vyu\u017eit\u00ed uhl\u00ed pro v\u00fdrobu elekt\u0159iny a tepla do roku 2033.\u201c&nbsp;&nbsp;<\/p>\n\n<p>Greenpeace tak\u00e9 kritizuje, \u017ee platnost vydan\u00e9ho povolen\u00ed k hornick\u00e9 \u010dinnosti na B\u00edlin\u011b nen\u00ed nijak z\u00e1vazn\u011b \u010dasov\u011b ohrani\u010dena. T\u011b\u017eba je limitov\u00e1na pouze vymezen\u00edm plochy, na kter\u00e9 m\u016f\u017ee prob\u00edhat. V p\u0159\u00edpad\u011b sn\u00ed\u017een\u00ed objemu t\u011b\u017eby a jej\u00edho pomalej\u0161\u00edho postupu by tak hornick\u00e1 \u010dinnost mohla prob\u00edhat i mnoho let po roce 2035. Provozovatel velkolomu B\u00edlina by tak mohl n\u00e1sledovat p\u0159\u00edkladu velkolomu \u010cSA, kde se dnes st\u00e1le t\u011b\u017e\u00ed, p\u0159esto\u017ee t\u011b\u017eba zde byla povolena podle dokumentace \u201cPOPD 2000 a\u017e 2014\u201d.&nbsp;&nbsp;<\/p>\n\n<p>P\u0159esto\u017ee se schv\u00e1len\u00fd z\u00e1m\u011br jmenuje \u201cPokra\u010dov\u00e1n\u00ed hornick\u00e9 \u010dinnosti \u2013 I. etapa \u2013 Doly B\u00edlina 2019\u20132035\u201d, schv\u00e1len\u00fd pl\u00e1n rekultivac\u00ed po\u010d\u00edt\u00e1 s t\u00edm, \u017ee se bude t\u011b\u017eit d\u00e9le a na v\u011bt\u0161\u00ed plo\u0161e a rekultivovat se bude a\u017e v roce 2055, tedy a\u017e dvacet let po nyn\u00ed p\u0159edpokl\u00e1dan\u00e9m skon\u010den\u00ed t\u011b\u017eby. P\u016fvodn\u011b toti\u017e Severo\u010desk\u00e9 doly pl\u00e1novaly, \u017ee budou t\u011b\u017eit do roku 2050. Schv\u00e1len\u00fd pl\u00e1n tak nijak ne\u0159e\u0161\u00ed rekultivaci velkolomu na \u00fazem\u00ed, kter\u00e9 vznikne t\u011b\u017ebou do roku 2035, ani zda je tento prostor v\u016fbec technicky mo\u017en\u00e9 rekultivovat. Na z\u00e1klad\u011b takto povolen\u00e9ho z\u00e1m\u011bru by nav\u00edc mohla t\u011b\u017eebn\u00ed spole\u010dnost tvrdit, \u017ee nabyla legitimn\u00ed o\u010dek\u00e1v\u00e1n\u00ed k pokra\u010dov\u00e1n\u00ed t\u011b\u017eby i v letech 2035 \u2013 2055 a po\u017eadovat od st\u00e1tu od\u0161kodn\u00e9 za neuskute\u010dn\u011bnou t\u011b\u017ebu. Podobn\u00fdm zp\u016fsobem argumentuj\u00ed t\u011b\u017eebn\u00ed firmy v N\u011bmecku, kter\u00e9 dost\u00e1vaj\u00ed za d\u0159\u00edv\u011bj\u0161\u00ed uzav\u00edr\u00e1n\u00ed dol\u016f finan\u010dn\u00ed kompenzace ve v\u00fd\u0161i n\u011bkolika miliard eur.<\/p>\n","protected":false},"excerpt":{"rendered":"<p>Na pr\u00e1v\u011b prob\u00edhaj\u00edc\u00ed valn\u00e9 hromad\u011b \u010cEZ protestovali aktivist\u00e9 a aktivistky Greenpeace proti prodlu\u017eov\u00e1n\u00ed a roz\u0161i\u0159ov\u00e1n\u00ed t\u011b\u017eby na hn\u011bdouheln\u00e9m dole B\u00edlina v severn\u00edch \u010cech\u00e1ch. B\u011bhem akce vystoupil\u00a0s projevem aktivista Greenpeace, kter\u00fd&hellip;<\/p>\n","protected":false},"author":27,"featured_media":19087,"comment_status":"open","ping_status":"closed","sticky":false,"template":"","format":"standard","meta":{"ep_exclude_from_search":false,"p4_og_title":"","p4_og_description":"","p4_og_image":"","p4_og_image_id":"","p4_seo_canonical_url":"","p4_campaign_name":"","p4_local_project":"","p4_basket_name":"","p4_department":"","footnotes":""},"categories":[4],"tags":[25,29,20],"p4-page-type":[14],"class_list":["post-19065","post","type-post","status-publish","format-standard","has-post-thumbnail","hentry","category-energeticka-revoluce","tag-konec-doby-fosilni","tag-nenasilne-protesty","tag-zmena-klimatu","p4-page-type-tiskova-zprava"],"_links":{"self":[{"href":"https:\/\/www.greenpeace.org\/czech\/wp-json\/wp\/v2\/posts\/19065","targetHints":{"allow":["GET"]}}],"collection":[{"href":"https:\/\/www.greenpeace.org\/czech\/wp-json\/wp\/v2\/posts"}],"about":[{"href":"https:\/\/www.greenpeace.org\/czech\/wp-json\/wp\/v2\/types\/post"}],"author":[{"embeddable":true,"href":"https:\/\/www.greenpeace.org\/czech\/wp-json\/wp\/v2\/users\/27"}],"replies":[{"embeddable":true,"href":"https:\/\/www.greenpeace.org\/czech\/wp-json\/wp\/v2\/comments?post=19065"}],"version-history":[{"count":4,"href":"https:\/\/www.greenpeace.org\/czech\/wp-json\/wp\/v2\/posts\/19065\/revisions"}],"predecessor-version":[{"id":19088,"href":"https:\/\/www.greenpeace.org\/czech\/wp-json\/wp\/v2\/posts\/19065\/revisions\/19088"}],"wp:featuredmedia":[{"embeddable":true,"href":"https:\/\/www.greenpeace.org\/czech\/wp-json\/wp\/v2\/media\/19087"}],"wp:attachment":[{"href":"https:\/\/www.greenpeace.org\/czech\/wp-json\/wp\/v2\/media?parent=19065"}],"wp:term":[{"taxonomy":"category","embeddable":true,"href":"https:\/\/www.greenpeace.org\/czech\/wp-json\/wp\/v2\/categories?post=19065"},{"taxonomy":"post_tag","embeddable":true,"href":"https:\/\/www.greenpeace.org\/czech\/wp-json\/wp\/v2\/tags?post=19065"},{"taxonomy":"p4-page-type","embeddable":true,"href":"https:\/\/www.greenpeace.org\/czech\/wp-json\/wp\/v2\/p4-page-type?post=19065"}],"curies":[{"name":"wp","href":"https:\/\/api.w.org\/{rel}","templated":true}]}}