{"id":19144,"date":"2023-07-10T09:03:00","date_gmt":"2023-07-10T08:03:00","guid":{"rendered":"https:\/\/www.greenpeace.org\/czech\/?p=19144"},"modified":"2023-07-10T09:03:03","modified_gmt":"2023-07-10T08:03:03","slug":"soud-pardubicky-kraj-porusil-zakon-zivotnost-elektrarny-chvaletice-nemel-prodlouzit-za-zavrenymi-dvermi","status":"publish","type":"post","link":"https:\/\/www.greenpeace.org\/czech\/tiskova-zprava\/19144\/soud-pardubicky-kraj-porusil-zakon-zivotnost-elektrarny-chvaletice-nemel-prodlouzit-za-zavrenymi-dvermi\/","title":{"rendered":"Soud: Pardubick\u00fd kraj poru\u0161il z\u00e1kon, \u017eivotnost elektr\u00e1rny Chvaletice nem\u011bl prodlou\u017eit za zav\u0159en\u00fdmi dve\u0159mi"},"content":{"rendered":"\n<p>Nejvy\u0161\u0161\u00ed spr\u00e1vn\u00ed soud <a href=\"https:\/\/www.nssoud.cz\/modalni-obsah\/rozhodovaci-cinnost\/rozhodnuti-369881?cHash=b6b66e8419fd4d6f627a76878914de5d\">rozhodl v dal\u0161\u00edm sporu ohledn\u011b elektr\u00e1rny Chvaletice<\/a>. Potvrdil, \u017ee prodlou\u017een\u00ed \u017eivotnosti dvou blok\u016f elektr\u00e1rny v roce 2019 m\u011blo p\u0159edch\u00e1zet posouzen\u00ed vliv\u016f na \u017eivotn\u00ed prost\u0159ed\u00ed (EIA). Na elektr\u00e1rnu byly v t\u00e9 dob\u011b nainstalov\u00e1ny filtra\u010dn\u00ed technologie nedostate\u010dn\u00e9 pro spln\u011bn\u00ed emisn\u00edch limit\u016f, kter\u00e9 byly v tu dobu ji\u017e dva roky schv\u00e1len\u00e9. Kv\u016fli tomu provozovatel elektr\u00e1rny musel z\u00edskat pro dal\u0161\u00ed provoz emisn\u00ed v\u00fdjimku, kterou ov\u0161em <a href=\"https:\/\/www.greenpeace.org\/czech\/tiskova-zprava\/18233\/mzp-musi-znovu-rozhodnout-o-emisni-vyjimce-pro-elektrarnu-chvaletice-kterou-soud-zrusil-muze-ji-zkratit\/\">ned\u00e1vno zru\u0161il soud pro jej\u00ed nez\u00e1konnost<\/a>.<\/p>\n\n<figure class=\"wp-block-image size-large\"><img loading=\"lazy\" decoding=\"async\" width=\"1024\" height=\"683\" src=\"https:\/\/www.greenpeace.org\/static\/planet4-czech-republic-stateless\/2019\/05\/942e67e4-gp0stq67x-1024x683.jpg\" title=\"Chvaletice Power Plant Occupation in Czech Republic. \u00a9 Will Rose \/ Greenpeace\" alt=\"Chvaletice Power Plant Occupation in Czech Republic. \u00a9 Will Rose \/ Greenpeace\" class=\"wp-image-3314\" srcset=\"https:\/\/www.greenpeace.org\/static\/planet4-czech-republic-stateless\/2019\/05\/942e67e4-gp0stq67x-1024x683.jpg 1024w, https:\/\/www.greenpeace.org\/static\/planet4-czech-republic-stateless\/2019\/05\/942e67e4-gp0stq67x-300x200.jpg 300w, https:\/\/www.greenpeace.org\/static\/planet4-czech-republic-stateless\/2019\/05\/942e67e4-gp0stq67x-768x512.jpg 768w, https:\/\/www.greenpeace.org\/static\/planet4-czech-republic-stateless\/2019\/05\/942e67e4-gp0stq67x-510x340.jpg 510w, https:\/\/www.greenpeace.org\/static\/planet4-czech-republic-stateless\/2019\/05\/942e67e4-gp0stq67x.jpg 1200w\" sizes=\"auto, (max-width: 1024px) 100vw, 1024px\" \/><figcaption class=\"wp-element-caption\">Protest proti uhl\u00ed na chladic\u00ed v\u011b\u017ei elektr\u00e1rny Chvaletice.<div class=\"credit icon-left\"> \u00a9 Greenpeace &#8211; Will Rose<\/div><\/figcaption><\/figure>\n\n<p>Fakt, \u017ee rozhodnut\u00ed o prodlou\u017een\u00ed \u017eivotnosti elektr\u00e1rny Chvaletice padlo bez \u00fa\u010dasti ve\u0159ejnosti za zav\u0159en\u00fdmi dve\u0159mi, kritizovala organizace Greenpeace ji\u017e v roce 2016, kdy modernizac\u00ed proch\u00e1zely prvn\u00ed dva bloky elektr\u00e1rny. Kdy\u017e Pardubick\u00fd kraj na upozorn\u011bn\u00ed na mo\u017en\u00e9 poru\u0161en\u00ed z\u00e1kona nereagoval, obsadili aktivist\u00e9 a aktivistky Greenpeace na za\u010d\u00e1tku \u0159\u00edjna 2016 chladic\u00ed v\u011b\u017e elektr\u00e1rny a vydr\u017eeli na n\u00ed 63 hodin. Situaci v t\u00e9 dob\u011b organizace ozna\u010dovala jako <a href=\"https:\/\/www.idnes.cz\/zpravy\/domaci\/aktiviste-greenpeace-chvaletice-protest.A161003_080218_domaci_san\">\u0161lendri\u00e1n \u010di p\u0159\u00edmo zl\u00fd \u00famysl pardubick\u00fdch \u00fa\u0159edn\u00edk\u016f<\/a>.<\/p>\n\n<p><em>\u201cTrvalo to dlouh\u00fdch sedm let, ale nyn\u00ed je d\u00edky rozsudku Nejvy\u0161\u0161\u00edho spr\u00e1vn\u00edho soudu jasn\u00e9 a nezpochybniteln\u00e9, \u017ee protest Greenpeace na chladic\u00ed v\u011b\u017ei <\/em>elektr\u00e1rny<em> Chvaletice byl naprosto opr\u00e1vn\u011bn\u00fd a legitimn\u00ed, proto\u017ee upozor\u0148oval na poru\u0161en\u00ed z\u00e1kona p\u0159i prodlu\u017eov\u00e1n\u00ed \u017eivotnosti elektr\u00e1rny Chvaletice. Bohu\u017eel fra\u0161ka s n\u00e1zvem Chvaletice pokra\u010duje dosud, proto\u017ee soud ji\u017e p\u0159ed rokem zru\u0161il platnost emisn\u00ed v\u00fdjimky, p\u0159esto elektr\u00e1rna kv\u016fli \u0161lendri\u00e1nu \u010di p\u0159\u00edmo zl\u00e9mu \u00famyslu pardubick\u00fdch krajsk\u00fdch \u00fa\u0159edn\u00edk\u016f st\u00e1le vypou\u0161t\u00ed v\u00edce emis\u00ed, ne\u017e povoluje z\u00e1kon,\u201d<\/em> \u0159\u00edk\u00e1 Luk\u00e1\u0161 Hr\u00e1bek, tiskov\u00fd mluv\u010d\u00ed Greenpeace.<\/p>\n\n<p><em>\u201cNejvy\u0161\u0161\u00ed spr\u00e1vn\u00ed soud ve sv\u00e9m nov\u00e9m rozsudku potvrdil, \u017ee Krajsk\u00fd \u00fa\u0159ad Pardubick\u00e9ho kraje postupoval nez\u00e1konn\u011b, kdy\u017e dopady prodlou\u017een\u00ed \u017eivotnosti Elektr\u00e1rny Chvaletice posoudil pouze ve stru\u010dn\u00e9m, neve\u0159ejn\u00e9m vyj\u00e1d\u0159en\u00ed nam\u00edsto proveden\u00ed standardn\u00edho zji\u0161\u0165ovac\u00edho \u0159\u00edzen\u00ed za \u00fa\u010dasti ve\u0159ejnosti. Jedn\u00e1 se tak o dal\u0161\u00ed p\u0159\u00edpad, kdy tento \u00fa\u0159ad nad\u0159azoval z\u00e1jmy provozovatele elektr\u00e1rny nad platnou pr\u00e1vn\u00ed \u00fapravu,\u201d<\/em> \u0159\u00edk\u00e1 Eli\u0161ka Beranov\u00e1, pr\u00e1vni\u010dka Frank Bold, kter\u00e1 se kauze dlouhodob\u011b v\u011bnuje.<\/p>\n\n<p><em>\u201cSt\u00e1t, pota\u017emo kraj vinou tenden\u010dn\u00edch rozhodnut\u00ed z minulosti, laxnost\u00ed a diletanstv\u00edm protahuje ned\u016fstojn\u00fd proces, kter\u00fd tak jako tak nevyhnuteln\u011b sm\u011b\u0159uje k tomu, \u017ee provozovatel bude muset ud\u011blat to, co jsme mu \u0159\u00edkali u\u017e na za\u010d\u00e1tku. Tedy bu\u010f omezit provoz, nebo skute\u010dn\u011b instalovat nejlep\u0161\u00ed dostupn\u00e9 technologie,\u201d<\/em> \u0159\u00edk\u00e1 Robert Hrdina z m\u00edstn\u00edho spolku Zastavme elektr\u00e1rnu Chvaletice.l\u00a7<\/p>\n\n<p><em>\u201cJe trestuhodn\u00e9, \u017ee \u00fa\u0159ad zodpov\u011bdn\u00fd h\u00e1jit z\u00e1jmy spole\u010dnosti rozhodl ve prosp\u011bch soukrom\u00e9ho subjektu a \u017ee jeho vinu musel n\u00e1kladn\u00fdm zp\u016fsobem dokl\u00e1dat soud. Pokud by krajsk\u00fd \u00fa\u0159ad dodr\u017eel spr\u00e1vn\u00fd postup, mohlo si \u010cesko odpustit nejen n\u00e1klady na soudn\u00ed proces, ale hlavn\u011b velk\u00e9 mno\u017estv\u00ed zdrav\u00ed \u0161kodliv\u00fdch emis\u00ed,\u201d <\/em>\u0159\u00edk\u00e1 Ale\u0161 Mikl\u00edk, tiskov\u00fd mluv\u010d\u00ed Hnut\u00ed DUHA.<\/p>\n","protected":false},"excerpt":{"rendered":"<p>Nejvy\u0161\u0161\u00ed spr\u00e1vn\u00ed soud rozhodl v dal\u0161\u00edm sporu ohledn\u011b elektr\u00e1rny Chvaletice. Potvrdil, \u017ee prodlou\u017een\u00ed \u017eivotnosti dvou blok\u016f elektr\u00e1rny v roce 2019 m\u011blo p\u0159edch\u00e1zet posouzen\u00ed vliv\u016f na \u017eivotn\u00ed prost\u0159ed\u00ed (EIA). Na elektr\u00e1rnu&hellip;<\/p>\n","protected":false},"author":27,"featured_media":3314,"comment_status":"open","ping_status":"closed","sticky":false,"template":"","format":"standard","meta":{"ep_exclude_from_search":false,"p4_og_title":"","p4_og_description":"","p4_og_image":"","p4_og_image_id":"","p4_seo_canonical_url":"","p4_campaign_name":"","p4_local_project":"","p4_basket_name":"","p4_department":"","footnotes":""},"categories":[2],"tags":[19,29,25],"p4-page-type":[14],"class_list":["post-19144","post","type-post","status-publish","format-standard","has-post-thumbnail","hentry","category-priroda","tag-ovzdusi","tag-nenasilne-protesty","tag-konec-doby-fosilni","p4-page-type-tiskova-zprava"],"_links":{"self":[{"href":"https:\/\/www.greenpeace.org\/czech\/wp-json\/wp\/v2\/posts\/19144","targetHints":{"allow":["GET"]}}],"collection":[{"href":"https:\/\/www.greenpeace.org\/czech\/wp-json\/wp\/v2\/posts"}],"about":[{"href":"https:\/\/www.greenpeace.org\/czech\/wp-json\/wp\/v2\/types\/post"}],"author":[{"embeddable":true,"href":"https:\/\/www.greenpeace.org\/czech\/wp-json\/wp\/v2\/users\/27"}],"replies":[{"embeddable":true,"href":"https:\/\/www.greenpeace.org\/czech\/wp-json\/wp\/v2\/comments?post=19144"}],"version-history":[{"count":1,"href":"https:\/\/www.greenpeace.org\/czech\/wp-json\/wp\/v2\/posts\/19144\/revisions"}],"predecessor-version":[{"id":19145,"href":"https:\/\/www.greenpeace.org\/czech\/wp-json\/wp\/v2\/posts\/19144\/revisions\/19145"}],"wp:featuredmedia":[{"embeddable":true,"href":"https:\/\/www.greenpeace.org\/czech\/wp-json\/wp\/v2\/media\/3314"}],"wp:attachment":[{"href":"https:\/\/www.greenpeace.org\/czech\/wp-json\/wp\/v2\/media?parent=19144"}],"wp:term":[{"taxonomy":"category","embeddable":true,"href":"https:\/\/www.greenpeace.org\/czech\/wp-json\/wp\/v2\/categories?post=19144"},{"taxonomy":"post_tag","embeddable":true,"href":"https:\/\/www.greenpeace.org\/czech\/wp-json\/wp\/v2\/tags?post=19144"},{"taxonomy":"p4-page-type","embeddable":true,"href":"https:\/\/www.greenpeace.org\/czech\/wp-json\/wp\/v2\/p4-page-type?post=19144"}],"curies":[{"name":"wp","href":"https:\/\/api.w.org\/{rel}","templated":true}]}}