{"id":19177,"date":"2023-07-31T08:42:56","date_gmt":"2023-07-31T07:42:56","guid":{"rendered":"https:\/\/www.greenpeace.org\/czech\/?p=19177"},"modified":"2023-12-05T10:12:34","modified_gmt":"2023-12-05T09:12:34","slug":"vest-organizaci-kde-kazdy-ridi-sam-sebe","status":"publish","type":"post","link":"https:\/\/www.greenpeace.org\/czech\/clanek\/19177\/vest-organizaci-kde-kazdy-ridi-sam-sebe\/","title":{"rendered":"V\u00e9st organizaci, kde ka\u017ed\u00fd \u0159\u00edd\u00ed s\u00e1m sebe"},"content":{"rendered":"\n<p><strong>Zahide Tu\u011fba \u015eenterzi byla od mlada p\u0159ipravov\u00e1na na pr\u00e1ci v diplomacii, ale p\u0159irozen\u011b j\u00ed to t\u00e1hlo k neziskov\u00e9mu sektoru v oblasti lidsk\u00fdch pr\u00e1v a humanit\u00e1rn\u00ed pomoci, kde tak\u00e9 za\u010dala svou kari\u00e9ru. N\u00e1sledn\u011b si pro\u0161la politick\u00fdm i korpor\u00e1tn\u00edm prost\u0159ed\u00edm, aby se mohla mohla vr\u00e1tit do sv\u011bta nezisku. Na probl\u00e9my lidstva se v\u0161ak nyn\u00ed d\u00edv\u00e1 z trochu jin\u00e9ho \u00fahlu.<\/strong> <strong>Dnes p\u016fsob\u00ed jako v\u00fdkonn\u00e1 \u0159editelka \u010desk\u00e9 pobo\u010dky Greenpeace.<\/strong><\/p>\n\n<p>Jak sama \u0159\u00edk\u00e1, postupn\u011b se jej\u00ed pohled na sv\u011bt posunul od antropocentrick\u00e9ho p\u0159\u00edstupu k environment\u00e1ln\u00edmu. <em>\u201e\u010clov\u011bk je sou\u010d\u00e1st\u00ed p\u0159\u00edrody a bez komplexn\u00edho vn\u00edm\u00e1n\u00ed syst\u00e9mu nem\u016f\u017eeme vy\u0159e\u0161it lidskopr\u00e1vn\u00ed probl\u00e9my a ani environment\u00e1ln\u00ed ot\u00e1zky,\u201c <\/em>\u0159\u00edk\u00e1. V Greenpeace pracuje na pozici v\u00fdkonn\u00e9 \u0159editelky \u010desk\u00e9 pobo\u010dky, jej\u00ed role je v\u0161ak v nehierarchick\u00e9 struktu\u0159e organizace, kde ka\u017ed\u00fd zam\u011bstnanec \u0159\u00edd\u00ed s\u00e1m sebe, velmi specifick\u00e1. <em>\u201ePro m\u011b bylo nejv\u011bt\u0161\u00ed vnit\u0159n\u00ed v\u00fdzvou nastoupit do organizace s velkou d\u016fv\u011brou v lidi, se kter\u00fdmi m\u00e1m spole\u010dn\u011b v\u00e9st organizaci, ale kter\u00e9 vlastn\u011b v\u016fbec nezn\u00e1m,\u201c <\/em>vysv\u011btluje.<\/p>\n\n<p>Zahide m\u00e1 tureck\u00e9 ko\u0159eny, ale \u017eije dlouhodob\u011b v Praze. Turecko ji v\u017edy p\u0159itahovalo sv\u00fdm multikulturn\u00edm prost\u0159ed\u00edm a v\u011bt\u0161\u00edm prostorem pro anga\u017eov\u00e1n\u00ed se v nejr\u016fzn\u011bj\u0161\u00edch lidskopr\u00e1vn\u00edch a spole\u010densk\u00fdch ot\u00e1zk\u00e1ch, proto se do Turecka b\u011bhem studi\u00ed v zahrani\u010d\u00ed vr\u00e1tila. \u201e<em>Bylo tam hodn\u011b prostoru se u\u010dit, zlep\u0161ovat se a pomoci pot\u0159ebn\u00fdm. V\u011bd\u011bla jsem, \u017ee to bude n\u00e1ro\u010dn\u00e9, je rozd\u00edl mezi p\u016fsoben\u00edm v deseti milionov\u00e9 spole\u010dnosti jako je \u010cesk\u00e1 republika a osmdes\u00e1ti milionov\u00e9m Turecku,\u201c<\/em> vypr\u00e1v\u00ed. Pr\u00e1v\u011b zde si pro\u0161la jak sv\u011btem nezisku, diplomacie, ale i korpor\u00e1tn\u00edmi strukturami. V budoucnu Zahide p\u0159eje Greenpeace aby doc\u00edlila zm\u011bn, kter\u00e9 umo\u017en\u00ed na\u0161\u00ed planet\u011b a \u017eivota na n\u00ed vzkv\u00e9tat v cel\u00e9 jej\u00ed rozmanitosti.&nbsp;<\/p>\n\n<figure class=\"wp-block-image size-large\"><img loading=\"lazy\" decoding=\"async\" width=\"1024\" height=\"768\" src=\"https:\/\/www.greenpeace.org\/static\/planet4-czech-republic-stateless\/2023\/08\/249b60ca-20230812_122642-1024x768.jpg\" alt=\"\" class=\"wp-image-19287\" srcset=\"https:\/\/www.greenpeace.org\/static\/planet4-czech-republic-stateless\/2023\/08\/249b60ca-20230812_122642-1024x768.jpg 1024w, https:\/\/www.greenpeace.org\/static\/planet4-czech-republic-stateless\/2023\/08\/249b60ca-20230812_122642-300x225.jpg 300w, https:\/\/www.greenpeace.org\/static\/planet4-czech-republic-stateless\/2023\/08\/249b60ca-20230812_122642-768x576.jpg 768w, https:\/\/www.greenpeace.org\/static\/planet4-czech-republic-stateless\/2023\/08\/249b60ca-20230812_122642-1536x1152.jpg 1536w, https:\/\/www.greenpeace.org\/static\/planet4-czech-republic-stateless\/2023\/08\/249b60ca-20230812_122642-2048x1536.jpg 2048w, https:\/\/www.greenpeace.org\/static\/planet4-czech-republic-stateless\/2023\/08\/249b60ca-20230812_122642-1821x1366.jpg 1821w, https:\/\/www.greenpeace.org\/static\/planet4-czech-republic-stateless\/2023\/08\/249b60ca-20230812_122642-453x340.jpg 453w\" sizes=\"auto, (max-width: 1024px) 100vw, 1024px\" \/><\/figure>\n","protected":false},"excerpt":{"rendered":"<p>Zahide Tu\u011fba \u015eenterzi byla od mlada p\u0159ipravovan\u00e1 na pr\u00e1ci v diplomacii, ale p\u0159irozen\u011b j\u00ed to t\u00e1hlo k neziskov\u00e9mu sektoru v oblasti lidsk\u00fdch pr\u00e1v a humanit\u00e1rn\u00ed pomoci, kde tak\u00e9 za\u010dala svou&hellip;<\/p>\n","protected":false},"author":74,"featured_media":19195,"comment_status":"open","ping_status":"closed","sticky":false,"template":"","format":"standard","meta":{"ep_exclude_from_search":false,"p4_og_title":"","p4_og_description":"","p4_og_image":"","p4_og_image_id":"","p4_seo_canonical_url":"","p4_campaign_name":"","p4_local_project":"","p4_basket_name":"","p4_department":"","footnotes":""},"categories":[30],"tags":[31],"p4-page-type":[16],"class_list":["post-19177","post","type-post","status-publish","format-standard","has-post-thumbnail","hentry","category-greenpeace","tag-o-nas","p4-page-type-clanek"],"_links":{"self":[{"href":"https:\/\/www.greenpeace.org\/czech\/wp-json\/wp\/v2\/posts\/19177","targetHints":{"allow":["GET"]}}],"collection":[{"href":"https:\/\/www.greenpeace.org\/czech\/wp-json\/wp\/v2\/posts"}],"about":[{"href":"https:\/\/www.greenpeace.org\/czech\/wp-json\/wp\/v2\/types\/post"}],"author":[{"embeddable":true,"href":"https:\/\/www.greenpeace.org\/czech\/wp-json\/wp\/v2\/users\/74"}],"replies":[{"embeddable":true,"href":"https:\/\/www.greenpeace.org\/czech\/wp-json\/wp\/v2\/comments?post=19177"}],"version-history":[{"count":7,"href":"https:\/\/www.greenpeace.org\/czech\/wp-json\/wp\/v2\/posts\/19177\/revisions"}],"predecessor-version":[{"id":19288,"href":"https:\/\/www.greenpeace.org\/czech\/wp-json\/wp\/v2\/posts\/19177\/revisions\/19288"}],"wp:featuredmedia":[{"embeddable":true,"href":"https:\/\/www.greenpeace.org\/czech\/wp-json\/wp\/v2\/media\/19195"}],"wp:attachment":[{"href":"https:\/\/www.greenpeace.org\/czech\/wp-json\/wp\/v2\/media?parent=19177"}],"wp:term":[{"taxonomy":"category","embeddable":true,"href":"https:\/\/www.greenpeace.org\/czech\/wp-json\/wp\/v2\/categories?post=19177"},{"taxonomy":"post_tag","embeddable":true,"href":"https:\/\/www.greenpeace.org\/czech\/wp-json\/wp\/v2\/tags?post=19177"},{"taxonomy":"p4-page-type","embeddable":true,"href":"https:\/\/www.greenpeace.org\/czech\/wp-json\/wp\/v2\/p4-page-type?post=19177"}],"curies":[{"name":"wp","href":"https:\/\/api.w.org\/{rel}","templated":true}]}}