{"id":19202,"date":"2023-08-01T15:50:38","date_gmt":"2023-08-01T14:50:38","guid":{"rendered":"https:\/\/www.greenpeace.org\/czech\/?p=19202"},"modified":"2023-08-01T15:50:43","modified_gmt":"2023-08-01T14:50:43","slug":"lide-budou-moci-i-nadale-chodit-do-krusnohorskych-lesu","status":"publish","type":"post","link":"https:\/\/www.greenpeace.org\/czech\/clanek\/19202\/lide-budou-moci-i-nadale-chodit-do-krusnohorskych-lesu\/","title":{"rendered":"Lid\u00e9 budou moci i nad\u00e1le chodit do kru\u0161nohorsk\u00fdch les\u016f"},"content":{"rendered":"\n<p><strong>Po na\u0161em zve\u0159ejn\u011bn\u00ed informace, \u017ee Lesy \u010cR pl\u00e1nuj\u00ed po\u017eadovat z\u00e1kaz vstupu do kru\u0161nohorsk\u00fdch les\u016f, do\u0161lo k pr\u016flomu a Lesy \u010cR od sv\u00e9ho z\u00e1m\u011bru ustoupily.\u00a0<\/strong><\/p>\n\t\t\t<section\n\t\t\tclass=\"boxout post-18777 \"\n\t\t\t\n\t\t>\n\t\t\t<a\n\t\t\t\tdata-ga-category=\"Take Action Boxout\"\n\t\t\t\tdata-ga-action=\"Image\"\n\t\t\t\tdata-ga-label=\"n\/a\"\n\t\t\t\tclass=\"cover-card-overlay\"\n\t\t\t\thref=\"https:\/\/www.greenpeace.org\/czech\/zapoj-se\/zachranme-prirodu\/\" \n\t\t\t><\/a>\n\t\t\t\t\t\t\t<img\n\t\t\t\t\t\tsrc=\"https:\/\/www.greenpeace.org\/static\/planet4-czech-republic-stateless\/2024\/03\/d77775ba-p4-zapoj-se--1024x768.png\"\n\t\t\t\t\t\tsrcset=\"https:\/\/www.greenpeace.org\/static\/planet4-czech-republic-stateless\/2024\/03\/d77775ba-p4-zapoj-se--300x225.png 300w, https:\/\/www.greenpeace.org\/static\/planet4-czech-republic-stateless\/2024\/03\/d77775ba-p4-zapoj-se--1024x768.png 1024w, https:\/\/www.greenpeace.org\/static\/planet4-czech-republic-stateless\/2024\/03\/d77775ba-p4-zapoj-se--768x576.png 768w, https:\/\/www.greenpeace.org\/static\/planet4-czech-republic-stateless\/2024\/03\/d77775ba-p4-zapoj-se--453x340.png 453w, https:\/\/www.greenpeace.org\/static\/planet4-czech-republic-stateless\/2024\/03\/d77775ba-p4-zapoj-se-.png 1500w\"\n\t\t\t\t\t\tsizes=\"(min-width: 1000px) 358px, (min-width: 780px) 313px, 88px\"\n\t\t\t\t\t\talt=\"\" title=\"\"\n\t\t\t\t\/>\n            \t\t\t<div class=\"boxout-content\">\n\t\t\t\t\t\t\t\t\t<a\n\t\t\t\t\t\tclass=\"boxout-heading medium\"\n\t\t\t\t\t\tdata-ga-category=\"Take Action Boxout\"\n\t\t\t\t\t\tdata-ga-action=\"Title\"\n\t\t\t\t\t\tdata-ga-label=\"n\/a\"\n\t\t\t\t\t\thref=\"https:\/\/www.greenpeace.org\/czech\/zapoj-se\/zachranme-prirodu\/\"\n\t\t\t\t\t\t\n\t\t\t\t\t>\n\t\t\t\t\t\tZachra\u0148me p\u0159\u00edrodu\n\t\t\t\t\t<\/a>\n\t\t\t\t\t\t\t\t\t\t\t\t\t<p class=\"boxout-excerpt\">Zastavme drastick\u00e9 vym\u00edr\u00e1n\u00ed rostlin i zv\u00ed\u0159at. Ochrana a obnova p\u0159\u00edrody jsou kl\u00ed\u010dov\u00e9 i pro na\u0161e p\u0159e\u017eit\u00ed.<\/p>\n\t\t\t\t                                    <a\n                        class=\"btn btn-primary\"\n                        data-ga-category=\"Take Action Boxout\"\n                        data-ga-action=\"Call to Action\"\n                        data-ga-label=\"n\/a\"\n                        href=\"https:\/\/www.greenpeace.org\/czech\/zapoj-se\/zachranme-prirodu\/\"\n                        \n                    >\n                        Jdu do toho\n                    <\/a>\n                \t\t\t<\/div>\n\t\t\t\t\t<\/section>\n\t\n<p>Jedn\u00e1 se o bu\u010diny star\u0161\u00ed 120 let, kter\u00e9 se nach\u00e1z\u00ed v evropsky v\u00fdznamn\u00e9 lokalit\u011b V\u00fdchodn\u00ed Kru\u0161noho\u0159\u00ed a v nich\u017e chce \u00dasteck\u00fd kraj zastavit k\u00e1cen\u00ed. Lesy \u010cR od\u016fvod\u0148ovaly po\u017eadavek z\u00e1kazu \u00fadajn\u00fdm nebezpe\u010d\u00edm, kter\u00e9 podle nich hroz\u00ed od p\u00e1du strom\u016f, a zaslaly sv\u016fj pl\u00e1n po\u017eadovat z\u00e1kaz vstupu dopisem obc\u00edm v kraji. Podle n\u00e1s se jednalo o nem\u00edstn\u00fd n\u00e1tlak, kter\u00fdm firma cht\u011bla dos\u00e1hnout, aby z\u00e1kaz k\u00e1cen\u00ed nebyl p\u0159ijat. Nebezpe\u010dn\u00e9 stromy nap\u0159\u00edklad v bl\u00edzkosti zna\u010den\u00fdch cest lze p\u0159itom k\u00e1cet v\u017edy.&nbsp;<\/p>\n\n<p>Po na\u0161em zve\u0159ejn\u011bn\u00ed situace, byla kauza prob\u00edran\u00e1 v m\u00e9di\u00edch a po\u017eadovan\u00fd z\u00e1kaz vstupu do lesa jsme kritizovali nejen my, ale tak\u00e9 n\u011bkte\u0159\u00ed m\u00edstn\u00ed politici. N\u00e1sledn\u011b ministr zem\u011bd\u011blstv\u00ed Marek V\u00fdborn\u00fd po\u017e\u00e1dal Lesy \u010cR, aby z\u00e1kaz vstupu nevy\u017eadovaly. Sv\u016fj po\u017eadavek zve\u0159ejnil mimo jin\u00e9 na Twitteru.<\/p>\n\n<figure class=\"wp-block-image size-large\"><img loading=\"lazy\" decoding=\"async\" width=\"1024\" height=\"768\" src=\"https:\/\/www.greenpeace.org\/static\/planet4-czech-republic-stateless\/2023\/08\/f5238a27-my-jsme-priroda-1024x768.jpg\" alt=\"\" class=\"wp-image-19203\" srcset=\"https:\/\/www.greenpeace.org\/static\/planet4-czech-republic-stateless\/2023\/08\/f5238a27-my-jsme-priroda-1024x768.jpg 1024w, https:\/\/www.greenpeace.org\/static\/planet4-czech-republic-stateless\/2023\/08\/f5238a27-my-jsme-priroda-300x225.jpg 300w, https:\/\/www.greenpeace.org\/static\/planet4-czech-republic-stateless\/2023\/08\/f5238a27-my-jsme-priroda-768x576.jpg 768w, https:\/\/www.greenpeace.org\/static\/planet4-czech-republic-stateless\/2023\/08\/f5238a27-my-jsme-priroda-453x340.jpg 453w, https:\/\/www.greenpeace.org\/static\/planet4-czech-republic-stateless\/2023\/08\/f5238a27-my-jsme-priroda.jpg 1200w\" sizes=\"auto, (max-width: 1024px) 100vw, 1024px\" \/><\/figure>\n\n<p>Lesy \u010cR n\u00e1sledn\u011b p\u0159i\u0161ly s prohl\u00e1\u0161en\u00edm, \u017ee se zat\u00edm nebudou sna\u017eit prosazovat z\u00e1kaz vstup\u016f do lesa, pokud jim krajsk\u00fd \u00fa\u0159ad zak\u00e1\u017ee k\u00e1cen\u00ed porost\u016f star\u0161\u00edch 120 let. Pro\u010d u\u017e o z\u00e1kaz vstupu do les\u016f nyn\u00ed neusiluj\u00ed, nevysv\u011btlily podrobn\u011bji, ale jedin\u00fdm zd\u016fvodn\u011bn\u00edm, kter\u00e9 nab\u00eddly, byl po\u017eadavek ministra zem\u011bd\u011blstv\u00ed.<\/p>\n\n<p>&nbsp;Z\u00e1sah nov\u00e9ho ministra zem\u011bd\u011blstv\u00ed i Rozhodnut\u00ed Les\u016f \u010cR v\u00edt\u00e1me, i kdy\u017e toto rychl\u00e9 sta\u017een\u00ed z\u00e1m\u011bru ukazuje absurditu cel\u00e9ho n\u00e1padu. Potvrzuje se, \u017ee z\u00e1kaz rozhodn\u011b nen\u00ed pot\u0159eba. Ochrana p\u0159\u00edrody a vyu\u017e\u00edv\u00e1n\u00ed les\u016f k proch\u00e1zk\u00e1m \u010di tr\u00e1ven\u00ed voln\u00e9ho \u010dasu nejsou nijak v rozporu.&nbsp;<\/p>\n\n<p><strong>I p\u0159es pozitivn\u00ed v\u00fdvoj v t\u00e9to konkr\u00e9tn\u00ed situaci nesm\u00edme zapomenout na dal\u0161\u00ed d\u016fle\u017eit\u00e9 kroky v ochran\u011b p\u0159\u00edrody a star\u00fdch les\u016f.<\/strong> V \u00dasteck\u00e9m kraji prob\u00edh\u00e1 celkem 13 \u0159\u00edzen\u00ed o z\u00e1kazu k\u00e1cen\u00ed les\u016f nad 120 let v r\u00e1mci r\u016fzn\u00fdch m\u00edst Evropsky v\u00fdznamn\u00e9 lokality V\u00fdchodn\u00ed Kru\u0161noho\u0159\u00ed. Douf\u00e1me, \u017ee ve prosp\u011bch ochrany p\u0159\u00edrody rozhodne ve v\u0161ech t\u011bchto \u0159\u00edzen\u00edch a k\u00e1cen\u00ed bude skute\u010dn\u011b omezeno, aby se zabr\u00e1nilo nevratn\u00e9mu po\u0161kozen\u00ed t\u011bchto vz\u00e1cn\u00fdch les\u016f. Nen\u00ed to jen z\u00e1le\u017eitost\u00ed jednoho regionu, ale cel\u00e9ho \u00fasil\u00ed o ochranu star\u00fdch les\u016f v cel\u00e9 republice.<\/p>\n\n<p><strong>Z hlediska ochrany star\u00fdch les\u016f v cel\u00e9 republice douf\u00e1me, \u017ee ministr zem\u011bd\u011blstv\u00ed podpo\u0159\u00ed i snahy o ochranu star\u00fdch les\u016f, kter\u00e9 se nyn\u00ed bohu\u017eel ve v\u011bt\u0161\u00ed m\u00ed\u0159e k\u00e1c\u00ed po cel\u00e9 \u010cesk\u00e9 republice. Pro zastaven\u00ed k\u00e1cen\u00ed ve star\u00fdch les\u00edch vlastn\u011bn\u00fdch st\u00e1tem p\u0159itom sta\u010d\u00ed pr\u00e1v\u011b rozhodnut\u00ed ministerstva zem\u011bd\u011blstv\u00ed.<\/strong><\/p>\n\n<p>Na\u0161i v\u00fdzvu Nek\u00e1cejte! za ochranu\u00a0 star\u00fdch les\u016f podepsalo u\u017e 16 tis\u00edc lid\u00ed a my jim za to moc d\u011bkujeme. V\u011b\u0159\u00edme, \u017ee spole\u010dn\u011b se n\u00e1m poda\u0159\u00ed star\u00e9 lesy ochr\u00e1nit a zachovat i pro p\u0159\u00ed\u0161t\u00ed generace. Pokud i ty chce\u0161 pomoci, nev\u00e1hej! P\u0159idej sv\u016fj podpis a vyzvi ministra zem\u011bd\u011blstv\u00ed, a\u0165 zastav\u00ed k\u00e1cen\u00ed star\u00fdch les\u016f.\u00a0\u00a0\u00a0<\/p>\n\n<div class=\"wp-block-buttons is-content-justification-center is-layout-flex wp-container-core-buttons-is-layout-16018d1d wp-block-buttons-is-layout-flex\">\n<div class=\"wp-block-button is-style-cta\"><a class=\"wp-block-button__link wp-element-button\" href=\"https:\/\/www.nekacejte.cz\/\">Podepsat v\u00fdzvu<\/a><\/div>\n<\/div>\n","protected":false},"excerpt":{"rendered":"<p>Po na\u0161em zve\u0159ejn\u011bn\u00ed informace, \u017ee Lesy \u010cR pl\u00e1nuj\u00ed po\u017eadovat z\u00e1kaz vstupu do kru\u0161nohorsk\u00fdch les\u016f, do\u0161lo k pr\u016flomu a Lesy \u010cR od sv\u00e9ho z\u00e1m\u011bru ustoupily.\u00a0<\/p>\n","protected":false},"author":38,"featured_media":19203,"comment_status":"open","ping_status":"closed","sticky":false,"template":"","format":"standard","meta":{"ep_exclude_from_search":false,"p4_og_title":"","p4_og_description":"","p4_og_image":"","p4_og_image_id":"","p4_seo_canonical_url":"","p4_campaign_name":"","p4_local_project":"","p4_basket_name":"","p4_department":"","footnotes":""},"categories":[2],"tags":[17],"p4-page-type":[16],"class_list":["post-19202","post","type-post","status-publish","format-standard","has-post-thumbnail","hentry","category-priroda","tag-lesy-pralesy","p4-page-type-clanek"],"_links":{"self":[{"href":"https:\/\/www.greenpeace.org\/czech\/wp-json\/wp\/v2\/posts\/19202","targetHints":{"allow":["GET"]}}],"collection":[{"href":"https:\/\/www.greenpeace.org\/czech\/wp-json\/wp\/v2\/posts"}],"about":[{"href":"https:\/\/www.greenpeace.org\/czech\/wp-json\/wp\/v2\/types\/post"}],"author":[{"embeddable":true,"href":"https:\/\/www.greenpeace.org\/czech\/wp-json\/wp\/v2\/users\/38"}],"replies":[{"embeddable":true,"href":"https:\/\/www.greenpeace.org\/czech\/wp-json\/wp\/v2\/comments?post=19202"}],"version-history":[{"count":1,"href":"https:\/\/www.greenpeace.org\/czech\/wp-json\/wp\/v2\/posts\/19202\/revisions"}],"predecessor-version":[{"id":19204,"href":"https:\/\/www.greenpeace.org\/czech\/wp-json\/wp\/v2\/posts\/19202\/revisions\/19204"}],"wp:featuredmedia":[{"embeddable":true,"href":"https:\/\/www.greenpeace.org\/czech\/wp-json\/wp\/v2\/media\/19203"}],"wp:attachment":[{"href":"https:\/\/www.greenpeace.org\/czech\/wp-json\/wp\/v2\/media?parent=19202"}],"wp:term":[{"taxonomy":"category","embeddable":true,"href":"https:\/\/www.greenpeace.org\/czech\/wp-json\/wp\/v2\/categories?post=19202"},{"taxonomy":"post_tag","embeddable":true,"href":"https:\/\/www.greenpeace.org\/czech\/wp-json\/wp\/v2\/tags?post=19202"},{"taxonomy":"p4-page-type","embeddable":true,"href":"https:\/\/www.greenpeace.org\/czech\/wp-json\/wp\/v2\/p4-page-type?post=19202"}],"curies":[{"name":"wp","href":"https:\/\/api.w.org\/{rel}","templated":true}]}}