{"id":19253,"date":"2023-08-10T16:07:16","date_gmt":"2023-08-10T15:07:16","guid":{"rendered":"https:\/\/www.greenpeace.org\/czech\/?p=19253"},"modified":"2023-08-10T16:12:00","modified_gmt":"2023-08-10T15:12:00","slug":"prichazi-konec-kaceni-v-nejstarsich-lesich-krusnych-hor","status":"publish","type":"post","link":"https:\/\/www.greenpeace.org\/czech\/clanek\/19253\/prichazi-konec-kaceni-v-nejstarsich-lesich-krusnych-hor\/","title":{"rendered":"P\u0159ich\u00e1z\u00ed konec k\u00e1cen\u00ed v nejstar\u0161\u00edch les\u00edch Kru\u0161n\u00fdch hor"},"content":{"rendered":"\n<p><strong>Na\u0161e dlouhodob\u00e1 kampa\u0148 za z\u00e1chranu star\u00fdch les\u016f slav\u00ed d\u00edl\u010d\u00ed \u00fasp\u011bch. Jedn\u00e1 se jen o malou \u010d\u00e1st vz\u00e1cn\u00fdch star\u00fdch les\u016f, ale je to krok kup\u0159edu. Krajsk\u00fd \u00fa\u0159ad zp\u0159\u00edsnil ochranu vz\u00e1cn\u00fdch bu\u010din.&nbsp;<\/strong><\/p>\n\t\t\t<section\n\t\t\tclass=\"boxout post-10416 \"\n\t\t\t\n\t\t>\n\t\t\t<a\n\t\t\t\tdata-ga-category=\"Take Action Boxout\"\n\t\t\t\tdata-ga-action=\"Image\"\n\t\t\t\tdata-ga-label=\"n\/a\"\n\t\t\t\tclass=\"cover-card-overlay\"\n\t\t\t\thref=\"https:\/\/www.greenpeace.org\/czech\/zapoj-se\/chci-darovat\/\" \n\t\t\t><\/a>\n\t\t\t\t\t\t\t<img\n\t\t\t\t\t\tsrc=\"https:\/\/www.greenpeace.org\/static\/planet4-czech-republic-stateless\/2018\/10\/ffaf7454-darovat_529502848-e1539865709712-1024x703.jpg\"\n\t\t\t\t\t\tsrcset=\"https:\/\/www.greenpeace.org\/static\/planet4-czech-republic-stateless\/2018\/10\/ffaf7454-darovat_529502848-e1539865709712-300x206.jpg 300w, https:\/\/www.greenpeace.org\/static\/planet4-czech-republic-stateless\/2018\/10\/ffaf7454-darovat_529502848-e1539865709712-768x528.jpg 768w, https:\/\/www.greenpeace.org\/static\/planet4-czech-republic-stateless\/2018\/10\/ffaf7454-darovat_529502848-e1539865709712-1024x703.jpg 1024w, https:\/\/www.greenpeace.org\/static\/planet4-czech-republic-stateless\/2018\/10\/ffaf7454-darovat_529502848-e1539865709712-1989x1366.jpg 1989w, https:\/\/www.greenpeace.org\/static\/planet4-czech-republic-stateless\/2018\/10\/ffaf7454-darovat_529502848-e1539865709712-495x340.jpg 495w\"\n\t\t\t\t\t\tsizes=\"(min-width: 1000px) 358px, (min-width: 780px) 313px, 88px\"\n\t\t\t\t\t\talt=\"\" title=\"\"\n\t\t\t\t\/>\n            \t\t\t<div class=\"boxout-content\">\n\t\t\t\t\t\t\t\t\t<a\n\t\t\t\t\t\tclass=\"boxout-heading medium\"\n\t\t\t\t\t\tdata-ga-category=\"Take Action Boxout\"\n\t\t\t\t\t\tdata-ga-action=\"Title\"\n\t\t\t\t\t\tdata-ga-label=\"n\/a\"\n\t\t\t\t\t\thref=\"https:\/\/www.greenpeace.org\/czech\/zapoj-se\/chci-darovat\/\"\n\t\t\t\t\t\t\n\t\t\t\t\t>\n\t\t\t\t\t\tChci darovat\n\t\t\t\t\t<\/a>\n\t\t\t\t\t\t\t\t\t\t\t\t\t<p class=\"boxout-excerpt\">P\u0159idej se k hnut\u00ed mili\u00f3n\u016f lid\u00ed z cel\u00e9ho sv\u011bta. Jen spole\u010dn\u011b m\u016f\u017eeme prosadit skute\u010dnou zm\u011bnu a zachr\u00e1nit to, co z p\u0159\u00edrody je\u0161t\u011b zb\u00fdv\u00e1.<\/p>\n\t\t\t\t                                    <a\n                        class=\"btn btn-primary\"\n                        data-ga-category=\"Take Action Boxout\"\n                        data-ga-action=\"Call to Action\"\n                        data-ga-label=\"n\/a\"\n                        href=\"https:\/\/www.greenpeace.org\/czech\/zapoj-se\/chci-darovat\/\"\n                        \n                    >\n                        Jdu do toho\n                    <\/a>\n                \t\t\t<\/div>\n\t\t\t\t\t<\/section>\n\t\n<p>Krajsk\u00fd \u00fa\u0159ad \u00dasteck\u00e9ho kraje ji\u017e rozhodl v 8 z <a href=\"https:\/\/www.greenpeace.org\/czech\/clanek\/18928\/pozde-ale-prece-ustecky-urad-zahajil-radu-rizeni-ktere-maji-zajistit-ochranu-starych-lesu-v-krusnych-horach\/\">12 \u0159\u00edzen\u00ed, kter\u00e1 spustil v kv\u011btnu<\/a> a zak\u00e1zal k\u00e1cen\u00ed v lesn\u00edch porostech star\u0161\u00edch 120 let. <strong>Nov\u011b bude p\u0159\u00edsn\u011b chr\u00e1n\u011bno <\/strong><strong>466,92<\/strong><strong> hektar\u016f star\u00fdch les\u016f. <\/strong>Ji\u017e d\u0159\u00edve rozhodl \u00fa\u0159ad <a href=\"https:\/\/www.seznamzpravy.cz\/clanek\/regiony-zpravy-ustecky-kraj-ustecky-kraj-omezil-kaceni-v-krusnohori-greenpeace-zada-jeste-prisnejsi-postup-211881\">o ochran\u011b star\u00fdch les\u016f tak\u00e9 v okol\u00ed Litv\u00ednova<\/a>. Toto rozhodnut\u00ed navazuje na smluvn\u00ed ochranu dojednanou mezi krajem a firmou I.H.Farm vlastn\u011bnou firmou uhlobarona Tyka\u010de, kter\u00e1 po na\u0161\u00ed kampani kone\u010dn\u011b zaji\u0161\u0165uje bezz\u00e1sahovost 200 hektar\u016f a \u0161etrn\u00e9 hospoda\u0159en\u00ed v dal\u0161\u00edch 400 hektarech vz\u00e1cn\u00fdch bu\u010din.<\/p>\n\n<figure class=\"wp-block-image size-large\"><img loading=\"lazy\" decoding=\"async\" width=\"1024\" height=\"683\" src=\"https:\/\/www.greenpeace.org\/static\/planet4-czech-republic-stateless\/2023\/08\/620bf5b4-p4-clanek-omezeni-kaceni--1024x683.png\" alt=\"\" class=\"wp-image-19254\" srcset=\"https:\/\/www.greenpeace.org\/static\/planet4-czech-republic-stateless\/2023\/08\/620bf5b4-p4-clanek-omezeni-kaceni--1024x683.png 1024w, https:\/\/www.greenpeace.org\/static\/planet4-czech-republic-stateless\/2023\/08\/620bf5b4-p4-clanek-omezeni-kaceni--300x200.png 300w, https:\/\/www.greenpeace.org\/static\/planet4-czech-republic-stateless\/2023\/08\/620bf5b4-p4-clanek-omezeni-kaceni--768x512.png 768w, https:\/\/www.greenpeace.org\/static\/planet4-czech-republic-stateless\/2023\/08\/620bf5b4-p4-clanek-omezeni-kaceni--510x340.png 510w, https:\/\/www.greenpeace.org\/static\/planet4-czech-republic-stateless\/2023\/08\/620bf5b4-p4-clanek-omezeni-kaceni-.png 1200w\" sizes=\"auto, (max-width: 1024px) 100vw, 1024px\" \/><\/figure>\n\n<p>Nov\u00e1 rozhodnut\u00ed o z\u00e1kazu k\u00e1cen\u00ed se t\u00fdkaj\u00ed lesn\u00edch hospod\u00e1\u0159sk\u00fdch celk\u016f Bohosudov, Most, Mikulov, Krupka, Hrob, Jirkov, Blatno a Bolebo\u0159, v p\u0159\u00edpad\u011b celk\u016f Libouchec, St\u0159ekov, Lesy Sever (u Dub\u00ed) a Mari\u00e1nsk\u00e9 \u00dadol\u00ed by m\u011bl \u00fa\u0159ad je\u0161t\u011b rozhodnout, a to podle sv\u00e9ho vyj\u00e1d\u0159en\u00ed p\u0159\u00ed\u0161t\u00ed t\u00fdden. Ji\u017e d\u0159\u00edve \u00fa\u0159ad omezil <a href=\"https:\/\/www.seznamzpravy.cz\/clanek\/regiony-zpravy-ustecky-kraj-ustecky-kraj-omezil-kaceni-v-krusnohori-greenpeace-zada-jeste-prisnejsi-postup-211881\">pl\u00e1novan\u00e9 k\u00e1cen\u00ed v okol\u00ed Litv\u00ednova st\u00e1tn\u00ed firm\u011b Lesy \u010cR<\/a>, ta se <a href=\"https:\/\/www.greenpeace.org\/czech\/tiskova-zprava\/17589\/lesy-cr-se-odvolaly-proti-omezeni-tezby-v-bucinach-v-krusnych-horach-greenpeace-zada-dalsi-zprisneni\/\">proti rozhodnut\u00ed odvolala<\/a> k ministerstvu \u017eivotn\u00edho prost\u0159ed\u00ed, proto\u017ee chce k\u00e1cet v p\u016fvodn\u00edm rozsahu.&nbsp;<\/p>\n\n<p><strong>Jsme r\u00e1di, \u017ee kraj podpo\u0159il ochranu p\u0159\u00edrody a biodiverzity pro n\u00e1s v\u0161echny, nam\u00edsto finan\u010dn\u00edho zisku pro jednotlivce.<\/strong> Krajsk\u00fd \u00fa\u0159ad kone\u010dn\u011b podnik\u00e1 aktivn\u00ed kroky na ochranu kru\u0161nohorsk\u00fdch les\u016f, kter\u00e9 se v posledn\u00edch letech masivn\u011b k\u00e1c\u00ed a hrozilo jim po\u0161kozen\u00ed a\u017e zni\u010den\u00ed. Krajsk\u00fd \u00fa\u0159ad v tomto smyslu akceptoval na\u0161e vyj\u00e1d\u0159en\u00ed, p\u0159idal se k nim a za\u010dal se ob\u00e1vat p\u0159\u00edli\u0161n\u00e9ho po\u0161kozen\u00ed bu\u010din. Douf\u00e1me, \u017ee majitel\u00e9 les\u016f ochranu vz\u00e1cn\u00fdch les\u016f podpo\u0159\u00ed a proti rozhodnut\u00ed se nebudou odvol\u00e1vat. Rozhodn\u011b budou m\u00edt mo\u017enost hospoda\u0159it na naprost\u00e9 v\u011bt\u0161in\u011b sv\u00fdch pozemk\u016f, na kter\u00fdch se star\u00e9 lesy nenach\u00e1z\u00ed a z\u00e1kaz se jich tak net\u00fdk\u00e1.&nbsp;<\/p>\n\n<figure class=\"wp-block-image size-large\"><img loading=\"lazy\" decoding=\"async\" width=\"1024\" height=\"768\" src=\"https:\/\/www.greenpeace.org\/static\/planet4-czech-republic-stateless\/2023\/08\/7fa9e7c0-p4-clanekk-1024x768.jpg\" alt=\"\" class=\"wp-image-19255\" srcset=\"https:\/\/www.greenpeace.org\/static\/planet4-czech-republic-stateless\/2023\/08\/7fa9e7c0-p4-clanekk-1024x768.jpg 1024w, https:\/\/www.greenpeace.org\/static\/planet4-czech-republic-stateless\/2023\/08\/7fa9e7c0-p4-clanekk-300x225.jpg 300w, https:\/\/www.greenpeace.org\/static\/planet4-czech-republic-stateless\/2023\/08\/7fa9e7c0-p4-clanekk-768x576.jpg 768w, https:\/\/www.greenpeace.org\/static\/planet4-czech-republic-stateless\/2023\/08\/7fa9e7c0-p4-clanekk-453x340.jpg 453w, https:\/\/www.greenpeace.org\/static\/planet4-czech-republic-stateless\/2023\/08\/7fa9e7c0-p4-clanekk.jpg 1200w\" sizes=\"auto, (max-width: 1024px) 100vw, 1024px\" \/><\/figure>\n\n<p>Te\u010f je z\u00e1sadn\u00ed, aby bylo o z\u00e1kazu t\u011b\u017eby star\u00fdch porost\u016f rozhodnuto i v dal\u0161\u00edch oblastech Kru\u0161n\u00fdch hor. P\u0159esto\u017ee \u00dasteck\u00fd kraj nyn\u00ed zlep\u0161il ochranu star\u00fdch les\u016f v Kru\u0161n\u00fdch hor\u00e1ch, po\u0159\u00e1d jde jen o do\u010dasn\u00e9 opat\u0159en\u00ed, proto\u017ee plat\u00ed pouze do konce platnosti p\u0159\u00edslu\u0161n\u00fdch lesn\u00edch hospod\u00e1\u0159sk\u00fdch pl\u00e1n\u016f, tedy v\u011bt\u0161inou do roku 2030. <strong>Z\u00e1rove\u0148 se p\u0159\u00edsn\u011bj\u0161\u00ed ochrana t\u00fdk\u00e1 zat\u00edm jen zlomku z celkov\u00e9 rozlohy kru\u0161nohorsk\u00fdch bu\u010din, kter\u00e1 \u010din\u00ed zhruba 8000 hektar\u016f, a chr\u00e1n\u011bn\u00e1 \u00fazem\u00ed jsou fragmentovan\u00e1.<\/strong> D\u00edky z\u00e1kazu k\u00e1cen\u00ed nejstar\u0161\u00edch porost\u016f bu\u010din na n\u011bkolik let z\u00edsk\u00e1v\u00e1 vl\u00e1da \u010das zajistit jejich komplexn\u011bj\u0161\u00ed ochranu vyhl\u00e1\u0161en\u00edm CHKO s dostate\u010dnou rozlohou bezz\u00e1sahov\u00fdch a chr\u00e1n\u011bn\u00fdch \u00fazem\u00ed pokr\u00fdvaj\u00edc\u00edch lesy v\u0161ech v\u011bkov\u00fdch struktur.<\/p>\n\n<p>V sou\u010dasn\u00e9 dob\u011b se k\u00e1c\u00ed star\u00e9 lesy nejen v Kru\u0161n\u00fdch hor\u00e1ch, ale tak\u00e9 <a href=\"https:\/\/vyskovsky.denik.cz\/zpravy_region\/kaceni-zdanicky-les-chriby-holosece-lesy-cr-snovidky-grolich-rajchmanova.html\">nap\u0159\u00edklad \u017dd\u00e1nick\u00fd les<\/a> na ji\u017en\u00ed Morav\u011b.<strong> Na\u0161e kampa\u0148 je proto za okam\u017eit\u00e9 omezen\u00ed k\u00e1cen\u00ed ve v\u0161ech les\u00edch star\u0161\u00edch 120 let. Po Ministerstvu zem\u011bd\u011blstv\u00ed a po st\u00e1tn\u00ed firm\u011b Lesy \u010cR po\u017eadujeme, aby p\u0159estaly s k\u00e1cen\u00edm a ne\u0161etrn\u00fdm managementem ve star\u00fdch les\u00edch ve vlastnictv\u00ed st\u00e1tu.<\/strong> Z\u00e1rove\u0148 by vl\u00e1da m\u011bla p\u0159ipravit opat\u0159en\u00ed, kter\u00e1 zamez\u00ed ni\u010den\u00ed les\u016f i dal\u0161\u00edm vlastn\u00edk\u016fm. V\u00fdzvu <a href=\"http:\/\/nekcejte.cz\">Nek\u00e1cejte.cz<\/a> nyn\u00ed podepsalo ji\u017e p\u0159es 16 tis\u00edc lid\u00ed a my ka\u017ed\u00e9mu d\u011bkujeme. Jen spole\u010dn\u011b m\u016f\u017eeme dok\u00e1zat k\u00e1cen\u00ed unik\u00e1tn\u00edch star\u00fdch les\u016f zastavit a zachovat tak \u017eivot v nich i pro dal\u0161\u00ed generace.<\/p>\n\n<div class=\"wp-block-buttons is-content-justification-center is-layout-flex wp-container-core-buttons-is-layout-16018d1d wp-block-buttons-is-layout-flex\">\n<div class=\"wp-block-button is-style-cta\"><a class=\"wp-block-button__link wp-element-button\" href=\"https:\/\/www.nekacejte.cz\/\">Podepsat v\u00fdzvu Nek\u00e1cejte!<\/a><\/div>\n<\/div>\n","protected":false},"excerpt":{"rendered":"<p>Na\u0161e dlouhodob\u00e1 kampa\u0148 za z\u00e1chranu star\u00fdch les\u016f slav\u00ed d\u00edl\u010d\u00ed \u00fasp\u011bch. Jedn\u00e1 se jen o malou \u010d\u00e1st vz\u00e1cn\u00fdch star\u00fdch les\u016f, ale je to krok kup\u0159edu. Krajsk\u00fd \u00fa\u0159ad zp\u0159\u00edsnil ochranu vz\u00e1cn\u00fdch bu\u010din.&nbsp;<\/p>\n","protected":false},"author":38,"featured_media":19256,"comment_status":"open","ping_status":"closed","sticky":false,"template":"","format":"standard","meta":{"ep_exclude_from_search":false,"p4_og_title":"","p4_og_description":"","p4_og_image":"","p4_og_image_id":"","p4_seo_canonical_url":"","p4_campaign_name":"","p4_local_project":"","p4_basket_name":"","p4_department":"","footnotes":""},"categories":[2],"tags":[17,28],"p4-page-type":[16],"class_list":["post-19253","post","type-post","status-publish","format-standard","has-post-thumbnail","hentry","category-priroda","tag-lesy-pralesy","tag-uspechy","p4-page-type-clanek"],"_links":{"self":[{"href":"https:\/\/www.greenpeace.org\/czech\/wp-json\/wp\/v2\/posts\/19253","targetHints":{"allow":["GET"]}}],"collection":[{"href":"https:\/\/www.greenpeace.org\/czech\/wp-json\/wp\/v2\/posts"}],"about":[{"href":"https:\/\/www.greenpeace.org\/czech\/wp-json\/wp\/v2\/types\/post"}],"author":[{"embeddable":true,"href":"https:\/\/www.greenpeace.org\/czech\/wp-json\/wp\/v2\/users\/38"}],"replies":[{"embeddable":true,"href":"https:\/\/www.greenpeace.org\/czech\/wp-json\/wp\/v2\/comments?post=19253"}],"version-history":[{"count":1,"href":"https:\/\/www.greenpeace.org\/czech\/wp-json\/wp\/v2\/posts\/19253\/revisions"}],"predecessor-version":[{"id":19257,"href":"https:\/\/www.greenpeace.org\/czech\/wp-json\/wp\/v2\/posts\/19253\/revisions\/19257"}],"wp:featuredmedia":[{"embeddable":true,"href":"https:\/\/www.greenpeace.org\/czech\/wp-json\/wp\/v2\/media\/19256"}],"wp:attachment":[{"href":"https:\/\/www.greenpeace.org\/czech\/wp-json\/wp\/v2\/media?parent=19253"}],"wp:term":[{"taxonomy":"category","embeddable":true,"href":"https:\/\/www.greenpeace.org\/czech\/wp-json\/wp\/v2\/categories?post=19253"},{"taxonomy":"post_tag","embeddable":true,"href":"https:\/\/www.greenpeace.org\/czech\/wp-json\/wp\/v2\/tags?post=19253"},{"taxonomy":"p4-page-type","embeddable":true,"href":"https:\/\/www.greenpeace.org\/czech\/wp-json\/wp\/v2\/p4-page-type?post=19253"}],"curies":[{"name":"wp","href":"https:\/\/api.w.org\/{rel}","templated":true}]}}