{"id":19298,"date":"2023-08-24T10:28:14","date_gmt":"2023-08-24T09:28:14","guid":{"rendered":"https:\/\/www.greenpeace.org\/czech\/?p=19298"},"modified":"2023-08-24T20:27:50","modified_gmt":"2023-08-24T19:27:50","slug":"zakaz-kaceni-u-horniho-jiretina-prisel-pozde-urad-chce-chranit-i-les-ktery-uz-majitel-bez-povoleni-vykacel","status":"publish","type":"post","link":"https:\/\/www.greenpeace.org\/czech\/tiskova-zprava\/19298\/zakaz-kaceni-u-horniho-jiretina-prisel-pozde-urad-chce-chranit-i-les-ktery-uz-majitel-bez-povoleni-vykacel\/","title":{"rendered":"Z\u00e1kaz k\u00e1cen\u00ed u Horn\u00edho Ji\u0159et\u00edna p\u0159i\u0161el pozd\u011b. \u00da\u0159ad chce chr\u00e1nit i les, kter\u00fd u\u017e majitel bez povolen\u00ed vyk\u00e1cel"},"content":{"rendered":"\n<p>Krajsk\u00fd \u00fa\u0159ad \u00dasteck\u00e9ho kraje zak\u00e1zal k\u00e1cen\u00ed v unik\u00e1tn\u00edch bu\u010din\u00e1ch v Kru\u0161n\u00fdch hor\u00e1ch star\u0161\u00edch 120 let ve v\u0161ech zb\u00fdvaj\u00edc\u00edch \u0159\u00edzen\u00edch, kter\u00e1 s majiteli m\u00edstn\u00edch les\u016f vedl od kv\u011btna leto\u0161n\u00edho roku. V p\u0159\u00edpad\u011b Mari\u00e1nsk\u00e9ho \u00dadol\u00ed u Horn\u00edho Ji\u0159et\u00edna p\u0159itom \u010d\u00e1st lesa, kterou m\u00e1 sou\u010dasn\u00fd z\u00e1kaz chr\u00e1nit, ji\u017e majitel vyk\u00e1cel bez povolen\u00ed na za\u010d\u00e1tku roku.\u00a0<\/p>\n\n<figure class=\"wp-block-image size-large\"><img loading=\"lazy\" decoding=\"async\" width=\"1024\" height=\"683\" src=\"https:\/\/www.greenpeace.org\/static\/planet4-czech-republic-stateless\/2023\/08\/c672b1cb-dsb_6003_02_ibra_final_press-1024x683.jpg\" alt=\"\" class=\"wp-image-19299\" srcset=\"https:\/\/www.greenpeace.org\/static\/planet4-czech-republic-stateless\/2023\/08\/c672b1cb-dsb_6003_02_ibra_final_press-1024x683.jpg 1024w, https:\/\/www.greenpeace.org\/static\/planet4-czech-republic-stateless\/2023\/08\/c672b1cb-dsb_6003_02_ibra_final_press-300x200.jpg 300w, https:\/\/www.greenpeace.org\/static\/planet4-czech-republic-stateless\/2023\/08\/c672b1cb-dsb_6003_02_ibra_final_press-768x512.jpg 768w, https:\/\/www.greenpeace.org\/static\/planet4-czech-republic-stateless\/2023\/08\/c672b1cb-dsb_6003_02_ibra_final_press-1536x1024.jpg 1536w, https:\/\/www.greenpeace.org\/static\/planet4-czech-republic-stateless\/2023\/08\/c672b1cb-dsb_6003_02_ibra_final_press-2048x1366.jpg 2048w, https:\/\/www.greenpeace.org\/static\/planet4-czech-republic-stateless\/2023\/08\/c672b1cb-dsb_6003_02_ibra_final_press-510x340.jpg 510w\" sizes=\"auto, (max-width: 1024px) 100vw, 1024px\" \/><\/figure>\n\n<p>Dohromady m\u00e1 b\u00fdt nyn\u00ed chr\u00e1n\u011bno p\u0159es 705 hektar\u016f les\u016f star\u0161\u00edch 120 let. Z\u00e1kaz k\u00e1cen\u00ed m\u00e1 platit do konce sou\u010dasn\u00fdch lesn\u00edch hospod\u00e1\u0159sk\u00fdch pl\u00e1n\u016f, na v\u011bt\u0161in\u011b m\u00edst tedy do roku 2030. Pokud se vlastn\u00edci proti z\u00e1kazu k\u00e1cen\u00ed star\u00fdch porost\u016f odvolaj\u00ed, bude rozhodovat Ministerstvo \u017eivotn\u00edho prost\u0159ed\u00ed.&nbsp;<\/p>\n\n<p>Krajsk\u00fd \u00fa\u0159ad ji\u017e <a href=\"https:\/\/www.greenpeace.org\/czech\/tiskova-zprava\/19239\/prichazi-konec-kaceni-v-nejstarsich-lesich-krusnych-hor-krajsky-urad-zprisnil-ochranu-vzacnych-bucin\/\">d\u0159\u00edve zak\u00e1zal k\u00e1cen\u00ed<\/a> v lesn\u00edch hospod\u00e1\u0159sk\u00fdch celc\u00edch Litv\u00ednov, Bohosudov, Most, Mikulov, Krupka, Hrob, Jirkov, Blatno a Bolebo\u0159, nyn\u00ed k m\u00edst\u016fm s v\u011bt\u0161\u00ed ochranou les\u016f p\u0159ibyly i celky Libouchec, St\u0159ekov, Lesy Sever (u Dub\u00ed) a Mari\u00e1nsk\u00e9 \u00dadol\u00ed. V posledn\u011b jmenovan\u00e9 lokalit\u011b se v\u0161ak plocha, kter\u00e1 m\u00e1 b\u00fdt nyn\u00ed chr\u00e1n\u011bna (54,5 hektaru), \u010d\u00e1ste\u010dn\u011b p\u0159ekr\u00fdv\u00e1 s oblast\u00ed, kde lesn\u00ed porost bez povolen\u00ed vyk\u00e1cela firma Royal Pine. Na ileg\u00e1ln\u00ed k\u00e1cen\u00ed tehdy <a href=\"https:\/\/www.greenpeace.org\/czech\/tiskova-zprava\/18693\/greenpeace-a-horni-jiretin-si-stezuji-inspekci-na-firmu-ktera-podle-nich-ilegalne-kacela-v-krusnych-horach\/\">upozornila organizace Greenpeace spole\u010dn\u011b s m\u011bstem Horn\u00ed Ji\u0159et\u00edn<\/a>.&nbsp;<\/p>\n\n<p>Firma Royal Pine si o k\u00e1cen\u00ed sice v lo\u0148sk\u00e9m roce za\u017e\u00e1dala, ale ne\u010dekala na verdikt \u00fa\u0159ad\u016f. Krajsk\u00fd \u00fa\u0159ad \u00dasteck\u00e9ho kraje p\u0159itom n\u00e1sledn\u011b vydal 20. \u00fanora<a href=\"https:\/\/www.greenpeace.org\/static\/planet4-czech-republic-stateless\/2023\/04\/76c5fa1c-rozhodnuti-marianske-udoli.pdf\"> nesouhlasn\u00e9 stanovisko<\/a> k navrhovan\u00e9mu k\u00e1cen\u00ed, ov\u0161em v t\u00e9 dob\u011b porosty, v nich\u017e k\u00e1cen\u00ed odm\u00edtl, ji\u017e neexistovaly. M\u00edstn\u00ed lesy jsou podle lesn\u00edch z\u00e1znam\u016f star\u0161\u00ed ne\u017e 170 let, ve skute\u010dnosti se v\u0161ak v\u011bk n\u011bkter\u00fdch z nich m\u016f\u017ee pohybovat i p\u0159es 200 let.&nbsp;<\/p>\n\n<p><strong>Nikol Krej\u010dov\u00e1, koordin\u00e1torka kampan\u011b Greenpeace za z\u00e1chranu star\u00fdch les\u016f, \u0159\u00edk\u00e1:<\/strong><strong><br><\/strong><em>\u201cRozhodnut\u00ed krajsk\u00e9ho \u00fa\u0159adu chr\u00e1nit nejstar\u0161\u00ed kru\u0161nohorsk\u00e9 bu\u010diny v\u00edt\u00e1me. Zastaven\u00ed k\u00e1cen\u00ed p\u0159ich\u00e1z\u00ed doslova na posledn\u00ed chv\u00edli po letech drancov\u00e1n\u00ed p\u0159\u00edrody Kru\u0161n\u00fdch hor. Douf\u00e1me proto, \u017ee bude co nejd\u0159\u00edve zaji\u0161t\u011bna dlouhodob\u00e1 ochrana m\u00edstn\u00edch les\u016f vyhl\u00e1\u0161en\u00edm dostate\u010dn\u011b siln\u00e9 plo\u0161n\u00e9 ochrany, jako je CHKO Kru\u0161n\u00e9 hory. St\u00e1le tak\u00e9 usilujeme o zastaven\u00ed k\u00e1cen\u00ed v les\u00edch nad 120 let v\u011bku u n\u00e1s v na\u0161\u00ed kampani Nek\u00e1cejte.\u201d<\/em><\/p>\n\n<p>Greenpeace a m\u011bsto Horn\u00ed Ji\u0159et\u00edn podaly kv\u016fli neleg\u00e1ln\u00edmu k\u00e1cen\u00ed v Mari\u00e1nsk\u00e9m \u00fadol\u00ed podn\u011bt k \u010cesk\u00e9 inspekci \u017eivotn\u00edho prost\u0159ed\u00ed. Ta ov\u0161em st\u00e1le neskon\u010dila se sv\u00fdm \u0161et\u0159en\u00edm, kter\u00e9 zah\u00e1jila ji\u017e 11. dubna, a ani nepodnikla \u017e\u00e1dn\u00e9 kroky po dopln\u011bn\u00ed podn\u011btu z 31. kv\u011btna, ve kter\u00e9m organizace Greenpeace navrhovala inspekci zajistit pok\u00e1cen\u00e9 d\u0159evo proti odv\u00e1\u017een\u00ed z lesa kv\u016fli mo\u017en\u00e9mu v\u00fdskytu chr\u00e1n\u011bn\u00fdch a vz\u00e1cn\u00fdch druh\u016f v kl\u00e1d\u00e1ch.&nbsp;<\/p>\n\n<p>Organizace Greenpeace tak\u00e9 podala podn\u011bt ke Krajsk\u00e9mu \u00fa\u0159adu \u00dasteck\u00e9ho kraje k pro\u0161et\u0159en\u00ed mo\u017en\u00e9ho obchodov\u00e1n\u00ed s nez\u00e1konn\u011b vyt\u011b\u017een\u00fdm d\u0159evem. Krajsk\u00fd \u00fa\u0159ad v\u0161ak dosud tak\u00e9 nijak nerozhodl. Krajsk\u00fd \u00fa\u0159ad ve vyrozum\u011bn\u00ed z 24. \u010dervence uvedl, \u017ee vyt\u011b\u017een\u00e9 d\u0159evo bylo \u00fadajn\u011b pr\u016fb\u011b\u017en\u011b prod\u00e1v\u00e1no z\u00e1kazn\u00edk\u016fm a nen\u00ed ji\u017e ve vlastnictv\u00ed spole\u010dnosti Royal Pine. Na m\u00edst\u011b v\u0161ak podle ter\u00e9nn\u00edho pr\u016fzkumu, kter\u00fd organizace provedla, st\u00e1le z\u016fst\u00e1v\u00e1 \u010d\u00e1st kl\u00e1d z vyt\u011b\u017een\u00e9ho lesa. Nav\u00edc \u00fa\u0159ady by m\u011bly zabr\u00e1nit obchodov\u00e1n\u00ed s neleg\u00e1ln\u011b z\u00edskan\u00fdm d\u0159evem nejen u producenta, ale i u dal\u0161\u00edch p\u0159eprodejc\u016f.&nbsp;<\/p>\n\n<p>Kv\u016fli ne\u010dinnosti \u010cesk\u00e9 inspekce \u017eivotn\u00edho prost\u0159ed\u00ed podala organizace Greenpeace minul\u00fd t\u00fdden podn\u011bt k Ministerstvu \u017eivotn\u00edho prost\u0159ed\u00ed a kv\u016fli ne\u010dinnosti krajsk\u00e9ho \u00fa\u0159adu pak podala podn\u011bt k Ministerstvu zem\u011bd\u011blstv\u00ed. Organizace Greenpeace tak\u00e9 podala spole\u010dn\u011b s m\u011bstem Horn\u00ed Ji\u0159et\u00edn kv\u016fli ileg\u00e1ln\u00edmu k\u00e1cen\u00ed na firmu Royal Pine <a href=\"https:\/\/www.greenpeace.org\/czech\/clanek\/18920\/ilegalni-kaceni-u-horniho-jiretina-bude-setrit-policie-podali-jsme-trestni-oznameni\/\">trestn\u00ed ozn\u00e1men\u00ed<\/a>.<\/p>\n\n<p>Greenpeace ji\u017e n\u011bkolik let upozor\u0148uje na zm\u011bnu struktury stanovi\u0161\u0165 a<a href=\"https:\/\/www.greenpeace.org\/czech\/tiskova-zprava\/14280\/greenpeace-predalo-mzp-petici-za-zachranu-bucin-v-krusnych-horach-podepsalo-ji-pres-10-tisic-lidi\/\"> ni\u010den\u00ed bukov\u00fdch les\u016f<\/a>, kter\u00e9 jsou p\u0159edm\u011btem ochrany evropsky v\u00fdznamn\u00e9 lokality V\u00fdchodn\u00ed Kru\u0161noho\u0159\u00ed. Na konci dubna spustila ekologick\u00e1 organizace kampa\u0148 za ochranu les\u016f star\u0161\u00edch 120 let a p\u0159edala sv\u00e9 po\u017eadavky na Ministerstvu zem\u011bd\u011blstv\u00ed. Na str\u00e1nk\u00e1ch<a href=\"http:\/\/www.nekacejte.cz\/\"> www.nekacejte.cz<\/a> se mohou lid\u00e9 p\u0159ipojit k v\u00fdzv\u011b za v\u011bt\u0161\u00ed ochranu star\u00fdch les\u016f v \u010cesku.<\/p>\n","protected":false},"excerpt":{"rendered":"<p>Krajsk\u00fd \u00fa\u0159ad \u00dasteck\u00e9ho kraje zak\u00e1zal k\u00e1cen\u00ed v unik\u00e1tn\u00edch bu\u010din\u00e1ch v Kru\u0161n\u00fdch hor\u00e1ch star\u0161\u00edch 120 let ve v\u0161ech zb\u00fdvaj\u00edc\u00edch \u0159\u00edzen\u00edch, kter\u00e1 s majiteli m\u00edstn\u00edch les\u016f&hellip;<\/p>\n","protected":false},"author":29,"featured_media":19299,"comment_status":"open","ping_status":"closed","sticky":false,"template":"","format":"standard","meta":{"ep_exclude_from_search":false,"p4_og_title":"","p4_og_description":"","p4_og_image":"","p4_og_image_id":"","p4_seo_canonical_url":"","p4_campaign_name":"","p4_local_project":"","p4_basket_name":"","p4_department":"","footnotes":""},"categories":[2],"tags":[17],"p4-page-type":[14],"class_list":["post-19298","post","type-post","status-publish","format-standard","has-post-thumbnail","hentry","category-priroda","tag-lesy-pralesy","p4-page-type-tiskova-zprava"],"_links":{"self":[{"href":"https:\/\/www.greenpeace.org\/czech\/wp-json\/wp\/v2\/posts\/19298","targetHints":{"allow":["GET"]}}],"collection":[{"href":"https:\/\/www.greenpeace.org\/czech\/wp-json\/wp\/v2\/posts"}],"about":[{"href":"https:\/\/www.greenpeace.org\/czech\/wp-json\/wp\/v2\/types\/post"}],"author":[{"embeddable":true,"href":"https:\/\/www.greenpeace.org\/czech\/wp-json\/wp\/v2\/users\/29"}],"replies":[{"embeddable":true,"href":"https:\/\/www.greenpeace.org\/czech\/wp-json\/wp\/v2\/comments?post=19298"}],"version-history":[{"count":3,"href":"https:\/\/www.greenpeace.org\/czech\/wp-json\/wp\/v2\/posts\/19298\/revisions"}],"predecessor-version":[{"id":19303,"href":"https:\/\/www.greenpeace.org\/czech\/wp-json\/wp\/v2\/posts\/19298\/revisions\/19303"}],"wp:featuredmedia":[{"embeddable":true,"href":"https:\/\/www.greenpeace.org\/czech\/wp-json\/wp\/v2\/media\/19299"}],"wp:attachment":[{"href":"https:\/\/www.greenpeace.org\/czech\/wp-json\/wp\/v2\/media?parent=19298"}],"wp:term":[{"taxonomy":"category","embeddable":true,"href":"https:\/\/www.greenpeace.org\/czech\/wp-json\/wp\/v2\/categories?post=19298"},{"taxonomy":"post_tag","embeddable":true,"href":"https:\/\/www.greenpeace.org\/czech\/wp-json\/wp\/v2\/tags?post=19298"},{"taxonomy":"p4-page-type","embeddable":true,"href":"https:\/\/www.greenpeace.org\/czech\/wp-json\/wp\/v2\/p4-page-type?post=19298"}],"curies":[{"name":"wp","href":"https:\/\/api.w.org\/{rel}","templated":true}]}}