{"id":19336,"date":"2023-08-31T14:15:57","date_gmt":"2023-08-31T13:15:57","guid":{"rendered":"https:\/\/www.greenpeace.org\/czech\/?p=19336"},"modified":"2023-08-31T14:16:02","modified_gmt":"2023-08-31T13:16:02","slug":"uspech-zakaz-kaceni-starych-lesu-v-krusnych-horach-ale-nase-prace-jeste-nekonci","status":"publish","type":"post","link":"https:\/\/www.greenpeace.org\/czech\/clanek\/19336\/uspech-zakaz-kaceni-starych-lesu-v-krusnych-horach-ale-nase-prace-jeste-nekonci\/","title":{"rendered":"\u00dasp\u011bch: z\u00e1kaz k\u00e1cen\u00ed star\u00fdch les\u016f v Kru\u0161n\u00fdch hor\u00e1ch. Ale na\u0161e pr\u00e1ce je\u0161t\u011b nekon\u010d\u00ed."},"content":{"rendered":"\n<p><strong>Krajsk\u00fd \u00fa\u0159ad \u00dasteck\u00e9ho kraje zak\u00e1zal k\u00e1cen\u00ed v unik\u00e1tn\u00edch bu\u010din\u00e1ch v Kru\u0161n\u00fdch hor\u00e1ch star\u0161\u00edch 120 let ve v\u0161ech \u0159\u00edzen\u00edch, kter\u00e1 s majiteli m\u00edstn\u00edch les\u016f vedl od kv\u011btna leto\u0161n\u00edho roku. Dohromady m\u00e1 b\u00fdt nyn\u00ed chr\u00e1n\u011bno p\u0159es 705 hektar\u016f les\u016f star\u0161\u00edch 120 let. Z\u00e1kaz k\u00e1cen\u00ed m\u00e1 platit do konce sou\u010dasn\u00fdch lesn\u00edch hospod\u00e1\u0159sk\u00fdch pl\u00e1n\u016f, na v\u011bt\u0161in\u011b m\u00edst tedy do roku 2030.<\/strong><\/p>\n\t\t\t<section\n\t\t\tclass=\"boxout post-10416 \"\n\t\t\t\n\t\t>\n\t\t\t<a\n\t\t\t\tdata-ga-category=\"Take Action Boxout\"\n\t\t\t\tdata-ga-action=\"Image\"\n\t\t\t\tdata-ga-label=\"n\/a\"\n\t\t\t\tclass=\"cover-card-overlay\"\n\t\t\t\thref=\"https:\/\/www.greenpeace.org\/czech\/zapoj-se\/chci-darovat\/\" \n\t\t\t><\/a>\n\t\t\t\t\t\t\t<img\n\t\t\t\t\t\tsrc=\"https:\/\/www.greenpeace.org\/static\/planet4-czech-republic-stateless\/2018\/10\/ffaf7454-darovat_529502848-e1539865709712-1024x703.jpg\"\n\t\t\t\t\t\tsrcset=\"https:\/\/www.greenpeace.org\/static\/planet4-czech-republic-stateless\/2018\/10\/ffaf7454-darovat_529502848-e1539865709712-300x206.jpg 300w, https:\/\/www.greenpeace.org\/static\/planet4-czech-republic-stateless\/2018\/10\/ffaf7454-darovat_529502848-e1539865709712-768x528.jpg 768w, https:\/\/www.greenpeace.org\/static\/planet4-czech-republic-stateless\/2018\/10\/ffaf7454-darovat_529502848-e1539865709712-1024x703.jpg 1024w, https:\/\/www.greenpeace.org\/static\/planet4-czech-republic-stateless\/2018\/10\/ffaf7454-darovat_529502848-e1539865709712-1989x1366.jpg 1989w, https:\/\/www.greenpeace.org\/static\/planet4-czech-republic-stateless\/2018\/10\/ffaf7454-darovat_529502848-e1539865709712-495x340.jpg 495w\"\n\t\t\t\t\t\tsizes=\"(min-width: 1000px) 358px, (min-width: 780px) 313px, 88px\"\n\t\t\t\t\t\talt=\"\" title=\"\"\n\t\t\t\t\/>\n            \t\t\t<div class=\"boxout-content\">\n\t\t\t\t\t\t\t\t\t<a\n\t\t\t\t\t\tclass=\"boxout-heading medium\"\n\t\t\t\t\t\tdata-ga-category=\"Take Action Boxout\"\n\t\t\t\t\t\tdata-ga-action=\"Title\"\n\t\t\t\t\t\tdata-ga-label=\"n\/a\"\n\t\t\t\t\t\thref=\"https:\/\/www.greenpeace.org\/czech\/zapoj-se\/chci-darovat\/\"\n\t\t\t\t\t\t\n\t\t\t\t\t>\n\t\t\t\t\t\tChci darovat\n\t\t\t\t\t<\/a>\n\t\t\t\t\t\t\t\t\t\t\t\t\t<p class=\"boxout-excerpt\">P\u0159idej se k hnut\u00ed mili\u00f3n\u016f lid\u00ed z cel\u00e9ho sv\u011bta. Jen spole\u010dn\u011b m\u016f\u017eeme prosadit skute\u010dnou zm\u011bnu a zachr\u00e1nit to, co z p\u0159\u00edrody je\u0161t\u011b zb\u00fdv\u00e1.<\/p>\n\t\t\t\t                                    <a\n                        class=\"btn btn-primary\"\n                        data-ga-category=\"Take Action Boxout\"\n                        data-ga-action=\"Call to Action\"\n                        data-ga-label=\"n\/a\"\n                        href=\"https:\/\/www.greenpeace.org\/czech\/zapoj-se\/chci-darovat\/\"\n                        \n                    >\n                        Jdu do toho\n                    <\/a>\n                \t\t\t<\/div>\n\t\t\t\t\t<\/section>\n\t\n<p>Pokud se vlastn\u00edci proti z\u00e1kazu k\u00e1cen\u00ed star\u00fdch porost\u016f odvolaj\u00ed, bude rozhodovat Ministerstvo \u017eivotn\u00edho prost\u0159ed\u00ed. Douf\u00e1me, \u017ee to ochranu star\u00fdch les\u016f potvrd\u00ed.Krajsk\u00fd \u00fa\u0159ad ji\u017e <a href=\"https:\/\/www.greenpeace.org\/czech\/tiskova-zprava\/19239\/prichazi-konec-kaceni-v-nejstarsich-lesich-krusnych-hor-krajsky-urad-zprisnil-ochranu-vzacnych-bucin\/\">d\u0159\u00edve zak\u00e1zal k\u00e1cen\u00ed<\/a> v lesn\u00edch hospod\u00e1\u0159sk\u00fdch celc\u00edch Litv\u00ednov, Bohosudov, Most, Mikulov, Krupka, Hrob, Jirkov, Blatno a Bolebo\u0159, nyn\u00ed k m\u00edst\u016fm s v\u011bt\u0161\u00ed ochranou les\u016f p\u0159ibyly i celky Libouchec, St\u0159ekov, Lesy Sever (u Dub\u00ed) a Mari\u00e1nsk\u00e9 \u00dadol\u00ed.&nbsp;<\/p>\n\n<figure class=\"wp-block-image size-large\"><img loading=\"lazy\" decoding=\"async\" width=\"1024\" height=\"768\" src=\"https:\/\/www.greenpeace.org\/static\/planet4-czech-republic-stateless\/2023\/08\/a193662f-ppp-1024x768.jpg\" alt=\"\" class=\"wp-image-19337\" srcset=\"https:\/\/www.greenpeace.org\/static\/planet4-czech-republic-stateless\/2023\/08\/a193662f-ppp-1024x768.jpg 1024w, https:\/\/www.greenpeace.org\/static\/planet4-czech-republic-stateless\/2023\/08\/a193662f-ppp-300x225.jpg 300w, https:\/\/www.greenpeace.org\/static\/planet4-czech-republic-stateless\/2023\/08\/a193662f-ppp-768x576.jpg 768w, https:\/\/www.greenpeace.org\/static\/planet4-czech-republic-stateless\/2023\/08\/a193662f-ppp-453x340.jpg 453w, https:\/\/www.greenpeace.org\/static\/planet4-czech-republic-stateless\/2023\/08\/a193662f-ppp.jpg 1200w\" sizes=\"auto, (max-width: 1024px) 100vw, 1024px\" \/><\/figure>\n\n<p><strong>Rozhodnut\u00ed krajsk\u00e9ho \u00fa\u0159adu chr\u00e1nit nejstar\u0161\u00ed kru\u0161nohorsk\u00e9 bu\u010diny v\u00edt\u00e1me. Zastaven\u00ed k\u00e1cen\u00ed p\u0159ich\u00e1z\u00ed doslova na posledn\u00ed chv\u00edli po letech drancov\u00e1n\u00ed p\u0159\u00edrody Kru\u0161n\u00fdch hor.<\/strong> Douf\u00e1me proto, \u017ee bude co nejd\u0159\u00edve zaji\u0161t\u011bna dlouhodob\u00e1 ochrana m\u00edstn\u00edch les\u016f vyhl\u00e1\u0161en\u00edm dostate\u010dn\u011b siln\u00e9 plo\u0161n\u00e9 ochrany, jako je CHKO Kru\u0161n\u00e9 hory.&nbsp;<\/p>\n\n<p>Je v\u0161ak z\u00e1sadn\u00ed, aby&nbsp; star\u00e9 lesy byly urychlen\u011b chr\u00e1n\u011bny v cel\u00e9 \u010cesk\u00e9 republice. Proto na\u0161e kampa\u0148 Nek\u00e1cejte i nad\u00e1le pokra\u010duje. P\u0159idej se k ochran\u011b t\u011bch nejcenn\u011bj\u0161\u00edch star\u00fdch les\u016f a podepi\u0161 na\u0161i v\u00fdzvu.&nbsp;&nbsp;<\/p>\n\n<div class=\"wp-block-buttons is-content-justification-center is-layout-flex wp-container-core-buttons-is-layout-16018d1d wp-block-buttons-is-layout-flex\">\n<div class=\"wp-block-button is-style-cta\"><a class=\"wp-block-button__link wp-element-button\" href=\"https:\/\/www.nekacejte.cz\/\">Podepsat v\u00fdzvu<\/a><\/div>\n<\/div>\n\n<p>Bohu\u017eel v Mari\u00e1nsk\u00e9m \u00dadol\u00ed se plocha, kter\u00e1 m\u00e1 b\u00fdt nyn\u00ed chr\u00e1n\u011bna (54,5 hektaru), \u010d\u00e1ste\u010dn\u011b p\u0159ekr\u00fdv\u00e1 s oblast\u00ed, kde lesn\u00ed porost bez povolen\u00ed vyk\u00e1cela firma Royal Pine. Na ileg\u00e1ln\u00ed k\u00e1cen\u00ed jsme tehdy upozornili spolu s Horn\u00edm Ji\u0159et\u00ednem.&nbsp;<\/p>\n\n<p>Firma Royal Pine si o k\u00e1cen\u00ed sice v lo\u0148sk\u00e9m roce za\u017e\u00e1dala, ale ne\u010dekala na verdikt \u00fa\u0159ad\u016f. Krajsk\u00fd \u00fa\u0159ad \u00dasteck\u00e9ho kraje p\u0159itom n\u00e1sledn\u011b vydal 20. \u00fanora<a href=\"https:\/\/www.greenpeace.org\/static\/planet4-czech-republic-stateless\/2023\/04\/76c5fa1c-rozhodnuti-marianske-udoli.pdf\"> nesouhlasn\u00e9 stanovisko<\/a> k navrhovan\u00e9mu k\u00e1cen\u00ed, ov\u0161em v t\u00e9 dob\u011b porosty, v nich\u017e k\u00e1cen\u00ed odm\u00edtl, ji\u017e neexistovaly. M\u00edstn\u00ed lesy jsou podle lesn\u00edch z\u00e1znam\u016f star\u0161\u00ed ne\u017e 170 let, ve skute\u010dnosti se v\u0161ak v\u011bk n\u011bkter\u00fdch z nich m\u016f\u017ee pohybovat i p\u0159es 200 let.\u00a0<\/p>\n\n<p><strong><br><\/strong>Spolu s Horn\u00edm Ji\u0159et\u00ednem jsme podali kv\u016fli neleg\u00e1ln\u00edmu k\u00e1cen\u00ed v Mari\u00e1nsk\u00e9m \u00dadol\u00ed podn\u011bt k \u010cesk\u00e9 inspekci \u017eivotn\u00edho prost\u0159ed\u00ed. Ta ov\u0161em st\u00e1le neskon\u010dila se sv\u00fdm \u0161et\u0159en\u00edm, kter\u00e9 zah\u00e1jila ji\u017e 11. dubna, a ani nepodnikla \u017e\u00e1dn\u00e9 kroky po dopln\u011bn\u00ed podn\u011btu z 31. kv\u011btna, ve kter\u00e9m jsme navrhovali inspekci zajistit pok\u00e1cen\u00e9 d\u0159evo proti odv\u00e1\u017een\u00ed z lesa kv\u016fli mo\u017en\u00e9mu v\u00fdskytu chr\u00e1n\u011bn\u00fdch a vz\u00e1cn\u00fdch druh\u016f v kl\u00e1d\u00e1ch.\u00a0<\/p>\n\n<figure class=\"wp-block-image size-large\"><img loading=\"lazy\" decoding=\"async\" width=\"1024\" height=\"576\" src=\"https:\/\/www.greenpeace.org\/static\/planet4-czech-republic-stateless\/2023\/08\/f1fd4b94-pclanke-1024x576.jpg\" alt=\"\" class=\"wp-image-19338\" srcset=\"https:\/\/www.greenpeace.org\/static\/planet4-czech-republic-stateless\/2023\/08\/f1fd4b94-pclanke-1024x576.jpg 1024w, https:\/\/www.greenpeace.org\/static\/planet4-czech-republic-stateless\/2023\/08\/f1fd4b94-pclanke-300x169.jpg 300w, https:\/\/www.greenpeace.org\/static\/planet4-czech-republic-stateless\/2023\/08\/f1fd4b94-pclanke-768x432.jpg 768w, https:\/\/www.greenpeace.org\/static\/planet4-czech-republic-stateless\/2023\/08\/f1fd4b94-pclanke-510x287.jpg 510w, https:\/\/www.greenpeace.org\/static\/planet4-czech-republic-stateless\/2023\/08\/f1fd4b94-pclanke.jpg 1200w\" sizes=\"auto, (max-width: 1024px) 100vw, 1024px\" \/><\/figure>\n\n<p>\u017d\u00e1dn\u00e9 kroky zat\u00edm nepodnikl ani Krajsk\u00fd \u00fa\u0159ad \u00dasteck\u00e9ho kraje, ke kter\u00e9mu jsme podali podn\u011bt k pro\u0161et\u0159en\u00ed mo\u017en\u00e9ho obchodov\u00e1n\u00ed s nez\u00e1konn\u011b vyt\u011b\u017een\u00fdm d\u0159evem. Krajsk\u00fd \u00fa\u0159ad ve vyrozum\u011bn\u00ed z 24. \u010dervence uvedl, \u017ee vyt\u011b\u017een\u00e9 d\u0159evo bylo \u00fadajn\u011b pr\u016fb\u011b\u017en\u011b prod\u00e1v\u00e1no z\u00e1kazn\u00edk\u016fm a nen\u00ed ji\u017e ve vlastnictv\u00ed spole\u010dnosti Royal Pine. Na m\u00edst\u011b v\u0161ak podle ter\u00e9nn\u00edho pr\u016fzkumu, kter\u00fd jsme provedli, st\u00e1le z\u016fst\u00e1v\u00e1 \u010d\u00e1st kl\u00e1d z vyt\u011b\u017een\u00e9ho lesa. Nav\u00edc \u00fa\u0159ady by m\u011bly zabr\u00e1nit obchodov\u00e1n\u00ed s neleg\u00e1ln\u011b z\u00edskan\u00fdm d\u0159evem nejen u producenta, ale i u dal\u0161\u00edch p\u0159eprodejc\u016f.&nbsp;<\/p>\n\n<p>Kv\u016fli ne\u010dinnosti \u010cesk\u00e9 inspekce \u017eivotn\u00edho prost\u0159ed\u00ed jsme podali minul\u00fd t\u00fdden podn\u011bt k Ministerstvu \u017eivotn\u00edho prost\u0159ed\u00ed a kv\u016fli ne\u010dinnosti krajsk\u00e9ho \u00fa\u0159adu pak k Ministerstvu zem\u011bd\u011blstv\u00ed. Spole\u010dn\u011b s m\u011bstem Horn\u00ed Ji\u0159et\u00edn jsme kv\u016fli ileg\u00e1ln\u00edmu k\u00e1cen\u00ed tak\u00e9 podali <a href=\"https:\/\/www.greenpeace.org\/czech\/clanek\/18920\/ilegalni-kaceni-u-horniho-jiretina-bude-setrit-policie-podali-jsme-trestni-oznameni\/\">trestn\u00ed ozn\u00e1men\u00ed<\/a> na firmu Royal Pine.<\/p>\n\n<p><strong>Na\u0161e pr\u00e1ce bude nad\u00e1le pokra\u010dovat a budeme usilovat o to, aby v\u0161echny lesy star\u0161\u00ed 120 let byly chr\u00e1n\u011bn\u00e9 a zachovan\u00e9 i pro dal\u0161\u00ed generace. Pomoz n\u00e1m v tom i ty a podepi\u0161 na\u0161i v\u00fdzvu Nek\u00e1cejte.<\/strong>\u00a0<\/p>\n\n<div class=\"wp-block-buttons is-content-justification-center is-layout-flex wp-container-core-buttons-is-layout-16018d1d wp-block-buttons-is-layout-flex\">\n<div class=\"wp-block-button is-style-cta\"><a class=\"wp-block-button__link wp-element-button\" href=\"https:\/\/www.nekacejte.cz\/\">Postav\u00edm se za lesy<\/a><\/div>\n<\/div>\n","protected":false},"excerpt":{"rendered":"<p>Krajsk\u00fd \u00fa\u0159ad \u00dasteck\u00e9ho kraje zak\u00e1zal k\u00e1cen\u00ed v unik\u00e1tn\u00edch bu\u010din\u00e1ch v Kru\u0161n\u00fdch hor\u00e1ch star\u0161\u00edch 120 let ve v\u0161ech \u0159\u00edzen\u00edch, kter\u00e1 s majiteli m\u00edstn\u00edch les\u016f vedl od kv\u011btna leto\u0161n\u00edho roku. Dohromady m\u00e1&hellip;<\/p>\n","protected":false},"author":38,"featured_media":19338,"comment_status":"open","ping_status":"closed","sticky":false,"template":"","format":"standard","meta":{"ep_exclude_from_search":false,"p4_og_title":"","p4_og_description":"","p4_og_image":"","p4_og_image_id":"","p4_seo_canonical_url":"","p4_campaign_name":"","p4_local_project":"","p4_basket_name":"","p4_department":"","footnotes":""},"categories":[2],"tags":[17,28],"p4-page-type":[16],"class_list":["post-19336","post","type-post","status-publish","format-standard","has-post-thumbnail","hentry","category-priroda","tag-lesy-pralesy","tag-uspechy","p4-page-type-clanek"],"_links":{"self":[{"href":"https:\/\/www.greenpeace.org\/czech\/wp-json\/wp\/v2\/posts\/19336","targetHints":{"allow":["GET"]}}],"collection":[{"href":"https:\/\/www.greenpeace.org\/czech\/wp-json\/wp\/v2\/posts"}],"about":[{"href":"https:\/\/www.greenpeace.org\/czech\/wp-json\/wp\/v2\/types\/post"}],"author":[{"embeddable":true,"href":"https:\/\/www.greenpeace.org\/czech\/wp-json\/wp\/v2\/users\/38"}],"replies":[{"embeddable":true,"href":"https:\/\/www.greenpeace.org\/czech\/wp-json\/wp\/v2\/comments?post=19336"}],"version-history":[{"count":1,"href":"https:\/\/www.greenpeace.org\/czech\/wp-json\/wp\/v2\/posts\/19336\/revisions"}],"predecessor-version":[{"id":19339,"href":"https:\/\/www.greenpeace.org\/czech\/wp-json\/wp\/v2\/posts\/19336\/revisions\/19339"}],"wp:featuredmedia":[{"embeddable":true,"href":"https:\/\/www.greenpeace.org\/czech\/wp-json\/wp\/v2\/media\/19338"}],"wp:attachment":[{"href":"https:\/\/www.greenpeace.org\/czech\/wp-json\/wp\/v2\/media?parent=19336"}],"wp:term":[{"taxonomy":"category","embeddable":true,"href":"https:\/\/www.greenpeace.org\/czech\/wp-json\/wp\/v2\/categories?post=19336"},{"taxonomy":"post_tag","embeddable":true,"href":"https:\/\/www.greenpeace.org\/czech\/wp-json\/wp\/v2\/tags?post=19336"},{"taxonomy":"p4-page-type","embeddable":true,"href":"https:\/\/www.greenpeace.org\/czech\/wp-json\/wp\/v2\/p4-page-type?post=19336"}],"curies":[{"name":"wp","href":"https:\/\/api.w.org\/{rel}","templated":true}]}}