{"id":19374,"date":"2023-09-14T10:15:02","date_gmt":"2023-09-14T09:15:02","guid":{"rendered":"https:\/\/www.greenpeace.org\/czech\/?p=19374"},"modified":"2023-09-14T14:24:10","modified_gmt":"2023-09-14T13:24:10","slug":"nova-analyza-odhalila-rozsah-destrukce-oceanu-greenpeace-zada-urychlenou-ratifikaci-oceanske-umluvy-a-moratorium-na-hlubokomorskou-tezbu","status":"publish","type":"post","link":"https:\/\/www.greenpeace.org\/czech\/tiskova-zprava\/19374\/nova-analyza-odhalila-rozsah-destrukce-oceanu-greenpeace-zada-urychlenou-ratifikaci-oceanske-umluvy-a-moratorium-na-hlubokomorskou-tezbu\/","title":{"rendered":"Nov\u00e1 anal\u00fdza odhalila rozsah destrukce oce\u00e1n\u016f. Greenpeace \u017e\u00e1d\u00e1 urychlenou ratifikaci oce\u00e1nsk\u00e9 \u00famluvy a moratorium na hlubokomo\u0159skou t\u011b\u017ebu\u00a0\u00a0"},"content":{"rendered":"\n<p>Destrukce oce\u00e1n\u016f pokra\u010duje a dokonce se stup\u0148uje. A to i v t\u011bch nejcenn\u011bj\u0161\u00edch oblastech, kter\u00e9 by do roku 2030 m\u011bly b\u00fdt chr\u00e1n\u011bny. To jsou <a href=\"https:\/\/www.greenpeace.org\/international\/publication\/62121\/30x30-from-global-ocean-treaty-to-protection-at-sea\/\">z\u00e1v\u011bry dnes zve\u0159ejn\u011bn\u00e9 anal\u00fdzy<\/a>, kterou nechala vypracovat Greenpeace International. \u010cesk\u00e1 pobo\u010dka Greenpeace proto dnes vyzvala vl\u00e1du, ob\u011b komory parlamentu a prezidenta \u010cR, aby co nejd\u0159\u00edve ratifikovaly glob\u00e1ln\u00ed oce\u00e1nskou \u00famluvu, kter\u00e1 umo\u017e\u0148uje vytvo\u0159it mo\u0159sk\u00e9 rezervace na 30 % voln\u00fdch mo\u0159\u00ed. Smlouva se ofici\u00e1ln\u011b otev\u0159e k podpisu ji\u017e <a href=\"https:\/\/treaties.un.org\/\">p\u0159\u00ed\u0161t\u00ed t\u00fdden 20. z\u00e1\u0159\u00ed v s\u00eddle OSN v New Yorku<\/a>.<\/p>\n\n<figure class=\"wp-block-image size-full\"><img loading=\"lazy\" decoding=\"async\" width=\"800\" height=\"503\" src=\"https:\/\/www.greenpeace.org\/static\/planet4-czech-republic-stateless\/2023\/01\/8602b20a-zelva-ryby.jpg\" alt=\"\" class=\"wp-image-18227\" srcset=\"https:\/\/www.greenpeace.org\/static\/planet4-czech-republic-stateless\/2023\/01\/8602b20a-zelva-ryby.jpg 800w, https:\/\/www.greenpeace.org\/static\/planet4-czech-republic-stateless\/2023\/01\/8602b20a-zelva-ryby-300x189.jpg 300w, https:\/\/www.greenpeace.org\/static\/planet4-czech-republic-stateless\/2023\/01\/8602b20a-zelva-ryby-768x483.jpg 768w, https:\/\/www.greenpeace.org\/static\/planet4-czech-republic-stateless\/2023\/01\/8602b20a-zelva-ryby-510x321.jpg 510w\" sizes=\"auto, (max-width: 800px) 100vw, 800px\" \/><\/figure>\n\n<p>Rychl\u00e1 ratifikace oce\u00e1nsk\u00e9 \u00famluvy nen\u00ed jedin\u00fd zp\u016fsob, jak m\u016f\u017ee \u010cesko p\u0159isp\u011bt k ochran\u011b oce\u00e1n\u016f. Ji\u017e v listopadu prob\u011bhne dal\u0161\u00ed jedn\u00e1n\u00ed Rady \u00da\u0159adu pro mo\u0159sk\u00e9 dno, jej\u00edm\u017e \u010dlenem je i \u010cesko. To se posledn\u00edho jedn\u00e1n\u00ed v jamajsk\u00e9m Kingstonu <a href=\"https:\/\/www.greenpeace.org\/czech\/tiskova-zprava\/19191\/jednani-o-morskem-dne-skoncilo-rozpacite-cesi-nedorazili-tezba-nedostala-zelenou-ale-zustava-hrozbou\/\">ne\u00fa\u010dastnilo a nep\u0159ipojilo se zat\u00edm ofici\u00e1ln\u011b ke st\u00e1t\u016fm, kter\u00e9 volaj\u00ed po moratoriu na hlubokomo\u0159skou t\u011b\u017ebu<\/a>. Greenpeace po\u017eaduje, aby se \u010cesko &#8211; podobn\u011b jako <a href=\"https:\/\/www.ft.com\/content\/545da351-bd86-4145-9269-44857b89650e\">nap\u0159\u00edklad N\u011bmecko \u010di Francie<\/a> nebo <a href=\"https:\/\/sevenseasmedia.org\/major-companies-are-pledging-against-deep-sea-mining\/\">\u0159ada velk\u00fdch firem v\u010detn\u011b \u010desk\u00e9 \u0160koda Auto<\/a> &#8211; postavilo za ochranu mo\u0159sk\u00e9ho dna a podpo\u0159ilo moratorium na hlubokomo\u0159skou t\u011b\u017ebu.<\/p>\n\n<p><strong>Jan Freidinger, vedouc\u00ed oce\u00e1nsk\u00e9 kampan\u011b Greenpeace \u010cR, \u0159\u00edk\u00e1: <\/strong><strong><br><\/strong>\u201c<em>V b\u0159eznu se cel\u00fd sv\u011bt po 20 letech dohadov\u00e1n\u00ed kone\u010dn\u011b shodl na nutnosti chr\u00e1nit t\u0159etinu voln\u00fdch mo\u0159\u00ed. Aby ale tato p\u0159elomov\u00e1 dohoda vstoupila v platnost, je t\u0159eba, aby ji ratifikovalo alespo\u0148 60 st\u00e1t\u016f, a to co nejrychleji. Jinak se z v\u00edt\u011bzstv\u00ed pro sv\u011btov\u00e9 oce\u00e1ny m\u016f\u017ee st\u00e1t velk\u00e1 blam\u00e1\u017e. Douf\u00e1me proto, \u017ee \u010cesko bude mezi prvn\u00edmi st\u00e1ty, kter\u00e9 tolik pot\u0159ebnou dohodu o ochran\u011b oce\u00e1n\u016f ratifikuj\u00ed. A \u017ee se postav\u00ed i nov\u00e9 hrozb\u011b pro sv\u011btov\u00e9 oce\u00e1ny a sv\u00fdm hlasem p\u0159isp\u011bje ke schv\u00e1len\u00ed moratoria na hlubokomo\u0159skou t\u011b\u017ebu.\u201c&nbsp; <\/em>&nbsp;<\/p>\n\n<p>Jak ukazuj\u00ed data z dnes vydan\u00e9 anal\u00fdzy, tlak na oce\u00e1ny vytrvale stoup\u00e1, a to i v t\u011bch nejcenn\u011bj\u0161\u00edch oblastech. V letech 2018 a\u017e 2022 se po\u010det hodin, ve kter\u00fdch byly i ekologicky v\u00fdznamn\u00e9 oblasti doporu\u010den\u00e9 k ochran\u011b vystaveny ryb\u00e1\u0159sk\u00e9mu tlaku se zv\u00fd\u0161il o 22.5 %. [1] Podle Greenpeace to jasn\u011b ukazuje nal\u00e9havou pot\u0159ebu jednat, proto\u017ee s ka\u017ed\u00fdm okam\u017eikem prodlen\u00ed se hrozby na voln\u00e9m mo\u0159i zhor\u0161uj\u00ed. Proto dnes organizace Greenpeace zah\u00e1jila dal\u0161\u00ed f\u00e1zi oce\u00e1nsk\u00e9 kampan\u011b s c\u00edlem p\u0159im\u011bt st\u00e1ty, v\u010detn\u011b \u010cesk\u00e9 republiky, aby smlouvu podepsaly co nejd\u0159\u00edve a bez zbyte\u010dn\u00e9ho prodlen\u00ed podaly n\u00e1vrhy na nov\u00e9 oce\u00e1nsk\u00e9 rezervace.<\/p>\n\n<p>Dnes vydan\u00e1 zpr\u00e1va podrobn\u011b popisuje, jak oteplov\u00e1n\u00ed, okyselov\u00e1n\u00ed a zne\u010di\u0161t\u011bn\u00ed oce\u00e1n\u016f st\u00e1le v\u00edce zat\u011b\u017euj\u00ed podmo\u0159sk\u00e9 ekosyst\u00e9my. Z\u00e1rove\u0148 zpr\u00e1va zmi\u0148uje i nov\u00e9 hrozby, kter\u00e9 mohou oce\u00e1ny ni\u010dit, jako je p\u0159edev\u0161\u00edm hlubokomo\u0159sk\u00e1 t\u011b\u017eba. Greenpeace ve sv\u00e9 zpr\u00e1v\u011b z\u00e1rove\u0148 popisuje politick\u00e9 kroky a opat\u0159en\u00ed, kter\u00e9 jsou nezbytn\u00e9 pro efektivn\u00ed napln\u011bn\u00ed hlavn\u00edho c\u00edle \u00famluvy &#8211;&nbsp; vytvo\u0159en\u00ed oce\u00e1nsk\u00fdch rezervac\u00ed na 30 % voln\u00fdch mo\u0159\u00ed. Doporu\u010duje, aby se mezi prvn\u00ed soubor oce\u00e1nsk\u00fdch rezervac\u00ed za\u0159adily t\u0159i konkr\u00e9tn\u00ed lokality na voln\u00e9m mo\u0159i, a to vzhledem k jejich ekologick\u00e9mu v\u00fdznamu: C\u00edsa\u0159sk\u00fd podmo\u0159sk\u00fd \u0159et\u011bzec (Emperor Seamount Chain) v severoz\u00e1padn\u00edm Pacifiku, Sargasov\u00e9 mo\u0159e (Sargasso Sea) v Atlantsk\u00e9m oce\u00e1nu, v n\u011bm\u017e se rozmno\u017euj\u00ed i \u010de\u0161t\u00ed \u00faho\u0159i, a ji\u017en\u00ed \u010d\u00e1st Tasmanova mo\u0159e (Lord Howe Rise) mezi Austr\u00e1li\u00ed a Nov\u00fdm Z\u00e9landem.<\/p>\n\n<figure class=\"wp-block-embed is-type-video is-provider-youtube wp-block-embed-youtube wp-embed-aspect-16-9 wp-has-aspect-ratio\"><div class=\"wp-block-embed__wrapper\">\n<lite-youtube style=\"background-image: url('https:\/\/i.ytimg.com\/vi\/6RHUawBRjUI\/hqdefault.jpg');\" videoid=\"6RHUawBRjUI\" params=\"rel=0\"><\/lite-youtube>\n<\/div><\/figure>\n\n<p>Vyd\u00e1n\u00ed zpr\u00e1vy o oce\u00e1nech doprov\u00e1z\u00ed i <a href=\"https:\/\/www.youtube.com\/watch?v=6RHUawBRjUI\">zve\u0159ejn\u011bn\u00ed nov\u00e9ho animovan\u00e9ho videa<\/a>, v n\u011bm\u017e slavn\u00e1 here\u010dka Jane Fonda spolu s Camilou Cabello a Simonem Peggem namluvila p\u0159\u00edb\u011bh o cest\u011b t\u0159\u00ed mo\u0159sk\u00fdch tvor\u016f, kte\u0159\u00ed se sna\u017e\u00ed uniknout hrozb\u00e1m popsan\u00fdm ve zpr\u00e1v\u011b Greenpeace a naj\u00edt oce\u00e1nskou rezervaci.<\/p>\n","protected":false},"excerpt":{"rendered":"<p>Destrukce oce\u00e1n\u016f pokra\u010duje a dokonce se stup\u0148uje. A to i v t\u011bch nejcenn\u011bj\u0161\u00edch oblastech, kter\u00e9 by do roku 2030 m\u011bly b\u00fdt chr\u00e1n\u011bny. To jsou z\u00e1v\u011bry dnes zve\u0159ejn\u011bn\u00e9 anal\u00fdzy, kterou nechala&hellip;<\/p>\n","protected":false},"author":27,"featured_media":18227,"comment_status":"open","ping_status":"closed","sticky":false,"template":"","format":"standard","meta":{"ep_exclude_from_search":false,"p4_og_title":"","p4_og_description":"","p4_og_image":"","p4_og_image_id":"","p4_seo_canonical_url":"","p4_campaign_name":"","p4_local_project":"","p4_basket_name":"","p4_department":"","footnotes":""},"categories":[2],"tags":[18],"p4-page-type":[14],"class_list":["post-19374","post","type-post","status-publish","format-standard","has-post-thumbnail","hentry","category-priroda","tag-oceany","p4-page-type-tiskova-zprava"],"_links":{"self":[{"href":"https:\/\/www.greenpeace.org\/czech\/wp-json\/wp\/v2\/posts\/19374","targetHints":{"allow":["GET"]}}],"collection":[{"href":"https:\/\/www.greenpeace.org\/czech\/wp-json\/wp\/v2\/posts"}],"about":[{"href":"https:\/\/www.greenpeace.org\/czech\/wp-json\/wp\/v2\/types\/post"}],"author":[{"embeddable":true,"href":"https:\/\/www.greenpeace.org\/czech\/wp-json\/wp\/v2\/users\/27"}],"replies":[{"embeddable":true,"href":"https:\/\/www.greenpeace.org\/czech\/wp-json\/wp\/v2\/comments?post=19374"}],"version-history":[{"count":3,"href":"https:\/\/www.greenpeace.org\/czech\/wp-json\/wp\/v2\/posts\/19374\/revisions"}],"predecessor-version":[{"id":19378,"href":"https:\/\/www.greenpeace.org\/czech\/wp-json\/wp\/v2\/posts\/19374\/revisions\/19378"}],"wp:featuredmedia":[{"embeddable":true,"href":"https:\/\/www.greenpeace.org\/czech\/wp-json\/wp\/v2\/media\/18227"}],"wp:attachment":[{"href":"https:\/\/www.greenpeace.org\/czech\/wp-json\/wp\/v2\/media?parent=19374"}],"wp:term":[{"taxonomy":"category","embeddable":true,"href":"https:\/\/www.greenpeace.org\/czech\/wp-json\/wp\/v2\/categories?post=19374"},{"taxonomy":"post_tag","embeddable":true,"href":"https:\/\/www.greenpeace.org\/czech\/wp-json\/wp\/v2\/tags?post=19374"},{"taxonomy":"p4-page-type","embeddable":true,"href":"https:\/\/www.greenpeace.org\/czech\/wp-json\/wp\/v2\/p4-page-type?post=19374"}],"curies":[{"name":"wp","href":"https:\/\/api.w.org\/{rel}","templated":true}]}}