{"id":19389,"date":"2023-09-19T07:50:49","date_gmt":"2023-09-19T06:50:49","guid":{"rendered":"https:\/\/www.greenpeace.org\/czech\/?p=19389"},"modified":"2023-09-19T07:50:56","modified_gmt":"2023-09-19T06:50:56","slug":"ze-sveta-financi-do-sveta-nezisku-2","status":"publish","type":"post","link":"https:\/\/www.greenpeace.org\/czech\/clanek\/19389\/ze-sveta-financi-do-sveta-nezisku-2\/","title":{"rendered":"Ze sv\u011bta financ\u00ed do sv\u011bta nezisku"},"content":{"rendered":"\n<p>Jan Freidinger v Greenpeace pracuje ji\u017e od roku 2006 a v sou\u010dasnosti vede biodiverzitn\u00ed kampan\u011b. Po \u00fasp\u011b\u0161n\u00e9m absolvov\u00e1n\u00ed politologie a mezin\u00e1rodn\u00edch vztah\u016f na Fakult\u011b soci\u00e1ln\u00edch v\u011bd Univerzity Karlovy za\u010dal pracovat pro soukrom\u00e9ho investora. I kdy\u017e bylo jeho zam\u011bstn\u00e1n\u00ed finan\u010dn\u011b lukrativn\u00ed, c\u00edtil, \u017ee mu nesed\u00ed. Tou\u017eil d\u011blat n\u011bco, co by m\u011blo hlub\u0161\u00ed smysl. A tak, kdy\u017e narazil na inzer\u00e1t, kter\u00fd popt\u00e1val tiskov\u00e9ho mluv\u010d\u00edho pro Greenpeace, rozhodl se vstoupit do sv\u011bta aktivismu a nezisku.<\/p>\n\n<p>V organizaci ho nakonec p\u0159esv\u011bd\u010dili, aby m\u00edsto tiskov\u00e9ho mluv\u010d\u00edho vedl kampa\u0148 zam\u011b\u0159enou na toxick\u00e9 zne\u010di\u0161t\u011bn\u00ed. Krom toxick\u00e9ho zne\u010di\u0161t\u011bn\u00ed se&nbsp;tak\u00e9 zab\u00fdval ot\u00e1zkami ochrany oce\u00e1n\u016f, co\u017e ho dohromady p\u0159im\u011blo vystudovat je\u0161t\u011b vysokou \u0161kolu Ryb\u00e1\u0159stv\u00ed a ochrany vod. N\u00e1sledn\u011b se v\u011bnoval tvorb\u011b unijn\u00edch pravidel pro obnoviteln\u00e9 zdroje a komunitn\u00ed energetiku,&nbsp; plastov\u00e9mu zne\u010di\u0161t\u011bn\u00ed a posledn\u00ed t\u0159i roky se v\u011bnuje ot\u00e1zk\u00e1m ochrany biodiversity.<\/p>\n\n<p>Ve sv\u00e9m voln\u00e9m \u010dase r\u00e1d sportuje, nyn\u00ed v\u0161ak tr\u00e1v\u00ed v\u00edce \u010dasu se svou rodinou. M\u00e1 v\u00e1\u0161e\u0148 pro ryba\u0159en\u00ed a mu\u0161ka\u0159en\u00ed. S rodinou se p\u0159est\u011bhoval na venkov, kde tr\u00e1v\u00ed voln\u00e9 chv\u00edle. Spolu s kamar\u00e1dy zalo\u017eil prvn\u00ed dru\u017estevn\u00ed kav\u00e1rnu v \u010cesku, nazvanou ROH, kterou najdete na pra\u017esk\u00e9m \u017di\u017ekov\u011b.<\/p>\n","protected":false},"excerpt":{"rendered":"<p>Jan Freidinger v Greenpeace pracuje ji\u017e od roku 2006 a v sou\u010dasnosti vede biodiverzitn\u00ed kampan\u011b. Po \u00fasp\u011b\u0161n\u00e9m absolvov\u00e1n\u00ed politologie a mezin\u00e1rodn\u00edch vztah\u016f na Fakult\u011b soci\u00e1ln\u00edch v\u011bd Univerzity Karlovy za\u010dal pracovat&hellip;<\/p>\n","protected":false},"author":74,"featured_media":19356,"comment_status":"open","ping_status":"closed","sticky":false,"template":"","format":"standard","meta":{"ep_exclude_from_search":false,"p4_og_title":"","p4_og_description":"","p4_og_image":"","p4_og_image_id":"","p4_seo_canonical_url":"","p4_campaign_name":"","p4_local_project":"","p4_basket_name":"","p4_department":"","footnotes":""},"categories":[30],"tags":[31],"p4-page-type":[16],"class_list":["post-19389","post","type-post","status-publish","format-standard","has-post-thumbnail","hentry","category-greenpeace","tag-o-nas","p4-page-type-clanek"],"_links":{"self":[{"href":"https:\/\/www.greenpeace.org\/czech\/wp-json\/wp\/v2\/posts\/19389","targetHints":{"allow":["GET"]}}],"collection":[{"href":"https:\/\/www.greenpeace.org\/czech\/wp-json\/wp\/v2\/posts"}],"about":[{"href":"https:\/\/www.greenpeace.org\/czech\/wp-json\/wp\/v2\/types\/post"}],"author":[{"embeddable":true,"href":"https:\/\/www.greenpeace.org\/czech\/wp-json\/wp\/v2\/users\/74"}],"replies":[{"embeddable":true,"href":"https:\/\/www.greenpeace.org\/czech\/wp-json\/wp\/v2\/comments?post=19389"}],"version-history":[{"count":1,"href":"https:\/\/www.greenpeace.org\/czech\/wp-json\/wp\/v2\/posts\/19389\/revisions"}],"predecessor-version":[{"id":19390,"href":"https:\/\/www.greenpeace.org\/czech\/wp-json\/wp\/v2\/posts\/19389\/revisions\/19390"}],"wp:featuredmedia":[{"embeddable":true,"href":"https:\/\/www.greenpeace.org\/czech\/wp-json\/wp\/v2\/media\/19356"}],"wp:attachment":[{"href":"https:\/\/www.greenpeace.org\/czech\/wp-json\/wp\/v2\/media?parent=19389"}],"wp:term":[{"taxonomy":"category","embeddable":true,"href":"https:\/\/www.greenpeace.org\/czech\/wp-json\/wp\/v2\/categories?post=19389"},{"taxonomy":"post_tag","embeddable":true,"href":"https:\/\/www.greenpeace.org\/czech\/wp-json\/wp\/v2\/tags?post=19389"},{"taxonomy":"p4-page-type","embeddable":true,"href":"https:\/\/www.greenpeace.org\/czech\/wp-json\/wp\/v2\/p4-page-type?post=19389"}],"curies":[{"name":"wp","href":"https:\/\/api.w.org\/{rel}","templated":true}]}}