{"id":19414,"date":"2023-09-19T16:45:17","date_gmt":"2023-09-19T15:45:17","guid":{"rendered":"https:\/\/www.greenpeace.org\/czech\/?p=19414"},"modified":"2025-07-02T08:12:27","modified_gmt":"2025-07-02T07:12:27","slug":"zlocin-proti-prirode-aktiviste-a-aktivistky-greenpeace-protestovali-u-firmy-ktera-zpracovava-ilegalne-vytezene-drevo","status":"publish","type":"post","link":"https:\/\/www.greenpeace.org\/czech\/clanek\/19414\/zlocin-proti-prirode-aktiviste-a-aktivistky-greenpeace-protestovali-u-firmy-ktera-zpracovava-ilegalne-vytezene-drevo\/","title":{"rendered":"Zlo\u010din proti p\u0159\u00edrod\u011b! Protest u firmy, kter\u00e1 zpracov\u00e1v\u00e1 ileg\u00e1ln\u011b vyt\u011b\u017een\u00e9 d\u0159evo"},"content":{"rendered":"\n<p>Dnes jsme protestovali v Chomutov\u011b, abychom upozornili na p\u0159evoz neleg\u00e1ln\u011b z\u00edskan\u00e9ho d\u0159eva ze vz\u00e1cn\u00fdch bu\u010din Kru\u0161n\u00fdch hor. Stromy zde byly star\u00e9 p\u0159es 170 let. Firma si o povolen\u00ed za\u017e\u00e1dala, ale je\u0161t\u011b ne\u017e Krajsk\u00fd \u00fa\u0159ad \u00dasteck\u00e9ho kraje rozhodl, buky vyk\u00e1cela. Kraj n\u00e1sledn\u011b rozhodl o z\u00e1kazu k\u00e1cen\u00ed, av\u0161ak les v t\u00e9 dob\u011b ji\u017e neexistoval. Pok\u00e1cen\u00e9 buky jsme sledovali pomoc\u00ed GPS trackeru do pr\u016fmyslov\u00e9 z\u00f3ny v Chomutov\u011b v m\u00edstn\u00ed \u010d\u00e1sti Zadn\u00ed Vinohrady.<\/p>\n\n<p>Protestovali jsme dnes v are\u00e1lu pily s transparenty jako &#8222;Zlo\u010din proti p\u0159\u00edrod\u011b&#8220; \u010di &#8222;Nenechme vz\u00e1cn\u00e9 lesy prolet\u011bt kom\u00ednem&#8220;.<\/p>\n\n<iframe loading=\"lazy\" src=\"https:\/\/www.facebook.com\/plugins\/post.php?href=https%3A%2F%2Fwww.facebook.com%2Fgreenpeace.cz%2Fposts%2Fpfbid02AYoqDTr9JSRkRvoswc7sgoGwjuyMy7C9XRwpUS9RSMeoQAaXxqPawBoGfQM5Ukhbl&#038;show_text=true&#038;width=500\" width=\"500\" height=\"821\" style=\"border:none;overflow:hidden\" scrolling=\"no\" frameborder=\"0\" allowfullscreen=\"true\" allow=\"autoplay; clipboard-write; encrypted-media; picture-in-picture; web-share\"><\/iframe>\n\t\t\t<section\n\t\t\tclass=\"boxout  \"\n\t\t\t\n\t\t>\n\t\t\t<a\n\t\t\t\tdata-ga-category=\"Take Action Boxout\"\n\t\t\t\tdata-ga-action=\"Image\"\n\t\t\t\tdata-ga-label=\"n\/a\"\n\t\t\t\tclass=\"cover-card-overlay\"\n\t\t\t\thref=\"https:\/\/www.nekacejte.cz\/krusne-hory\/\" \n\t\t\t><\/a>\n\t\t\t\t\t\t\t<img\n\t\t\t\t\t\tsrc=\"https:\/\/www.greenpeace.org\/static\/planet4-czech-republic-stateless\/2023\/08\/c672b1cb-dsb_6003_02_ibra_final_press-1024x683.jpg\"\n\t\t\t\t\t\tsrcset=\"https:\/\/www.greenpeace.org\/static\/planet4-czech-republic-stateless\/2023\/08\/c672b1cb-dsb_6003_02_ibra_final_press-300x200.jpg 300w, https:\/\/www.greenpeace.org\/static\/planet4-czech-republic-stateless\/2023\/08\/c672b1cb-dsb_6003_02_ibra_final_press-1024x683.jpg 1024w, https:\/\/www.greenpeace.org\/static\/planet4-czech-republic-stateless\/2023\/08\/c672b1cb-dsb_6003_02_ibra_final_press-768x512.jpg 768w, https:\/\/www.greenpeace.org\/static\/planet4-czech-republic-stateless\/2023\/08\/c672b1cb-dsb_6003_02_ibra_final_press-1536x1024.jpg 1536w, https:\/\/www.greenpeace.org\/static\/planet4-czech-republic-stateless\/2023\/08\/c672b1cb-dsb_6003_02_ibra_final_press-2048x1366.jpg 2048w, https:\/\/www.greenpeace.org\/static\/planet4-czech-republic-stateless\/2023\/08\/c672b1cb-dsb_6003_02_ibra_final_press-510x340.jpg 510w\"\n\t\t\t\t\t\tsizes=\"(min-width: 1000px) 358px, (min-width: 780px) 313px, 88px\"\n\t\t\t\t\t\talt=\"\" title=\"\"\n\t\t\t\t\/>\n            \t\t\t<div class=\"boxout-content\">\n\t\t\t\t\t\t\t\t\t<a\n\t\t\t\t\t\tclass=\"boxout-heading medium\"\n\t\t\t\t\t\tdata-ga-category=\"Take Action Boxout\"\n\t\t\t\t\t\tdata-ga-action=\"Title\"\n\t\t\t\t\t\tdata-ga-label=\"n\/a\"\n\t\t\t\t\t\thref=\"https:\/\/www.nekacejte.cz\/krusne-hory\/\"\n\t\t\t\t\t\t\n\t\t\t\t\t>\n\t\t\t\t\t\tPodpo\u0159te ochranu star\u00fdch les\u016f a p\u0159ipojte se k v\u00fdzv\u011b &#8222;Nek\u00e1cejte&#8220;\n\t\t\t\t\t<\/a>\n\t\t\t\t\t\t\t\t                                    <a\n                        class=\"btn btn-primary\"\n                        data-ga-category=\"Take Action Boxout\"\n                        data-ga-action=\"Call to Action\"\n                        data-ga-label=\"n\/a\"\n                        href=\"https:\/\/www.nekacejte.cz\/krusne-hory\/\"\n                        \n                    >\n                        PODEPSAT V\u00ddZVU\n                    <\/a>\n                \t\t\t<\/div>\n\t\t\t\t\t<\/section>\n\t\n<p>Spolu s m\u00edstn\u00edmi obyvateli pova\u017eujeme za neuv\u011b\u0159iteln\u00e9, \u017ee \u00fa\u0159ady v p\u0159\u00edpadech neleg\u00e1ln\u00edho k\u00e1cen\u00ed v Kru\u0161n\u00fdch hor\u00e1ch nijak nejednaj\u00ed. P\u0159esto\u017ee jsme ji\u017e na ja\u0159e podali spolu s m\u011bstem Horn\u00ed Ji\u0159et\u00edn podn\u011bty na \u010ceskou inspekci \u017eivotn\u00edho prost\u0159ed\u00ed a Krajsk\u00fd \u00fa\u0159ad \u00dasteck\u00e9ho kraje, ty nebyly schopn\u00e9 dodnes rozhodnout a potrestat neleg\u00e1ln\u00ed k\u00e1cen\u00ed. Opakuje se tak situace z lo\u0148ska, kdy Greenpeace upozornilo a podalo podn\u011bty na neleg\u00e1ln\u00ed k\u00e1cen\u00ed Les\u016f \u010cR u Litv\u00ednova, ale inspekce ani \u00fasteck\u00fd krajsk\u00fd \u00fa\u0159ad o n\u011bm dodnes nerozhodly.<\/p>\n\n<p>Spolu s m\u011bstem Horn\u00ed Ji\u0159et\u00edn jsme v kv\u011btnu podali na firmu Royal Pine trestn\u00ed ozn\u00e1men\u00ed kv\u016fli podez\u0159en\u00ed ze sp\u00e1ch\u00e1n\u00ed trestn\u00e9ho \u010dinu po\u0161kozen\u00ed lesa. Policie p\u0159\u00edpad st\u00e1le vy\u0161et\u0159uje.<\/p>\n\n<p>D\u0159evo z Mari\u00e1nsk\u00e9ho \u00fadol\u00ed jsme sledovali ji\u017e v minul\u00fdch m\u011bs\u00edc\u00edch. D\u00edky tomu jsme zjistili, \u017ee \u010d\u00e1st d\u0159eva z Mari\u00e1nsk\u00e9ho \u00dadol\u00ed byla v kv\u011btnu roz\u0159ez\u00e1na na t\u00e9\u017ee pile a skon\u010dila jako palivov\u00e9 d\u0159\u00edv\u00ed u soukrom\u00fdch osob.<\/p>\n\n<p>Dlouhodob\u011b kritizujeme rostouc\u00ed m\u00edru k\u00e1cen\u00ed ve star\u00fdch les\u00edch, jeho\u017e odstra\u0161uj\u00edc\u00edm p\u0159\u00edkladem je pr\u00e1v\u011b ileg\u00e1ln\u00ed k\u00e1cen\u00ed v Mari\u00e1nsk\u00e9m \u00dadol\u00ed. Ministr zem\u011bd\u011blstv\u00ed V\u00fdborn\u00fd sice nem\u016f\u017ee nena\u0159\u00eddit soukrom\u00e9 firm\u011b neni\u010dit star\u00e9 lesy, ale m\u016f\u017ee snadno na\u0159\u00eddit ochranu star\u00fdch les\u016f ve st\u00e1tn\u00edm vlastnictv\u00ed. Proto vyz\u00fdv\u00e1me ministra a Lesy \u010cR, aby alespo\u0148 ve st\u00e1tn\u00edch les\u00edch okam\u017eit\u011b p\u0159estaly s k\u00e1cen\u00edm les\u016f star\u0161\u00edch 120 let. V\u00fdzvu dosud podepsalo p\u0159es 16 tis\u00edc lid\u00ed.<\/p>\n\n<p>Nen\u00ed mo\u017en\u00e9 k\u00e1cet bez povolen\u00ed a je\u0161t\u011b se na takov\u00e9m d\u0159evu obohacovat. Star\u00e9 lesy, pln\u00e9 biodiverzity a v\u00fdznamn\u00e9 pro ochranu p\u0159\u00edrody, se k\u00e1c\u00ed jen pro pen\u00edze a sp\u00e1len\u00ed v kamnech. Douf\u00e1me, \u017ee v Kru\u0161n\u00fdch hor\u00e1ch bude co nejd\u0159\u00edve vyhl\u00e1\u0161ena chr\u00e1n\u011bn\u00e1 krajinn\u00e1 oblast a vl\u00e1da za\u010dne plo\u0161n\u011b chr\u00e1nit st\u00e1tn\u00ed lesy.<\/p>\n","protected":false},"excerpt":{"rendered":"<p>Dnes jsme protestovali v Chomutov\u011b, abychom upozornili na p\u0159evoz neleg\u00e1ln\u011b z\u00edskan\u00e9ho d\u0159eva ze vz\u00e1cn\u00fdch bu\u010din Kru\u0161n\u00fdch hor. Stromy zde byly star\u00e9 p\u0159es 170 let. Firma si o povolen\u00ed za\u017e\u00e1dala, ale&hellip;<\/p>\n","protected":false},"author":30,"featured_media":19405,"comment_status":"open","ping_status":"closed","sticky":false,"template":"","format":"standard","meta":{"ep_exclude_from_search":false,"p4_og_title":"","p4_og_description":"","p4_og_image":"","p4_og_image_id":"","p4_seo_canonical_url":"","p4_campaign_name":"","p4_local_project":"","p4_basket_name":"","p4_department":"","footnotes":""},"categories":[2],"tags":[17],"p4-page-type":[16],"class_list":["post-19414","post","type-post","status-publish","format-standard","has-post-thumbnail","hentry","category-priroda","tag-lesy-pralesy","p4-page-type-clanek"],"_links":{"self":[{"href":"https:\/\/www.greenpeace.org\/czech\/wp-json\/wp\/v2\/posts\/19414","targetHints":{"allow":["GET"]}}],"collection":[{"href":"https:\/\/www.greenpeace.org\/czech\/wp-json\/wp\/v2\/posts"}],"about":[{"href":"https:\/\/www.greenpeace.org\/czech\/wp-json\/wp\/v2\/types\/post"}],"author":[{"embeddable":true,"href":"https:\/\/www.greenpeace.org\/czech\/wp-json\/wp\/v2\/users\/30"}],"replies":[{"embeddable":true,"href":"https:\/\/www.greenpeace.org\/czech\/wp-json\/wp\/v2\/comments?post=19414"}],"version-history":[{"count":7,"href":"https:\/\/www.greenpeace.org\/czech\/wp-json\/wp\/v2\/posts\/19414\/revisions"}],"predecessor-version":[{"id":22319,"href":"https:\/\/www.greenpeace.org\/czech\/wp-json\/wp\/v2\/posts\/19414\/revisions\/22319"}],"wp:featuredmedia":[{"embeddable":true,"href":"https:\/\/www.greenpeace.org\/czech\/wp-json\/wp\/v2\/media\/19405"}],"wp:attachment":[{"href":"https:\/\/www.greenpeace.org\/czech\/wp-json\/wp\/v2\/media?parent=19414"}],"wp:term":[{"taxonomy":"category","embeddable":true,"href":"https:\/\/www.greenpeace.org\/czech\/wp-json\/wp\/v2\/categories?post=19414"},{"taxonomy":"post_tag","embeddable":true,"href":"https:\/\/www.greenpeace.org\/czech\/wp-json\/wp\/v2\/tags?post=19414"},{"taxonomy":"p4-page-type","embeddable":true,"href":"https:\/\/www.greenpeace.org\/czech\/wp-json\/wp\/v2\/p4-page-type?post=19414"}],"curies":[{"name":"wp","href":"https:\/\/api.w.org\/{rel}","templated":true}]}}