{"id":19425,"date":"2023-09-15T10:58:00","date_gmt":"2023-09-15T09:58:00","guid":{"rendered":"https:\/\/www.greenpeace.org\/czech\/?p=19425"},"modified":"2023-09-20T23:02:40","modified_gmt":"2023-09-20T22:02:40","slug":"z-historie-greenpeace-jak-parta-hipiku-na-stare-kocabce-jela-zabranit-vybuchu-jaderne-bomby","status":"publish","type":"post","link":"https:\/\/www.greenpeace.org\/czech\/clanek\/19425\/z-historie-greenpeace-jak-parta-hipiku-na-stare-kocabce-jela-zabranit-vybuchu-jaderne-bomby\/","title":{"rendered":"Z historie Greenpeace: Jak parta hip\u00edk\u016f na star\u00e9 koc\u00e1bce jela zabr\u00e1nit v\u00fdbuchu jadern\u00e9 bomby"},"content":{"rendered":"\n<p>Skupina m\u00edrov\u00fdch aktivist\u016f, vizion\u00e1\u0159\u016f a\u00a0pacifist\u016f z\u00a0kanadsk\u00e9ho Vancouveru vyplula 15.\u00a0z\u00e1\u0159\u00ed 1971\u00a0na mo\u0159e, aby protestovala proti americk\u00fdm jadern\u00fdm test\u016fm u\u00a0ostrova Am\u010ditka na Alja\u0161ce. Tak za\u010dala historie Greenpeace a\u00a0modern\u00edho ekologick\u00e9ho hnut\u00ed.<\/p>\n\n<figure class=\"wp-block-image size-large\"><img loading=\"lazy\" decoding=\"async\" width=\"1024\" height=\"686\" src=\"https:\/\/www.greenpeace.org\/static\/planet4-czech-republic-stateless\/2021\/03\/685f679a-gp019id_medium_res-1024x686.jpg\" alt=\"\" class=\"wp-image-13050\" srcset=\"https:\/\/www.greenpeace.org\/static\/planet4-czech-republic-stateless\/2021\/03\/685f679a-gp019id_medium_res-1024x686.jpg 1024w, https:\/\/www.greenpeace.org\/static\/planet4-czech-republic-stateless\/2021\/03\/685f679a-gp019id_medium_res-300x201.jpg 300w, https:\/\/www.greenpeace.org\/static\/planet4-czech-republic-stateless\/2021\/03\/685f679a-gp019id_medium_res-768x515.jpg 768w, https:\/\/www.greenpeace.org\/static\/planet4-czech-republic-stateless\/2021\/03\/685f679a-gp019id_medium_res-507x340.jpg 507w, https:\/\/www.greenpeace.org\/static\/planet4-czech-republic-stateless\/2021\/03\/685f679a-gp019id_medium_res.jpg 1200w\" sizes=\"auto, (max-width: 1024px) 100vw, 1024px\" \/><figcaption class=\"wp-element-caption\">Plavba Greenpeace na Am\u010ditku v\u00a0roce 1971.<\/figcaption><\/figure>\n\n<p>P\u0159\u00edb\u011bh nejzn\u00e1m\u011bj\u0161\u00ed sv\u011btov\u00e9 ekologick\u00e9 organizace <a href=\"https:\/\/en.wikipedia.org\/wiki\/Greenpeace\">Greenpeace<\/a> se za\u010dal ps\u00e1t na p\u0159elomu 60.\u00a0a\u00a070.\u00a0let ve Vancouveru. V\u00a0kanadsk\u00e9 metropoli se v\u00a0t\u00e9 dob\u011b utvo\u0159ila obrovsk\u00e1 komunita hip\u00edk\u016f, kvaker\u016f, americk\u00fdch branc\u016f schov\u00e1vaj\u00edc\u00edch se p\u0159ed narukov\u00e1n\u00edm do v\u00e1lky ve Vietnamu, um\u011blc\u016f, volnomy\u0161lenk\u00e1\u0159\u016f a\u00a0vizion\u00e1\u0159\u016f s\u00a0touhou zm\u011bnit sv\u011bt. V\u00a0podhoub\u00ed m\u00edrov\u00e9ho hnut\u00ed za\u010dala vznikat komunita, kter\u00e1 cht\u011bla krom\u011b sv\u011btov\u00e9ho m\u00edru \u0159e\u0161it i\u00a0environment\u00e1ln\u00ed probl\u00e9my. Ty tehdy za\u010d\u00ednaly b\u00fdt \u010d\u00edm d\u00e1l viditeln\u011bj\u0161\u00ed.<\/p>\n\n<figure class=\"wp-block-embed is-type-wp-embed is-provider-greenpeace-ceska-republika wp-block-embed-greenpeace-ceska-republika\"><div class=\"wp-block-embed__wrapper\">\n<blockquote class=\"wp-embedded-content\" data-secret=\"sT5EI5gG2w\"><a href=\"https:\/\/www.greenpeace.org\/czech\/tiskova-zprava\/14804\/vzpominani-pametniku-na-50-let-greenpeace-ve-svete-a-30-let-v-cr-vznik-greenpeace-byl-temer-myticka-zalezitost\/\">Vzpom\u00edn\u00e1n\u00ed pam\u011btn\u00edk\u016f na 50 let Greenpeace ve sv\u011bt\u011b a 30 let v \u010cR: Vznik Greenpeace byl t\u00e9m\u011b\u0159 m\u00fdtick\u00e1 z\u00e1le\u017eitost<\/a><\/blockquote><iframe loading=\"lazy\" class=\"wp-embedded-content\" sandbox=\"allow-scripts\" security=\"restricted\" style=\"position: absolute; clip: rect(1px, 1px, 1px, 1px);\" title=\"&#8222;Vzpom\u00edn\u00e1n\u00ed pam\u011btn\u00edk\u016f na 50 let Greenpeace ve sv\u011bt\u011b a 30 let v \u010cR: Vznik Greenpeace byl t\u00e9m\u011b\u0159 m\u00fdtick\u00e1 z\u00e1le\u017eitost&#8220; &#8212; Greenpeace \u010cesk\u00e1 republika\" src=\"https:\/\/www.greenpeace.org\/czech\/tiskova-zprava\/14804\/vzpominani-pametniku-na-50-let-greenpeace-ve-svete-a-30-let-v-cr-vznik-greenpeace-byl-temer-myticka-zalezitost\/embed\/#?secret=NdcQBcbosp#?secret=sT5EI5gG2w\" data-secret=\"sT5EI5gG2w\" width=\"500\" height=\"282\" frameborder=\"0\" marginwidth=\"0\" marginheight=\"0\" scrolling=\"no\"><\/iframe>\n<\/div><\/figure>\n\n<p>\u00dapln\u011b prvn\u00ed kampan\u00ed, kterou tato skupinka &#8211; tehdy je\u0161t\u011b pod n\u00e1zvem Don\u2019t Make a&nbsp;Wave Committee &#8211; za\u010dala \u0159e\u0161it, byl odpor proti podzemn\u00edm jadern\u00fdm test\u016fm u&nbsp;ostrova Am\u010ditka na Alja\u0161ce. V\u00fdbuchy, kter\u00e9 krom\u011b \u00faniku radioaktivity mohly zp\u016fsobit i&nbsp;vlny tsunami, v&nbsp;t\u00e9 dob\u011b na sv\u00e9m neobydlen\u00e9m \u00fazem\u00ed prov\u00e1d\u011bla americk\u00e1 vl\u00e1da. Jadern\u00e9 v\u00fdbuchy v&nbsp;sob\u011b v&nbsp;o\u010d\u00edch aktivist\u016f kombinovaly hrozby jak pro sv\u011btov\u00fd m\u00edr, tak pro \u017eivotn\u00ed prost\u0159ed\u00ed. Ekologov\u00e9 sehnali starou lo\u010f, b\u00fdvalou ryb\u00e1\u0159skou b\u00e1rku jm\u00e9nem Phyllis Cormack, p\u0159ejmenovali ji na Greenpeace (zelen\u00fd m\u00edr) a&nbsp;nabrali sm\u011br do m\u00edst, kde se m\u011bly jadern\u00e9 n\u00e1lo\u017ee odpalovat. Doufali, \u017ee jejich p\u0159\u00edtomnost na m\u00edst\u011b donut\u00ed americkou vl\u00e1du, aby od test\u016f upustila.<\/p>\n\n<p>\u00dast\u0159edn\u00ed postavou, kter\u00e1 formovala p\u0159\u00edstup Greenpeace k\u00a0veden\u00ed kampan\u00ed a\u00a0k pr\u00e1ci s\u00a0informacemi, byl novin\u00e1\u0159 Robert Hunter. Ten si u\u017e v\u00a0t\u00e9 dob\u011b uv\u011bdomoval, \u017ee aby dok\u00e1zal lidi zas\u00e1hnout, zaujmout a\u00a0mobilizovat, mus\u00ed vypr\u00e1v\u011bt siln\u00fd p\u0159\u00edb\u011bh, kter\u00fd v\u00a0sob\u011b ukr\u00fdv\u00e1 n\u011bco, \u010demu \u0159\u00edkal \u201emind bomb\u201c. Dnes bychom \u0159ekli, \u017ee m\u011bl na mysli vir\u00e1ln\u00ed potenci\u00e1l. P\u0159\u00edb\u011bh o \u201eband\u011b hip\u00edk\u016f\u201c, kte\u0159\u00ed se na koc\u00e1bce vydali \u010delit americk\u00e9 arm\u00e1d\u011b a\u00a0jej\u00edmu nukle\u00e1rn\u00edmu arzen\u00e1lu, vir\u00e1ln\u00ed potenci\u00e1l bezesporu m\u011bl. P\u0159esto\u017ee se tehdy dvan\u00e1ct rozhn\u011bvan\u00fdch mu\u017e\u016f na lodi Greenpeace Am\u010ditce ani nep\u0159ibl\u00ed\u017eilo, proto\u017ee jim cestu zatarasil americk\u00fd bitevn\u00ed k\u0159i\u017en\u00edk USS Confidence, dok\u00e1zali odvypr\u00e1v\u011bt sv\u016fj p\u0159\u00edb\u011bh, upozornit na probl\u00e9m a\u00a0z\u00edskat na svou stranu sympatie ve\u0159ejnosti.<\/p>\n\n<figure class=\"wp-block-image size-large\"><img loading=\"lazy\" decoding=\"async\" width=\"1024\" height=\"691\" src=\"https:\/\/www.greenpeace.org\/static\/planet4-czech-republic-stateless\/2021\/09\/504e4e68-gp0sttiqw_pressmedia-1-1024x691.jpg\" alt=\"\" class=\"wp-image-14780\" srcset=\"https:\/\/www.greenpeace.org\/static\/planet4-czech-republic-stateless\/2021\/09\/504e4e68-gp0sttiqw_pressmedia-1-1024x691.jpg 1024w, https:\/\/www.greenpeace.org\/static\/planet4-czech-republic-stateless\/2021\/09\/504e4e68-gp0sttiqw_pressmedia-1-300x202.jpg 300w, https:\/\/www.greenpeace.org\/static\/planet4-czech-republic-stateless\/2021\/09\/504e4e68-gp0sttiqw_pressmedia-1-768x518.jpg 768w, https:\/\/www.greenpeace.org\/static\/planet4-czech-republic-stateless\/2021\/09\/504e4e68-gp0sttiqw_pressmedia-1-1536x1036.jpg 1536w, https:\/\/www.greenpeace.org\/static\/planet4-czech-republic-stateless\/2021\/09\/504e4e68-gp0sttiqw_pressmedia-1-504x340.jpg 504w, https:\/\/www.greenpeace.org\/static\/planet4-czech-republic-stateless\/2021\/09\/504e4e68-gp0sttiqw_pressmedia-1.jpg 1956w\" sizes=\"auto, (max-width: 1024px) 100vw, 1024px\" \/><figcaption class=\"wp-element-caption\">Plavba Greenpeace na Am\u010ditku v\u00a0roce 1971.<\/figcaption><\/figure>\n\n<p>Kdy\u017e lo\u010f Greenpeace pluj\u00edc\u00ed do Am\u010ditky zastavili u&nbsp;ostrova Akutan ameri\u010dt\u00ed n\u00e1mo\u0159n\u00edci, aktivist\u016fm vyj\u00e1d\u0159ili podporu s&nbsp;t\u00edm, \u017ee jen pln\u00ed rozkazy, ale \u017ee s&nbsp;jadern\u00fdmi testy nesouhlas\u00ed, dokonce jim sv\u00e9 vyj\u00e1d\u0159en\u00ed p\u0159edali \u010dern\u00e9 na b\u00edl\u00e9m i&nbsp;s podpisy. Rozkazy ale zn\u011bly jasn\u011b a&nbsp;aktivist\u00e9 nesm\u011bli d\u00e1l.<\/p>\n\n<p>Kdy\u017e se pak lo\u010f Greenpeace vr\u00e1tila do p\u0159\u00edstavu ve Vancouveru, v\u00edtaly ji tis\u00edce p\u0159\u00edznivc\u016f. Nejbli\u017e\u0161\u00ed v\u00fdbuch v&nbsp;Am\u010ditce se sice zastavit nepoda\u0159ilo, ale kolem jadern\u00fdch test\u016f vznikla takov\u00e1 kontroverze, \u017ee to byl za\u010d\u00e1tek jejich konce. Cesta do m\u00edsta jadern\u00e9ho v\u00fdbuchu byla natolik sledovan\u00e1, \u017ee vyvolala celosv\u011btovou diskuzi a&nbsp;jadern\u00e9 mocnosti se dohodly, \u017ee ustoup\u00ed od podzemn\u00edch test\u016f. Jedin\u00fdm st\u00e1tem, kter\u00fd se odm\u00edtl p\u0159idat, byla Francie. Ta zm\u011bnila n\u00e1zor a\u017e po s\u00e9rii nen\u00e1siln\u00fdch p\u0159\u00edm\u00fdch akc\u00ed Greenpeace a&nbsp;pod tlakem ve\u0159ejnosti <a href=\"https:\/\/www.nytimes.com\/1992\/04\/09\/world\/france-suspends-its-testing-of-nuclear-weapons.html\">o&nbsp;n\u011bco pozd\u011bji<\/a>.<\/p>\n\n<p>A dnes? Testovat jadern\u00e9 zbran\u011b u\u017e nen\u00ed norm\u00e1ln\u00ed. Naopak je to n\u011bco divn\u00e9ho, obskurn\u00edho a&nbsp;nep\u0159\u00edpustn\u00e9ho. Opakovan\u011b dnes odpaluje jadern\u00e9 bomby u\u017e jen Severn\u00ed Korea.<\/p>\n","protected":false},"excerpt":{"rendered":"<p>Skupina m\u00edrov\u00fdch aktivist\u016f, vizion\u00e1\u0159\u016f a\u00a0pacifist\u016f z\u00a0kanadsk\u00e9ho Vancouveru vyplula 15.\u00a0z\u00e1\u0159\u00ed 1971\u00a0na mo\u0159e, aby protestovala proti americk\u00fdm jadern\u00fdm test\u016fm u\u00a0ostrova Am\u010ditka na Alja\u0161ce. Tak za\u010dala historie Greenpeace a\u00a0modern\u00edho ekologick\u00e9ho hnut\u00ed.<\/p>\n","protected":false},"author":27,"featured_media":13050,"comment_status":"open","ping_status":"closed","sticky":false,"template":"","format":"standard","meta":{"ep_exclude_from_search":false,"p4_og_title":"","p4_og_description":"","p4_og_image":"","p4_og_image_id":"","p4_seo_canonical_url":"","p4_campaign_name":"","p4_local_project":"","p4_basket_name":"","p4_department":"","footnotes":""},"categories":[3],"tags":[24,29,13,18,22,28],"p4-page-type":[16],"class_list":["post-19425","post","type-post","status-publish","format-standard","has-post-thumbnail","hentry","category-nas-svet","tag-aktivni-spolecnost","tag-nenasilne-protesty","tag-o-greenpeace","tag-oceany","tag-setrimeplanetu","tag-uspechy","p4-page-type-clanek"],"_links":{"self":[{"href":"https:\/\/www.greenpeace.org\/czech\/wp-json\/wp\/v2\/posts\/19425","targetHints":{"allow":["GET"]}}],"collection":[{"href":"https:\/\/www.greenpeace.org\/czech\/wp-json\/wp\/v2\/posts"}],"about":[{"href":"https:\/\/www.greenpeace.org\/czech\/wp-json\/wp\/v2\/types\/post"}],"author":[{"embeddable":true,"href":"https:\/\/www.greenpeace.org\/czech\/wp-json\/wp\/v2\/users\/27"}],"replies":[{"embeddable":true,"href":"https:\/\/www.greenpeace.org\/czech\/wp-json\/wp\/v2\/comments?post=19425"}],"version-history":[{"count":1,"href":"https:\/\/www.greenpeace.org\/czech\/wp-json\/wp\/v2\/posts\/19425\/revisions"}],"predecessor-version":[{"id":19426,"href":"https:\/\/www.greenpeace.org\/czech\/wp-json\/wp\/v2\/posts\/19425\/revisions\/19426"}],"wp:featuredmedia":[{"embeddable":true,"href":"https:\/\/www.greenpeace.org\/czech\/wp-json\/wp\/v2\/media\/13050"}],"wp:attachment":[{"href":"https:\/\/www.greenpeace.org\/czech\/wp-json\/wp\/v2\/media?parent=19425"}],"wp:term":[{"taxonomy":"category","embeddable":true,"href":"https:\/\/www.greenpeace.org\/czech\/wp-json\/wp\/v2\/categories?post=19425"},{"taxonomy":"post_tag","embeddable":true,"href":"https:\/\/www.greenpeace.org\/czech\/wp-json\/wp\/v2\/tags?post=19425"},{"taxonomy":"p4-page-type","embeddable":true,"href":"https:\/\/www.greenpeace.org\/czech\/wp-json\/wp\/v2\/p4-page-type?post=19425"}],"curies":[{"name":"wp","href":"https:\/\/api.w.org\/{rel}","templated":true}]}}