{"id":1958,"date":"2018-11-30T10:51:11","date_gmt":"2018-11-30T08:51:11","guid":{"rendered":"https:\/\/master.k8s.p4.greenpeace.org\/czech\/?p=1958"},"modified":"2019-11-06T10:38:03","modified_gmt":"2019-11-06T08:38:03","slug":"posledni-nadech-jak-energeticke-firmy-otravuji-v-evrope-vzduch","status":"publish","type":"post","link":"https:\/\/www.greenpeace.org\/czech\/publikace\/1958\/posledni-nadech-jak-energeticke-firmy-otravuji-v-evrope-vzduch\/","title":{"rendered":"Posledn\u00ed n\u00e1dech: Jak energetick\u00e9 firmy otravuj\u00ed v Evrop\u011b vzduch"},"content":{"rendered":"<p>Na evropsk\u00e9 uheln\u00e9 firmy jako RWE, EPH, PGE a \u010cEZ dopl\u00e1cej\u00ed evropsk\u00e9 st\u00e1ty a spole\u010dnosti v\u00fdrazn\u00fdm zp\u016fsobem kv\u016fli zne\u010di\u0161t\u011bn\u00ed ovzdu\u0161\u00ed, a to jak zhor\u0161en\u00fdm zdrav\u00edm sv\u00fdch obyvatel, tak miliardami eur (des\u00edtkami miliard korun) v extern\u00edch n\u00e1kladech na zdravotn\u00ed p\u00e9\u010di za hospitalizace \u010di za nemocensk\u00e9. Vypl\u00fdv\u00e1 to z rozs\u00e1hl\u00e9 studie \u201cPosledn\u00ed n\u00e1dech: Jak energetick\u00e9 firmy otravuj\u00ed v Evrop\u011b vzduch\u201d.<\/p>\n<p><a href=\"https:\/\/www.greenpeace.org\/static\/planet4-czech-republic-stateless\/2018\/11\/46228a89-tisk1a_last-gasp-czoprava_final-1.pdf\"><img loading=\"lazy\" decoding=\"async\" class=\"size-full wp-image-1960 alignleft\" src=\"https:\/\/www.greenpeace.org\/static\/planet4-czech-republic-stateless\/2018\/11\/962eb3e8-publikace-last-gasp.png\" alt=\"\" width=\"397\" height=\"560\" srcset=\"https:\/\/www.greenpeace.org\/static\/planet4-czech-republic-stateless\/2018\/11\/962eb3e8-publikace-last-gasp.png 397w, https:\/\/www.greenpeace.org\/static\/planet4-czech-republic-stateless\/2018\/11\/962eb3e8-publikace-last-gasp-213x300.png 213w, https:\/\/www.greenpeace.org\/static\/planet4-czech-republic-stateless\/2018\/11\/962eb3e8-publikace-last-gasp-241x340.png 241w\" sizes=\"auto, (max-width: 397px) 100vw, 397px\" \/><\/a><\/p>\n<p>Podle dat jsou hned dv\u011b z p\u011bti firem,\u00a0kter\u00e9 nejv\u00edce otravuj\u00ed vzduch nad Evropou, \u010desk\u00e9 &#8211; na druh\u00e9 p\u0159\u00ed\u010dce skon\u010dil Energetick\u00fd pr\u016fmyslov\u00fd holding Daniela K\u0159et\u00ednsk\u00e9ho a na \u010dtvrt\u00e9 \u010desk\u00fd polost\u00e1tn\u00ed gigant \u010cEZ. Jejich podnikatelsk\u00e9 aktivity tak maj\u00ed p\u0159\u00edmou souvislost s nemocemi a p\u0159ed\u010dasn\u00fdmi \u00famrt\u00edmi obyvatel sp\u00e1dov\u00fdch oblast\u00ed, zasa\u017een\u00fdch zplodinami, kter\u00e9 tyto firmy vypou\u0161t\u00ed.<\/p>\n<p>&nbsp;<\/p>\n<p>&nbsp;<\/p>\n<p>&nbsp;<\/p>\n<p>&nbsp;<\/p>\n<p>&nbsp;<\/p>\n<p>&nbsp;<\/p>\n<p><a href=\"https:\/\/www.greenpeace.org\/static\/planet4-czech-republic-stateless\/2018\/11\/46228a89-tisk1a_last-gasp-czoprava_final-1.pdf\"><strong>Cel\u00fd report ke sta\u017een\u00ed zde<\/strong><\/a><\/p>\n","protected":false},"excerpt":{"rendered":"<p>Na evropsk\u00e9 uheln\u00e9 firmy jako RWE, EPH, PGE a \u010cEZ dopl\u00e1cej\u00ed evropsk\u00e9 st\u00e1ty a spole\u010dnosti v\u00fdrazn\u00fdm zp\u016fsobem kv\u016fli zne\u010di\u0161t\u011bn\u00ed ovzdu\u0161\u00ed, a to jak zhor\u0161en\u00fdm zdrav\u00edm sv\u00fdch obyvatel, tak miliardami eur&hellip;<\/p>\n","protected":false},"author":29,"featured_media":1961,"comment_status":"open","ping_status":"closed","sticky":false,"template":"","format":"standard","meta":{"ep_exclude_from_search":false,"p4_og_title":"","p4_og_description":"","p4_og_image":"","p4_og_image_id":"","p4_seo_canonical_url":"","p4_campaign_name":"","p4_local_project":"","p4_basket_name":"","p4_department":"","footnotes":""},"categories":[4],"tags":[19,25],"p4-page-type":[15],"class_list":["post-1958","post","type-post","status-publish","format-standard","has-post-thumbnail","hentry","category-energeticka-revoluce","tag-ovzdusi","tag-konec-doby-fosilni","p4-page-type-publikace"],"_links":{"self":[{"href":"https:\/\/www.greenpeace.org\/czech\/wp-json\/wp\/v2\/posts\/1958","targetHints":{"allow":["GET"]}}],"collection":[{"href":"https:\/\/www.greenpeace.org\/czech\/wp-json\/wp\/v2\/posts"}],"about":[{"href":"https:\/\/www.greenpeace.org\/czech\/wp-json\/wp\/v2\/types\/post"}],"author":[{"embeddable":true,"href":"https:\/\/www.greenpeace.org\/czech\/wp-json\/wp\/v2\/users\/29"}],"replies":[{"embeddable":true,"href":"https:\/\/www.greenpeace.org\/czech\/wp-json\/wp\/v2\/comments?post=1958"}],"version-history":[{"count":8,"href":"https:\/\/www.greenpeace.org\/czech\/wp-json\/wp\/v2\/posts\/1958\/revisions"}],"predecessor-version":[{"id":19498,"href":"https:\/\/www.greenpeace.org\/czech\/wp-json\/wp\/v2\/posts\/1958\/revisions\/19498"}],"wp:featuredmedia":[{"embeddable":true,"href":"https:\/\/www.greenpeace.org\/czech\/wp-json\/wp\/v2\/media\/1961"}],"wp:attachment":[{"href":"https:\/\/www.greenpeace.org\/czech\/wp-json\/wp\/v2\/media?parent=1958"}],"wp:term":[{"taxonomy":"category","embeddable":true,"href":"https:\/\/www.greenpeace.org\/czech\/wp-json\/wp\/v2\/categories?post=1958"},{"taxonomy":"post_tag","embeddable":true,"href":"https:\/\/www.greenpeace.org\/czech\/wp-json\/wp\/v2\/tags?post=1958"},{"taxonomy":"p4-page-type","embeddable":true,"href":"https:\/\/www.greenpeace.org\/czech\/wp-json\/wp\/v2\/p4-page-type?post=1958"}],"curies":[{"name":"wp","href":"https:\/\/api.w.org\/{rel}","templated":true}]}}