{"id":19619,"date":"2023-10-24T13:21:18","date_gmt":"2023-10-24T12:21:18","guid":{"rendered":"https:\/\/www.greenpeace.org\/czech\/?p=19619"},"modified":"2025-07-02T08:12:22","modified_gmt":"2025-07-02T07:12:22","slug":"drevo-ze-vzacnych-starych-lesu-konci-v-kamnech-nebov-papirne-v-zahranici-ukazalo-vysetrovani-greenpeace","status":"publish","type":"post","link":"https:\/\/www.greenpeace.org\/czech\/tiskova-zprava\/19619\/drevo-ze-vzacnych-starych-lesu-konci-v-kamnech-nebov-papirne-v-zahranici-ukazalo-vysetrovani-greenpeace\/","title":{"rendered":"D\u0159evo ze vz\u00e1cn\u00fdch star\u00fdch les\u016f kon\u010d\u00ed v kamnech nebo v pap\u00edrn\u011b v zahrani\u010d\u00ed, uk\u00e1zalo vy\u0161et\u0159ov\u00e1n\u00ed Greenpeace"},"content":{"rendered":"\n<p>Vy\u0161et\u0159ov\u00e1n\u00ed Greenpeace odhalilo, jak\u00fdm zp\u016fsobem se nakl\u00e1d\u00e1 s d\u0159evem z pok\u00e1cen\u00fdch buk\u016f ze star\u00fdch les\u016f v \u010cesku &#8211; vyt\u011b\u017een\u00e9 d\u0159evo organizace sledovala pomoc\u00ed GPS lok\u00e1tor\u016f.&nbsp;<\/p>\n\n<figure class=\"wp-block-image size-full\"><img loading=\"lazy\" decoding=\"async\" width=\"1008\" height=\"756\" src=\"https:\/\/www.greenpeace.org\/static\/planet4-czech-republic-stateless\/2023\/10\/cdfd24fd-20230710113702-5ad6cd98-la.jpg\" alt=\"\" class=\"wp-image-19620\" srcset=\"https:\/\/www.greenpeace.org\/static\/planet4-czech-republic-stateless\/2023\/10\/cdfd24fd-20230710113702-5ad6cd98-la.jpg 1008w, https:\/\/www.greenpeace.org\/static\/planet4-czech-republic-stateless\/2023\/10\/cdfd24fd-20230710113702-5ad6cd98-la-300x225.jpg 300w, https:\/\/www.greenpeace.org\/static\/planet4-czech-republic-stateless\/2023\/10\/cdfd24fd-20230710113702-5ad6cd98-la-768x576.jpg 768w, https:\/\/www.greenpeace.org\/static\/planet4-czech-republic-stateless\/2023\/10\/cdfd24fd-20230710113702-5ad6cd98-la-453x340.jpg 453w\" sizes=\"auto, (max-width: 1008px) 100vw, 1008px\" \/><figcaption class=\"wp-element-caption\">Sklad d\u0159eva v pap\u00edrn\u011b Mondi na Slovensku. (c) Greenpeace &#8211; Matej Kump\u00e1n<\/figcaption><\/figure>\n\n<p>Ji\u017e p\u0159ed m\u011bs\u00edcem organizace <a href=\"https:\/\/www.greenpeace.org\/czech\/tiskova-zprava\/19396\/zlocin-proti-prirode-aktiviste-a-aktivistky-greenpeace-protestuji-u-firmy-ktera-zpracovava-ilegalne-vytezene-drevo\/\">protestem na pile v Chomutov\u011b<\/a> upozornila na fakt, \u017ee d\u0159evo <a href=\"https:\/\/www.idnes.cz\/usti\/zpravy\/horni-jiretin-greenpeace-burt-kaceni-lesy-buky.A230413_143402_usti-zpravy_grr\">neleg\u00e1ln\u011b vyt\u011b\u017een\u00e9 v kru\u0161nohorsk\u00fdch bu\u010din\u00e1ch<\/a> v bl\u00edzkosti Horn\u00edho Ji\u0159et\u00edna se prod\u00e1v\u00e1 jako palivov\u00e9 d\u0159\u00edv\u00ed. Nyn\u00ed organizace zve\u0159ejnila v\u0161echny detaily a dal\u0161\u00ed, nov\u00e9 informace. Pomoc\u00ed GPS trackeru tak\u00e9 organizace Greenpeace sledovala d\u0159evo vyt\u011b\u017een\u00e9 st\u00e1tn\u00edm podnikem Lesy \u010cR u Snov\u00eddek ve \u017dd\u00e1nick\u00e9m lese, kter\u00e9 skon\u010dilo v <a href=\"https:\/\/www.mondislovensko.sk\/\">ob\u0159\u00edm pap\u00edrensk\u00e9m z\u00e1vod\u011b spole\u010dnosti Mondi SCP ve slovensk\u00e9m Ru\u017eomberku<\/a> a bylo s nejv\u011bt\u0161\u00ed pravd\u011bpodobnost\u00ed u\u017e rozemleto na pap\u00edr. Mondi je pap\u00edrensk\u00fd gigant a evropsk\u00e1 jedni\u010dka ve v\u00fdrob\u011b kartonu a pap\u00edrov\u00fdch s\u00e1\u010dk\u016f.<\/p>\n\n<div class=\"wp-block-buttons is-content-justification-center is-layout-flex wp-container-core-buttons-is-layout-16018d1d wp-block-buttons-is-layout-flex\">\n<div class=\"wp-block-button is-style-cta\"><a class=\"wp-block-button__link wp-element-button\" href=\"https:\/\/www.greenpeace.org\/czech\/publikace\/19499\/zlocin-proti-prirode\/\">P\u0159e\u010dt\u011bte si report<\/a><\/div>\n<\/div>\n\n<p>Iniciativa \u017div\u00fd les pro \u017eiv\u00fd region, kter\u00e1 masivn\u00ed k\u00e1cen\u00ed ve \u017dd\u00e1nick\u00e9m lese kritizuje, ji\u017e p\u0159ed \u010dasem upozornila, \u017ee v obc\u00edch na \u00fapat\u00ed \u017dd\u00e1nick\u00e9ho lesa <a href=\"https:\/\/www.facebook.com\/photo.php?fbid=10229384248220344&amp;set=p.10229384248220344&amp;type=3\">jsou nakl\u00e1d\u00e1ny kl\u00e1dy do vlak\u016f, kter\u00e9 p\u0159ijely z Rakouska<\/a>, a \u017ee je tedy vyt\u011b\u017een\u00e9 d\u0159evo pravd\u011bpodobn\u011b p\u0159ev\u00e1\u017eeno za hranice. Vy\u0161et\u0159ov\u00e1n\u00ed Greenpeace tento p\u0159edpoklad potvrzuje. Lesy \u010cR uvedly v odpov\u011bdi pro Greenpeace, \u017ee v\u011bt\u0161inu d\u0159eva ze \u017dd\u00e1nick\u00e9ho lesa dod\u00e1vaj\u00ed na \u010desk\u00fd trh a \u017ee exportuj\u00ed zejm\u00e9na \u201csortimenty, k jejich\u017e zpracov\u00e1n\u00ed nen\u00ed na \u010desk\u00e9m trhu dostatek kapacit\u201d.<\/p>\n\n<p>Sv\u00e1 zji\u0161t\u011bn\u00ed zve\u0159ejnila organizace Greenpeace \u010cR v publikaci \u201cZlo\u010din proti p\u0159\u00edrod\u011b: Jak \u010desk\u00e9 firmy ni\u010d\u00ed vz\u00e1cn\u00e9 star\u00e9 lesy\u201d, kterou dnes p\u0159edstavila na tiskov\u00e9 konferenci v Praze. Publikace je prvn\u00ed ze s\u00e9rie report\u016f r\u016fzn\u00fdch evropsk\u00fdch pobo\u010dek Greenpeace<strong>, <\/strong>kter\u00e1 na p\u0159\u00edpadech z r\u016fzn\u00fdch kout\u016f Evropy ukazuje, jak\u00fdm zp\u016fsobem jsou ni\u010deny zbytky vz\u00e1cn\u00fdch star\u00fdch les\u016f v Evropsk\u00e9 unii. N\u00e1sledovat by m\u011bly investigace zam\u011b\u0159en\u00e9 nap\u0159\u00edklad na lesy v Rumunsku, Polsku \u010di \u0160v\u00e9dsku. Proto tak\u00e9 \u010desk\u00fd report <a href=\"https:\/\/www.greenpeace.org\/international\/campaigns\/nature-crime-files\/\">vych\u00e1z\u00ed i v anglick\u00e9 verzi<\/a>.<\/p>\n\n<figure class=\"wp-block-embed is-type-video is-provider-youtube wp-block-embed-youtube wp-embed-aspect-16-9 wp-has-aspect-ratio\"><div class=\"wp-block-embed__wrapper\">\n<lite-youtube style=\"background-image: url('https:\/\/i.ytimg.com\/vi\/GaaJt5do9Bc\/hqdefault.jpg');\" videoid=\"GaaJt5do9Bc\" params=\"rel=0\"><\/lite-youtube>\n<\/div><\/figure>\n\n<p><strong>Nikol Krej\u010dov\u00e1, vedouc\u00ed kampan\u011b Nek\u00e1cejte.cz v Greenpeace \u010cR, \u0159\u00edk\u00e1:&nbsp;<\/strong><br><em>&#8222;Na\u0161e vy\u0161et\u0159ov\u00e1n\u00ed ukazuje, \u017ee k\u00e1cen\u00ed strom\u016f se nezastav\u00ed ani u star\u00fdch les\u016f, v\u010detn\u011b t\u011bch v chr\u00e1n\u011bn\u00fdch oblastech. Nedostate\u010dn\u00e1 ochrana vz\u00e1cn\u00fdch ekosystem\u016f i neleg\u00e1ln\u00ed t\u011b\u017eba&nbsp; umo\u017e\u0148uj\u00ed ni\u010den\u00ed t\u011bchto vz\u00e1cn\u00fdch les\u016f. Jedine\u010dn\u00e9 ekologick\u00e9 bohatstv\u00ed listnat\u00fdch les\u016f v Kru\u0161n\u00fdch hor\u00e1ch a \u017dd\u00e1nick\u00e9m lese, kter\u00e9 jsou domovem mnoha ohro\u017een\u00fdch a chr\u00e1n\u011bn\u00fdch druh\u016f, by s dostate\u010dnou ochranou mohlo u\u010dinit z\u00e1sadn\u00ed p\u0159\u00edsp\u011bvek k obran\u011b EU p\u0159ed klimatick\u00fdm kolapsem a kolapsem biodiverzity. Nam\u00edsto toho jsme sv\u011bdky ni\u010den\u00ed t\u011bchto les\u016f kv\u016fli zisku z palivov\u00e9ho d\u0159\u00edv\u00ed a pap\u00edrov\u00fdm produkt\u016fm s kr\u00e1tkou \u017eivotnost\u00ed bez nich\u017e se m\u016f\u017eeme obej\u00edt.<\/em>&#8222;<\/p>\n\n<p>Organizace Greenpeace a m\u011bsto Horn\u00ed Ji\u0159et\u00edn podaly letos kv\u016fli nepovolen\u00e9mu k\u00e1cen\u00ed v Evropsky v\u00fdznamn\u00e9 lokalit\u011b V\u00fdchodn\u00ed Kru\u0161noho\u0159\u00ed <a href=\"https:\/\/www.greenpeace.org\/czech\/tiskova-zprava\/18894\/greenpeace-a-horni-jiretin-podaly-trestni-oznameni-na-firmu-ktera-podle-nich-ilegalne-kacela-v-krusnych-horach\/\">trestn\u00ed ozn\u00e1men\u00ed na firmu Royal Pine<\/a>. Z\u00e1rove\u0148 Z\u00e1rove\u0148 Greenpeace podala podn\u011bt k pro\u0161et\u0159en\u00ed mo\u017en\u00e9ho obchodov\u00e1n\u00ed s nez\u00e1konn\u011b vyt\u011b\u017een\u00fdm d\u0159evem ke Krajsk\u00e9mu \u00fa\u0159adu \u00dasteck\u00e9ho kraje. \u00da\u0159ad ale <a href=\"https:\/\/www.greenpeace.org\/static\/planet4-czech-republic-stateless\/2023\/10\/d6f42f33-priloha_1220096882_0_vyrozumeni_k_doplneni_podnetu.pdf\">odpov\u011bd\u011bl, \u017ee nem\u016f\u017ee zas\u00e1hnout proti obchodu s vyt\u011b\u017een\u00fdm d\u0159evem<\/a>, proto\u017ee \u010cesk\u00e1 inspekce \u017eivotn\u00edho prost\u0159ed\u00ed dosud neskon\u010dila sv\u00e9 \u0161et\u0159en\u00ed a proto\u017ee podle vyj\u00e1d\u0159en\u00ed vlastn\u00edka lesa bylo p\u0159edm\u011btn\u00e9 d\u0159evo ji\u017e prod\u00e1no. Vy\u0161et\u0159ov\u00e1n\u00ed Greenpeace ale ukazuje, \u017ee je toto d\u0159evo st\u00e1le uv\u00e1d\u011bno na trh.<\/p>\n\n<p><strong>Vladim\u00edr Bu\u0159t, starosta Horn\u00edho Ji\u0159et\u00edna, \u0159\u00edk\u00e1:&nbsp;<\/strong><br><em>\u201cVlastn\u00edk lesa u na\u0161eho m\u011bsta se zachoval naprosto nehor\u00e1zn\u011b. Vyt\u011b\u017eil bez povolen\u00ed cel\u00e9 ji\u017en\u00ed svahy nad Mari\u00e1nsk\u00fdm \u00dadol\u00edm a tu lokalitu naprosto zni\u010dil. A jako by to nebylo m\u00e1lo, pak jsme se je\u0161t\u011b dozv\u011bd\u011bli, \u017ee ty kr\u00e1sn\u00e9 lesy, kter\u00e9 jsou pro n\u00e1s mimo\u0159\u00e1dn\u011b d\u016fle\u017eit\u00e9, byly vyk\u00e1ceny jen proto, aby prolet\u011bly kom\u00ednem. Tento p\u0159\u00edpad jasn\u011b ukazuje, \u017ee \u010cesko selh\u00e1v\u00e1 v ochran\u011b Kru\u0161n\u00fdch hor.\u201d<\/em><\/p>\n\n<p>\u017dd\u00e1nick\u00fd les, kter\u00fd je sou\u010d\u00e1st\u00ed r\u00e1mcov\u00e9 \u00famluvy o ochran\u011b a udr\u017eiteln\u00e9m rozvoji Karpat, pak nem\u00e1 podle Greenpeace a m\u00edstn\u00edch lid\u00ed z iniciativy \u017div\u00fd les pro \u017eiv\u00fd region dostate\u010dnou formu ochrany. <a href=\"https:\/\/www.mzp.cz\/cz\/articles_slovacky_denik091009n2000\">Ministerstvo \u017eivotn\u00edho prost\u0159ed\u00ed se pokusilo zapsat<\/a> \u017dd\u00e1nick\u00fd les kv\u016fli unik\u00e1tn\u00edm porost\u016fm s vysokou biodiverzitou na seznam evropsky v\u00fdznamn\u00fdch lokalit v r\u00e1mci s\u00edt\u011b Natura 2000, co\u017e po\u017eadovala i Evropsk\u00e1 komise, p\u0159esto byl prvn\u00ed <a href=\"https:\/\/vyskovsky.denik.cz\/zpravy_region\/zdanicky-les-do-natury-ani-omylem20110122.html\">n\u00e1vrh na ochranu zhruba 10 tis\u00edc hektar\u016f lesa zam\u00edtnut<\/a> z politick\u00fdch d\u016fvod\u016f kv\u016fli odporu velk\u00e9ho byznysu i ministerstev zem\u011bd\u011blstv\u00ed a pr\u016fmyslu a obchodu.&nbsp;<\/p>\n\n<p>Pozd\u011bji se poda\u0159ilo vyhl\u00e1sit Evropsky v\u00fdznamnou lokalitu Svat\u00e1 a Prost\u0159edn\u00ed vrch na pouh\u00fdch 5 % p\u016fvodn\u011b navrhovan\u00e9ho \u00fazem\u00ed. Po nal\u00e9h\u00e1n\u00ed Evropsk\u00e9 komise, kter\u00e1 <a href=\"https:\/\/pardubice.rozhlas.cz\/cesku-hrozi-sankce-od-ek-pokud-nerozsiri-seznam-chranenych-lokalit-natura-2000-6045921\">\u010cesk\u00e9 republice kv\u016fli nedostate\u010dn\u00e9 ochran\u011b p\u0159\u00edrody hrozila sankcemi<\/a>, se poda\u0159ilo zv\u011bt\u0161it chr\u00e1n\u011bn\u00e9 \u00fazem\u00ed na dvojn\u00e1sobek a nov\u011b vznikl\u00e1 <a href=\"https:\/\/www.casopis.ochranaprirody.cz\/pravo-v-ochrane-prirody\/natura-2000-se-opet-rozroste\/\">v\u00fdznamn\u00e1 lokalita se p\u0159ejmenovala na Dambo\u0159ick\u00fd les<\/a>. Jej\u00ed ochrana je ale jen z\u00e1kladn\u00ed. Naprost\u00e1 v\u011bt\u0161ina \u017dd\u00e1nick\u00e9ho lesa tak z\u016fst\u00e1v\u00e1 pouze p\u0159\u00edrodn\u00edm parkem, co\u017e je <a href=\"https:\/\/nature.cz\/prirodni-parky\">nejni\u017e\u0161\u00ed forma ochrany \u017eivotn\u00edho prost\u0159ed\u00ed<\/a>, kter\u00e1 prakticky neomezuje k\u00e1cen\u00ed les\u016f, ne\u0159e\u0161\u00ed ochranu biodiverzity a chr\u00e1n\u00ed sp\u00ed\u0161e krajinn\u00fd r\u00e1z ne\u017e p\u0159\u00edrodu. Lesy \u010cR proto nyn\u00ed mohou ka\u017edoro\u010dn\u011b k\u00e1cet rozs\u00e1hl\u00e9 porosty listnat\u00e9ho lesa, <a href=\"https:\/\/www.idnes.cz\/brno\/zpravy\/zdanicky-les-plosne-kaceni-listnate-stromy-ochranci-lesy-cr.A230504_723496_brno-zpravy_krut\">vytv\u00e1\u0159et na sebe navazuj\u00edc\u00ed obrovsk\u00e9 paseky<\/a> a <a href=\"https:\/\/hodoninsky.denik.cz\/zpravy_region\/spor-o-obnovu-zdanicky-les-postup-kaceni-tamnich-buku-lesy-cr-biotopovy-strom.html\">naz\u00fdvat tento proces obnovou a zesv\u011btlen\u00edm lesa. <\/a>A skupina Mondi m\u016f\u017ee toto d\u0159evo i p\u0159es sv\u00e9 z\u00e1vazky v oblasti udr\u017eitelnosti odeb\u00edrat, proto\u017ee podle jej\u00edho vyj\u00e1d\u0159en\u00ed pro Greenpeace tento les nem\u00e1 vysokou form\u00e1ln\u00ed ochranu.<\/p>\n\n<p><strong>Zuzana Veverkov\u00e1, biolo\u017eka, \u010dlenka iniciativy \u017div\u00fd les pro \u017eiv\u00fd region a p\u0159edsedkyn\u011b \u010cSOP Kyjov, \u0159\u00edk\u00e1:<\/strong><strong><br><\/strong><em>\u201cVy\u0161et\u0159ov\u00e1n\u00ed Greenpeace p\u0159ineslo jasn\u00fd d\u016fkaz, \u017ee mohutn\u00e9 kmeny star\u00fdch strom\u016f ze \u017dd\u00e1nick\u00e9ho lesa se voz\u00ed do zahrani\u010d\u00ed, kde se z n\u011bj vyr\u00e1b\u00ed t\u0159eba pap\u00edrov\u00e9 s\u00e1\u010dky nebo kartonov\u00e9 krabice. Sou\u010dasn\u00fd stav hospoda\u0159en\u00ed ve \u017dd\u00e1nick\u00e9m lese je p\u0159itom extr\u00e9mn\u011b tristn\u00ed, veden jedin\u00fdm c\u00edlem, kter\u00fdm je maxim\u00e1ln\u00ed v\u00fdnos. Lid\u00e9 z na\u0161\u00ed d\u011bdiny jsou zhnusen\u00ed a zoufal\u00ed. Les, kter\u00fd znali cel\u00fd \u017eivot, jim miz\u00ed p\u0159ed o\u010dima. Moji soused\u00e9 p\u0159estali do lesa chodit, pohled na vyt\u011b\u017een\u00fd h\u0159eben a ohromn\u00e9 skl\u00e1dky d\u0159eva pod\u00e9l lesn\u00edch cest je pro n\u011b nesnesiteln\u00fd. T\u011b\u017eilo se dokonce tak moc, \u017ee kmeny, kter\u00e9 byly pok\u00e1cen\u00e9 u\u017e d\u00e1vno, dodnes z\u016fst\u00e1vaj\u00ed st\u00e1le ladem na skl\u00e1dk\u00e1ch. C\u00edt\u00edm zklam\u00e1n\u00ed, \u017ee se n\u011bco takov\u00e9ho d\u011bje za na\u0161imi humny a na st\u00e1tn\u00edm majetku \u2013 tedy majetku n\u00e1s v\u0161ech.\u201d&nbsp;<\/em><\/p>\n\n<figure class=\"wp-block-image size-large\"><img loading=\"lazy\" decoding=\"async\" width=\"1024\" height=\"683\" src=\"https:\/\/www.greenpeace.org\/static\/planet4-czech-republic-stateless\/2023\/10\/5e40228a-fw9b0103-1024x683.jpg\" alt=\"\" class=\"wp-image-19622\" srcset=\"https:\/\/www.greenpeace.org\/static\/planet4-czech-republic-stateless\/2023\/10\/5e40228a-fw9b0103-1024x683.jpg 1024w, https:\/\/www.greenpeace.org\/static\/planet4-czech-republic-stateless\/2023\/10\/5e40228a-fw9b0103-300x200.jpg 300w, https:\/\/www.greenpeace.org\/static\/planet4-czech-republic-stateless\/2023\/10\/5e40228a-fw9b0103-768x512.jpg 768w, https:\/\/www.greenpeace.org\/static\/planet4-czech-republic-stateless\/2023\/10\/5e40228a-fw9b0103-1536x1024.jpg 1536w, https:\/\/www.greenpeace.org\/static\/planet4-czech-republic-stateless\/2023\/10\/5e40228a-fw9b0103-2048x1366.jpg 2048w, https:\/\/www.greenpeace.org\/static\/planet4-czech-republic-stateless\/2023\/10\/5e40228a-fw9b0103-510x340.jpg 510w\" sizes=\"auto, (max-width: 1024px) 100vw, 1024px\" \/><figcaption class=\"wp-element-caption\">P\u0159edstaven\u00ed reportu, zleva Nikol Krej\u010dov\u00e1, Zuzana Veverkov\u00e1 a Luk\u00e1\u0161 Hr\u00e1bek (c) Greenpeace &#8211; Jakub \u0160ed\u00fd<\/figcaption><\/figure>\n\n<p>Evropsk\u00e1 unie se zav\u00e1zala, \u017ee <a href=\"https:\/\/www.mzp.cz\/cz\/news_20221219-Svet-se-v-Montrealu-dohodl-na-zachrane-a-obnove-zive-prirody\">do roku 2030 bude 30 % sv\u00e9ho \u00fazem\u00ed chr\u00e1nit, a z toho t\u0159etina chr\u00e1n\u011bn\u00fdch \u00fazem\u00ed bude m\u00edt striktn\u00ed ochranu<\/a>. Na z\u00e1klad\u011b zji\u0161t\u011bn\u00ed sv\u00e9ho vy\u0161et\u0159ov\u00e1n\u00ed Greenpeace po\u017eaduje, aby:&nbsp;<\/p>\n\n<ol class=\"wp-block-list\">\n<li>\u010cesko zamezilo k\u00e1cen\u00ed lesn\u00edch porost\u016f star\u0161\u00edch 120 let a aby v\u0161echny star\u00e9 lesy, kter\u00e9 nyn\u00ed pln\u00ed nebo maj\u00ed potenci\u00e1l plnit funkci tzv. old-growth forests z\u00edskaly nejp\u0159\u00edsn\u011bj\u0161\u00ed formu ochrany.<\/li>\n\n\n\n<li>\u010cesko zav\u00e1d\u011blo ve sv\u00fdch chr\u00e1n\u011bn\u00fdch \u00fazem\u00edch opat\u0159en\u00ed zaji\u0161\u0165uj\u00edc\u00ed skute\u010dnou ochranu unik\u00e1tn\u00ed p\u0159\u00edrody a nespokojilo se jen se sou\u010dasnou form\u00e1ln\u00ed ochranou, kter\u00e1 v mnoh\u00fdch p\u0159\u00edpadech selh\u00e1v\u00e1, jak ukazuje sou\u010dasn\u00e9 k\u00e1cen\u00ed v Evropsky v\u00fdznamn\u00e9 lokalit\u011b V\u00fdchodn\u00ed Kru\u0161noho\u0159\u00ed.<\/li>\n\n\n\n<li>\u010cesko roz\u0161\u00ed\u0159ilo skute\u010dn\u011b chr\u00e1n\u011bn\u00e1 \u00fazem\u00ed o dal\u0161\u00ed cenn\u00e9 lokality, nap\u0159\u00edklad o ty, kter\u00e9 byly vytipov\u00e1ny v r\u00e1mci procesu zav\u00e1d\u011bn\u00ed s\u00edt\u011b Natura 2000, tedy nap\u0159\u00edklad \u017dd\u00e1nick\u00fd les<\/li>\n<\/ol>\n","protected":false},"excerpt":{"rendered":"<p>Vy\u0161et\u0159ov\u00e1n\u00ed Greenpeace odhalilo, jak\u00fdm zp\u016fsobem se nakl\u00e1d\u00e1 s d\u0159evem z pok\u00e1cen\u00fdch buk\u016f ze star\u00fdch les\u016f v \u010cesku &#8211; vyt\u011b\u017een\u00e9 d\u0159evo organizace sledovala pomoc\u00ed GPS lok\u00e1tor\u016f.\u00a0<\/p>\n","protected":false},"author":27,"featured_media":19620,"comment_status":"open","ping_status":"closed","sticky":false,"template":"","format":"standard","meta":{"ep_exclude_from_search":false,"p4_og_title":"","p4_og_description":"","p4_og_image":"","p4_og_image_id":"","p4_seo_canonical_url":"","p4_campaign_name":"","p4_local_project":"","p4_basket_name":"","p4_department":"","footnotes":""},"categories":[2],"tags":[17,20],"p4-page-type":[14],"class_list":["post-19619","post","type-post","status-publish","format-standard","has-post-thumbnail","hentry","category-priroda","tag-lesy-pralesy","tag-zmena-klimatu","p4-page-type-tiskova-zprava"],"_links":{"self":[{"href":"https:\/\/www.greenpeace.org\/czech\/wp-json\/wp\/v2\/posts\/19619","targetHints":{"allow":["GET"]}}],"collection":[{"href":"https:\/\/www.greenpeace.org\/czech\/wp-json\/wp\/v2\/posts"}],"about":[{"href":"https:\/\/www.greenpeace.org\/czech\/wp-json\/wp\/v2\/types\/post"}],"author":[{"embeddable":true,"href":"https:\/\/www.greenpeace.org\/czech\/wp-json\/wp\/v2\/users\/27"}],"replies":[{"embeddable":true,"href":"https:\/\/www.greenpeace.org\/czech\/wp-json\/wp\/v2\/comments?post=19619"}],"version-history":[{"count":9,"href":"https:\/\/www.greenpeace.org\/czech\/wp-json\/wp\/v2\/posts\/19619\/revisions"}],"predecessor-version":[{"id":22317,"href":"https:\/\/www.greenpeace.org\/czech\/wp-json\/wp\/v2\/posts\/19619\/revisions\/22317"}],"wp:featuredmedia":[{"embeddable":true,"href":"https:\/\/www.greenpeace.org\/czech\/wp-json\/wp\/v2\/media\/19620"}],"wp:attachment":[{"href":"https:\/\/www.greenpeace.org\/czech\/wp-json\/wp\/v2\/media?parent=19619"}],"wp:term":[{"taxonomy":"category","embeddable":true,"href":"https:\/\/www.greenpeace.org\/czech\/wp-json\/wp\/v2\/categories?post=19619"},{"taxonomy":"post_tag","embeddable":true,"href":"https:\/\/www.greenpeace.org\/czech\/wp-json\/wp\/v2\/tags?post=19619"},{"taxonomy":"p4-page-type","embeddable":true,"href":"https:\/\/www.greenpeace.org\/czech\/wp-json\/wp\/v2\/p4-page-type?post=19619"}],"curies":[{"name":"wp","href":"https:\/\/api.w.org\/{rel}","templated":true}]}}