{"id":19650,"date":"2023-10-25T18:35:38","date_gmt":"2023-10-25T17:35:38","guid":{"rendered":"https:\/\/www.greenpeace.org\/czech\/?p=19650"},"modified":"2023-10-30T15:17:27","modified_gmt":"2023-10-30T14:17:27","slug":"prace-v-greenpeace-jako-cenna-a-motivujici-zkusenost","status":"publish","type":"post","link":"https:\/\/www.greenpeace.org\/czech\/clanek\/19650\/prace-v-greenpeace-jako-cenna-a-motivujici-zkusenost\/","title":{"rendered":"Pr\u00e1ce v Greenpeace jako cenn\u00e1 a motivuj\u00edc\u00ed zku\u0161enost"},"content":{"rendered":"\n<p><strong>Jaroslav Bican vystudoval politologii na Filozofick\u00e9 fakult\u011b Univerzity Karlovy, konkr\u00e9tn\u011b obor politick\u00e1 teorii a sou\u010dasn\u00e9 d\u011bjiny. N\u00e1sledn\u011b pracoval jako novin\u00e1\u0159 pro r\u016fzn\u00e9 men\u0161\u00ed redakce. Vyst\u0159\u00eddal pozice redaktora, editora \u010di politick\u00e9ho koment\u00e1tora.<\/strong><\/p>\n\n<p><em>\u201eO organizaci Greenpeace v\u00edm u\u017e od dob sv\u00fdch studi\u00ed na vysok\u00e9 \u0161kole. Zn\u00e1m ji od sv\u00fdch kamar\u00e1d\u016f, kte\u0159\u00ed pro Greenpeace bu\u010f dobrovolni\u010dili, nebo p\u0159\u00edmo pracovali. Po necel\u00fdch deseti letech pr\u00e1ce v m\u00e9di\u00edch jsem pot\u0159eboval zm\u011bnu a l\u00e1kalo m\u011b pracovat v organizaci, kter\u00e9 o n\u011bco jde a z\u00e1le\u017e\u00ed j\u00ed na \u017eivotn\u00edm prost\u0159ed\u00ed. A v neposledn\u00ed \u0159ad\u011b m\u011b tak\u00e9 l\u00e1kalo v\u011bnovat se jako energetick\u00fd campaigner energetice,\u201c<\/em> sv\u011b\u0159uje se Jaroslav.<\/p>\n\n<p>Po absolvov\u00e1n\u00ed politologie, p\u0159esn\u011bji \u0159e\u010deno oboru politick\u00e1 teorie a sou\u010dasn\u00e9 d\u011bjiny na Filozofick\u00e9 fakult\u011b Univerzity Karlovy pracoval n\u011bkolik let jako novin\u00e1\u0159, kde zast\u00e1val r\u016fzn\u00e9 role, v\u010detn\u011b redaktora, editora a politick\u00e9ho koment\u00e1tora. Pr\u00e1ce v Greenpeace je podle n\u011bj z\u00e1sadn\u011b odli\u0161n\u00e1 od jeho p\u0159edchoz\u00edch novin\u00e1\u0159sk\u00fdch zku\u0161enost\u00ed, a pr\u00e1v\u011b tato odli\u0161nost je pro n\u011bj cenn\u00e1 a motivuj\u00edc\u00ed.<\/p>\n\n<figure class=\"wp-block-image size-large\"><img loading=\"lazy\" decoding=\"async\" width=\"768\" height=\"1024\" src=\"https:\/\/www.greenpeace.org\/static\/planet4-czech-republic-stateless\/2023\/10\/571b19d8-366368540_7381563938525459_7683421397409084324_n-768x1024.jpg\" alt=\"\" class=\"wp-image-19652\" srcset=\"https:\/\/www.greenpeace.org\/static\/planet4-czech-republic-stateless\/2023\/10\/571b19d8-366368540_7381563938525459_7683421397409084324_n-768x1024.jpg 768w, https:\/\/www.greenpeace.org\/static\/planet4-czech-republic-stateless\/2023\/10\/571b19d8-366368540_7381563938525459_7683421397409084324_n-225x300.jpg 225w, https:\/\/www.greenpeace.org\/static\/planet4-czech-republic-stateless\/2023\/10\/571b19d8-366368540_7381563938525459_7683421397409084324_n-1152x1536.jpg 1152w, https:\/\/www.greenpeace.org\/static\/planet4-czech-republic-stateless\/2023\/10\/571b19d8-366368540_7381563938525459_7683421397409084324_n-1025x1366.jpg 1025w, https:\/\/www.greenpeace.org\/static\/planet4-czech-republic-stateless\/2023\/10\/571b19d8-366368540_7381563938525459_7683421397409084324_n-255x340.jpg 255w, https:\/\/www.greenpeace.org\/static\/planet4-czech-republic-stateless\/2023\/10\/571b19d8-366368540_7381563938525459_7683421397409084324_n.jpg 1536w\" sizes=\"auto, (max-width: 768px) 100vw, 768px\" \/><\/figure>\n\n<p>Svou roli energetick\u00e9ho campaignera pova\u017euje za komplexn\u00ed a n\u00e1ro\u010dnou, vy\u017eaduj\u00edc\u00ed specifick\u00e9 dovednosti. U\u010den\u00ed se nov\u00fdm v\u011bcem a neust\u00e1l\u00fd rozvoj jsou pro n\u011bj st\u011b\u017eejn\u00edm prvkem pr\u00e1ce v Greenpeace. Koali\u010dn\u00ed kampa\u0148 Energie lidem, kter\u00e1 byla zam\u011b\u0159en\u00e1 na vysok\u00e9 ceny energi\u00ed a energetickou chudobu, p\u0159edstavovala jednu z v\u00fdzev, kter\u00fdm musel \u010delit. Tato kampa\u0148 si vy\u017e\u00e1dala koordinaci a spolupr\u00e1ci mezi r\u016fzn\u00fdmi organizacemi s odli\u0161n\u00fdmi zam\u011b\u0159en\u00edmi.<\/p>\n\n<p><em>\u201eB\u011bhem kampan\u011b jsem se mnoh\u00e9 nau\u010dil o komunikaci a empatii. A\u010dkoliv to bylo obt\u00ed\u017en\u00e9, nakonec jsme dok\u00e1zali p\u0159ekonat v\u0161echny p\u0159ek\u00e1\u017eky,\u201c <\/em>dod\u00e1v\u00e1 Jaroslav o n\u00e1ro\u010dn\u00e9m okam\u017eiku v Greenpeace.<\/p>\n\n<p>Za sv\u016fj nejv\u011bt\u0161\u00ed \u00fasp\u011bch v organizaci Greenpeace Jaroslav pova\u017euje to, \u017ee se poda\u0159ilo upozornit na problematick\u00e9 prodlou\u017een\u00ed t\u011b\u017eby na dole B\u00edlina a dostat ho do \u0161ir\u0161\u00edho pov\u011bdom\u00ed ve\u0159ejnosti. D\u00edky spole\u010dn\u00e9mu \u00fasil\u00ed za\u010dalo toto t\u00e9ma v\u00edce zaj\u00edmat m\u00e9dia a z\u00e1rove\u0148 se k n\u011bmu p\u0159ipojily dal\u0161\u00ed organizace, nap\u0159\u00edkad Fridays for Future. Tato zku\u0161enost ho nau\u010dila, jak m\u016f\u017ee mal\u00e1 skupina jednotlivc\u016f z\u00e1sadn\u00edm zp\u016fsobem ovlivnit ve\u0159ejn\u00fd diskurz.<\/p>\n","protected":false},"excerpt":{"rendered":"<p>Jaroslav Bican vystudoval politologii na Filozofick\u00e9 fakult\u011b Univerzity Karlovy, konkr\u00e9tn\u011b obor politick\u00e1 teorii a sou\u010dasn\u00e9 d\u011bjiny. N\u00e1sledn\u011b pracoval jako novin\u00e1\u0159 pro r\u016fzn\u00e9 men\u0161\u00ed redakce. Vyst\u0159\u00eddal pozice redaktora, editora \u010di politick\u00e9ho&hellip;<\/p>\n","protected":false},"author":74,"featured_media":19651,"comment_status":"open","ping_status":"closed","sticky":false,"template":"","format":"standard","meta":{"ep_exclude_from_search":false,"p4_og_title":"","p4_og_description":"","p4_og_image":"","p4_og_image_id":"","p4_seo_canonical_url":"","p4_campaign_name":"","p4_local_project":"","p4_basket_name":"","p4_department":"","footnotes":""},"categories":[30],"tags":[31],"p4-page-type":[16],"class_list":["post-19650","post","type-post","status-publish","format-standard","has-post-thumbnail","hentry","category-greenpeace","tag-o-nas","p4-page-type-clanek"],"_links":{"self":[{"href":"https:\/\/www.greenpeace.org\/czech\/wp-json\/wp\/v2\/posts\/19650","targetHints":{"allow":["GET"]}}],"collection":[{"href":"https:\/\/www.greenpeace.org\/czech\/wp-json\/wp\/v2\/posts"}],"about":[{"href":"https:\/\/www.greenpeace.org\/czech\/wp-json\/wp\/v2\/types\/post"}],"author":[{"embeddable":true,"href":"https:\/\/www.greenpeace.org\/czech\/wp-json\/wp\/v2\/users\/74"}],"replies":[{"embeddable":true,"href":"https:\/\/www.greenpeace.org\/czech\/wp-json\/wp\/v2\/comments?post=19650"}],"version-history":[{"count":2,"href":"https:\/\/www.greenpeace.org\/czech\/wp-json\/wp\/v2\/posts\/19650\/revisions"}],"predecessor-version":[{"id":19669,"href":"https:\/\/www.greenpeace.org\/czech\/wp-json\/wp\/v2\/posts\/19650\/revisions\/19669"}],"wp:featuredmedia":[{"embeddable":true,"href":"https:\/\/www.greenpeace.org\/czech\/wp-json\/wp\/v2\/media\/19651"}],"wp:attachment":[{"href":"https:\/\/www.greenpeace.org\/czech\/wp-json\/wp\/v2\/media?parent=19650"}],"wp:term":[{"taxonomy":"category","embeddable":true,"href":"https:\/\/www.greenpeace.org\/czech\/wp-json\/wp\/v2\/categories?post=19650"},{"taxonomy":"post_tag","embeddable":true,"href":"https:\/\/www.greenpeace.org\/czech\/wp-json\/wp\/v2\/tags?post=19650"},{"taxonomy":"p4-page-type","embeddable":true,"href":"https:\/\/www.greenpeace.org\/czech\/wp-json\/wp\/v2\/p4-page-type?post=19650"}],"curies":[{"name":"wp","href":"https:\/\/api.w.org\/{rel}","templated":true}]}}