{"id":19666,"date":"2023-10-30T13:32:14","date_gmt":"2023-10-30T12:32:14","guid":{"rendered":"https:\/\/www.greenpeace.org\/czech\/?p=19666"},"modified":"2023-10-30T13:32:16","modified_gmt":"2023-10-30T12:32:16","slug":"planeta-kvuli-nim-hori-jak-je-dostat-do-chladku","status":"publish","type":"post","link":"https:\/\/www.greenpeace.org\/czech\/clanek\/19666\/planeta-kvuli-nim-hori-jak-je-dostat-do-chladku\/","title":{"rendered":"Planeta kv\u016fli nim ho\u0159\u00ed, jak je dostat do chl\u00e1dku?"},"content":{"rendered":"\n<p><strong>M\u011bli bychom m\u00edt mo\u017enost \u017ealovat fosiln\u00ed korporace za to, \u017ee zp\u016fsobily klimatickou krizi a\u00a0maj\u00ed vliv na \u00famrt\u00ed obyvatel? Je to v\u016fbec v\u00a0\u010desk\u00e9m pr\u00e1vn\u00edm kontextu mo\u017en\u00e9?<\/strong><\/p>\n\n<p>\u010cesk\u00e1 pobo\u010dka Greenpeace ned\u00e1vno p\u0159edstavila pr\u00e1vn\u00ed anal\u00fdzu, kter\u00e1 klade provokativn\u00ed ot\u00e1zku: M\u016f\u017eeme \u017ealovat fosiln\u00ed korporace za smrt zp\u016fsobenou zm\u011bnami klimatu ? Pr\u00e1vn\u00ed anal\u00fdza, kterou zpracovala advok\u00e1tn\u00ed kancel\u00e1\u0159 Frank Bold, se zam\u011b\u0159uje na mo\u017enosti trestn\u00edho st\u00edh\u00e1n\u00ed fosiln\u00edch korporac\u00ed za jejich roli p\u0159i zp\u016fsoben\u00ed&nbsp; klimatick\u00e9 zm\u011bny a&nbsp;jej\u00ed dopady na zdrav\u00ed a&nbsp;\u017eivoty ob\u010dan\u016f.<\/p>\n\n<p><strong>Bezprecedentn\u00ed, ale re\u00e1ln\u00e9<\/strong><\/p>\n\n<p><a href=\"https:\/\/www.greenpeace.org\/czech\/publikace\/19627\/klimaticka-vrazda\/\" target=\"_blank\" rel=\"noreferrer noopener\">Z\u00e1v\u011bry anal\u00fdzy<\/a>&nbsp;uk\u00e1zaly, \u017ee podle \u010desk\u00e9ho trestn\u00edho pr\u00e1va by mohly b\u00fdt fosiln\u00ed spole\u010dnosti obvin\u011bny z&nbsp;usmrcen\u00ed z&nbsp;nedbalosti a&nbsp;ohro\u017een\u00ed zdrav\u00ed z&nbsp;nedbalosti, to by mohlo znamenat, \u017ee spole\u010dnosti, kter\u00e9 jsou zodpov\u011bdn\u00e9 za 75% emis\u00ed sklen\u00edkov\u00fdch plyn\u016f u&nbsp;n\u00e1s, budou nuceny n\u00e9st d\u016fsledky sv\u00fdch \u010din\u016f na \u017eivotn\u00edm prost\u0159ed\u00ed a&nbsp;lidsk\u00e9m zdrav\u00ed. Nelze v\u0161ak \u017ealovat samotn\u00e9 pr\u00e1vnick\u00e9 osoby, tedy korporace jako takov\u00e9, ale jejich v\u00fdkonn\u00e9 p\u0159edstavitele, nap\u0159\u00edklad gener\u00e1ln\u00ed \u0159editele.<\/p>\n\n<p><strong>Fosiln\u00ed zlo\u010dinci<\/strong><\/p>\n\n<p>Fosiln\u00ed spole\u010dnosti v&nbsp;\u010cesk\u00e9 republice jsou zodpov\u011bdn\u00e9 za p\u0159ibli\u017en\u011b 75&nbsp;% emis\u00ed sklen\u00edkov\u00fdch plyn\u016f a&nbsp;maj\u00ed na sv\u011bdom\u00ed mnoho p\u0159ed\u010dasn\u00fdch \u00famrt\u00ed obyvatelstva a&nbsp;rozs\u00e1hl\u00e9 ekologick\u00e9 \u0161kody. Mezi hlavn\u00ed fosiln\u00ed spole\u010dnosti, kter\u00e9 jsou zodpov\u011bdn\u00e9 za tuto situaci, pat\u0159\u00ed \u201e\u0161pinav\u00e1 trojka\u201c \u010cEZ, Sev.en a&nbsp;EPH.<\/p>\n\n<p>Fosiln\u00ed korporace v\u011bd\u011bly o&nbsp;klimatick\u00e9 hrozb\u011b ji\u017e dlouho p\u0159edt\u00edm, ne\u017e se o&nbsp;n\u00ed za\u010dalo ve\u0159ejn\u011b diskutovat. M\u011bly sv\u016fj vlastn\u00ed klimatick\u00fd v\u00fdzkum, byly v&nbsp;kontaktu s&nbsp;politiky a&nbsp;sledovaly akademick\u00fd v\u00fdzkum. Nam\u00edsto toho, aby se zapojily do \u0159e\u0161en\u00ed klimatick\u00e9 krize, fosiln\u00ed korporace utr\u00e1cej\u00ed miliony korun za dezinforma\u010dn\u00ed kampan\u011b proti klimatick\u00e9 v\u011bd\u011b a&nbsp;lobbingov\u00e1 aktivity proti ambici\u00f3zn\u00edm klimatick\u00fdm politik\u00e1m, kter\u00fdmi cht\u011bj\u00ed p\u0159esv\u011bd\u010dit ve\u0159ejnost a&nbsp;vl\u00e1dy o&nbsp;tom, \u017ee jejich byznys model je st\u00e1le udr\u017eiteln\u00fd a&nbsp;\u017ee se sna\u017e\u00ed o&nbsp;ekologickou transformaci.<\/p>\n\n<p><strong>Klimatick\u00e9 \u017ealoby ve sv\u011bt\u011b<\/strong><\/p>\n\n<p>Ve sv\u011bt\u011b existuje n\u011bkolik p\u0159\u00edpad\u016f, kdy lid\u00e9 nebo organizace podali \u017ealoby na fosiln\u00ed korporace za klimatickou krizi. Nap\u0159\u00edklad v&nbsp;Nizozemsku soud rozhodl, \u017ee ropn\u00e1 spole\u010dnost Shell mus\u00ed do roku 2030&nbsp;sn\u00ed\u017eit sv\u00e9 emise sklen\u00edkov\u00fdch plyn\u016f o&nbsp;45&nbsp;% oproti roku 2019.&nbsp;V&nbsp;USA soudy \u0159e\u0161\u00ed \u017ealoby n\u011bkolika m\u011bst a&nbsp;st\u00e1t\u016f, kter\u00e9 po\u017eaduj\u00ed od fosiln\u00edch korporac\u00ed n\u00e1hradu \u0161kody za zvy\u0161ov\u00e1n\u00ed hladiny mo\u0159e, po\u017e\u00e1ry a&nbsp;sucha. V&nbsp;N\u011bmecku t\u0159i farm\u00e1\u0159i a&nbsp;Greenpeace podali \u017ealobu proti vl\u00e1d\u011b za nedostate\u010dnou ochranu klimatu. Tyto \u017ealoby se op\u00edraj\u00ed o&nbsp;r\u016fzn\u00e9 pr\u00e1vn\u00ed argumenty, jako je lidsk\u00e9 pr\u00e1vo na zdrav\u00e9 \u017eivotn\u00ed prost\u0159ed\u00ed, poru\u0161en\u00ed povinnosti p\u00e9\u010de nebo nedbalost.<\/p>\n\n<p>Zda trestn\u00ed st\u00edh\u00e1n\u00ed fosiln\u00edch korporac\u00ed bude \u00fa\u010dinn\u00fdm n\u00e1strojem, z\u016fst\u00e1v\u00e1 ot\u00e1zkou. Nicm\u00e9n\u011b, tato debata n\u00e1m p\u0159ipom\u00edn\u00e1, \u017ee je \u010das jednat. Ochrana na\u0161\u00ed planety a\u00a0lidsk\u00e9ho zdrav\u00ed by m\u011bly b\u00fdt prioritami, a\u00a0to i\u00a0na \u00farovni pr\u00e1va a\u00a0trestn\u00edho st\u00edh\u00e1n\u00ed.<\/p>\n\n<p><em>Text vy\u0161el na Seznam m\u00e9dium.<\/em><\/p>\n","protected":false},"excerpt":{"rendered":"<p>M\u011bli bychom m\u00edt mo\u017enost \u017ealovat fosiln\u00ed korporace za to, \u017ee zp\u016fsobily klimatickou krizi a&nbsp;maj\u00ed vliv na \u00famrt\u00ed obyvatel? Je to v\u016fbec v&nbsp;\u010desk\u00e9m pr\u00e1vn\u00edm kontextu mo\u017en\u00e9?<\/p>\n","protected":false},"author":74,"featured_media":19667,"comment_status":"open","ping_status":"closed","sticky":false,"template":"","format":"standard","meta":{"ep_exclude_from_search":false,"p4_og_title":"","p4_og_description":"","p4_og_image":"","p4_og_image_id":"","p4_seo_canonical_url":"","p4_campaign_name":"","p4_local_project":"","p4_basket_name":"","p4_department":"","footnotes":""},"categories":[4],"tags":[20,26,25],"p4-page-type":[16],"class_list":["post-19666","post","type-post","status-publish","format-standard","has-post-thumbnail","hentry","category-energeticka-revoluce","tag-zmena-klimatu","tag-obnovitelne-zdroje","tag-konec-doby-fosilni","p4-page-type-clanek"],"_links":{"self":[{"href":"https:\/\/www.greenpeace.org\/czech\/wp-json\/wp\/v2\/posts\/19666","targetHints":{"allow":["GET"]}}],"collection":[{"href":"https:\/\/www.greenpeace.org\/czech\/wp-json\/wp\/v2\/posts"}],"about":[{"href":"https:\/\/www.greenpeace.org\/czech\/wp-json\/wp\/v2\/types\/post"}],"author":[{"embeddable":true,"href":"https:\/\/www.greenpeace.org\/czech\/wp-json\/wp\/v2\/users\/74"}],"replies":[{"embeddable":true,"href":"https:\/\/www.greenpeace.org\/czech\/wp-json\/wp\/v2\/comments?post=19666"}],"version-history":[{"count":1,"href":"https:\/\/www.greenpeace.org\/czech\/wp-json\/wp\/v2\/posts\/19666\/revisions"}],"predecessor-version":[{"id":19668,"href":"https:\/\/www.greenpeace.org\/czech\/wp-json\/wp\/v2\/posts\/19666\/revisions\/19668"}],"wp:featuredmedia":[{"embeddable":true,"href":"https:\/\/www.greenpeace.org\/czech\/wp-json\/wp\/v2\/media\/19667"}],"wp:attachment":[{"href":"https:\/\/www.greenpeace.org\/czech\/wp-json\/wp\/v2\/media?parent=19666"}],"wp:term":[{"taxonomy":"category","embeddable":true,"href":"https:\/\/www.greenpeace.org\/czech\/wp-json\/wp\/v2\/categories?post=19666"},{"taxonomy":"post_tag","embeddable":true,"href":"https:\/\/www.greenpeace.org\/czech\/wp-json\/wp\/v2\/tags?post=19666"},{"taxonomy":"p4-page-type","embeddable":true,"href":"https:\/\/www.greenpeace.org\/czech\/wp-json\/wp\/v2\/p4-page-type?post=19666"}],"curies":[{"name":"wp","href":"https:\/\/api.w.org\/{rel}","templated":true}]}}