{"id":19799,"date":"2023-12-11T10:39:54","date_gmt":"2023-12-11T09:39:54","guid":{"rendered":"https:\/\/www.greenpeace.org\/czech\/?p=19799"},"modified":"2023-12-11T10:42:19","modified_gmt":"2023-12-11T09:42:19","slug":"podzim-3","status":"publish","type":"post","link":"https:\/\/www.greenpeace.org\/czech\/magazin\/19799\/podzim-3\/","title":{"rendered":"Podzim"},"content":{"rendered":"\n<figure class=\"wp-block-image size-large\"><img loading=\"lazy\" decoding=\"async\" width=\"1024\" height=\"722\" src=\"https:\/\/www.greenpeace.org\/static\/planet4-czech-republic-stateless\/2023\/12\/22eecd21-magazin_online-01-1024x722.png\" alt=\"\" class=\"wp-image-19800\" srcset=\"https:\/\/www.greenpeace.org\/static\/planet4-czech-republic-stateless\/2023\/12\/22eecd21-magazin_online-01-1024x722.png 1024w, https:\/\/www.greenpeace.org\/static\/planet4-czech-republic-stateless\/2023\/12\/22eecd21-magazin_online-01-300x211.png 300w, https:\/\/www.greenpeace.org\/static\/planet4-czech-republic-stateless\/2023\/12\/22eecd21-magazin_online-01-768x541.png 768w, https:\/\/www.greenpeace.org\/static\/planet4-czech-republic-stateless\/2023\/12\/22eecd21-magazin_online-01-1536x1083.png 1536w, https:\/\/www.greenpeace.org\/static\/planet4-czech-republic-stateless\/2023\/12\/22eecd21-magazin_online-01-482x340.png 482w, https:\/\/www.greenpeace.org\/static\/planet4-czech-republic-stateless\/2023\/12\/22eecd21-magazin_online-01.png 1654w\" sizes=\"auto, (max-width: 1024px) 100vw, 1024px\" \/><\/figure>\n\n<h2 class=\"wp-block-heading\">Obsah \u010d\u00edsla<\/h2>\n\n<ul class=\"wp-block-list\">\n<li>Oce\u00e1ny bez t\u011b\u017eby<\/li>\n\n\n\n<li>V\u00edt\u011bzstv\u00ed pro oce\u00e1ny<\/li>\n\n\n\n<li>Ochrana tuzemsk\u00fdch prales\u016f<\/li>\n\n\n\n<li>Spolu pro klima<\/li>\n\n\n\n<li>Nek\u00e1cejte<\/li>\n\n\n\n<li>Konec doby fosiln\u00ed<\/li>\n\n\n\n<li>Ochrana biodiverzity<\/li>\n\n\n\n<li>Akce v obrazech<\/li>\n<\/ul>\n\n<div class=\"wp-block-buttons is-layout-flex wp-block-buttons-is-layout-flex\">\n<div class=\"wp-block-button is-style-cta\"><a class=\"wp-block-button__link wp-element-button\" href=\"https:\/\/www.greenpeace.org\/static\/planet4-czech-republic-stateless\/2023\/12\/849f0ff5-magazin_online.pdf\">St\u00e1hnout magaz\u00edn (PDF, 9 MB)<\/a><\/div>\n<\/div>\n\n<p><\/p>\n","protected":false},"excerpt":{"rendered":"<p>Oce\u00e1ny bez t\u011b\u017eby \u2022 V\u00edt\u011bzstv\u00ed pro oce\u00e1ny \u2022 Ochrana tuzemsk\u00fdch prales\u016f \u2022 Spolu pro klima \u2022 Nek\u00e1cejte \u2022 Konec doby fosiln\u00ed \u2022 Ochrana biodiverzity \u2022 Akce v obrazech<\/p>\n","protected":false},"author":37,"featured_media":19801,"comment_status":"closed","ping_status":"closed","sticky":false,"template":"","format":"standard","meta":{"ep_exclude_from_search":false,"p4_og_title":"","p4_og_description":"","p4_og_image":"","p4_og_image_id":"","p4_seo_canonical_url":"","p4_campaign_name":"not set","p4_local_project":"not set","p4_basket_name":"not set","p4_department":"","footnotes":""},"categories":[30],"tags":[],"p4-page-type":[35],"class_list":["post-19799","post","type-post","status-publish","format-standard","has-post-thumbnail","hentry","category-greenpeace","p4-page-type-magazin"],"_links":{"self":[{"href":"https:\/\/www.greenpeace.org\/czech\/wp-json\/wp\/v2\/posts\/19799","targetHints":{"allow":["GET"]}}],"collection":[{"href":"https:\/\/www.greenpeace.org\/czech\/wp-json\/wp\/v2\/posts"}],"about":[{"href":"https:\/\/www.greenpeace.org\/czech\/wp-json\/wp\/v2\/types\/post"}],"author":[{"embeddable":true,"href":"https:\/\/www.greenpeace.org\/czech\/wp-json\/wp\/v2\/users\/37"}],"replies":[{"embeddable":true,"href":"https:\/\/www.greenpeace.org\/czech\/wp-json\/wp\/v2\/comments?post=19799"}],"version-history":[{"count":3,"href":"https:\/\/www.greenpeace.org\/czech\/wp-json\/wp\/v2\/posts\/19799\/revisions"}],"predecessor-version":[{"id":19806,"href":"https:\/\/www.greenpeace.org\/czech\/wp-json\/wp\/v2\/posts\/19799\/revisions\/19806"}],"wp:featuredmedia":[{"embeddable":true,"href":"https:\/\/www.greenpeace.org\/czech\/wp-json\/wp\/v2\/media\/19801"}],"wp:attachment":[{"href":"https:\/\/www.greenpeace.org\/czech\/wp-json\/wp\/v2\/media?parent=19799"}],"wp:term":[{"taxonomy":"category","embeddable":true,"href":"https:\/\/www.greenpeace.org\/czech\/wp-json\/wp\/v2\/categories?post=19799"},{"taxonomy":"post_tag","embeddable":true,"href":"https:\/\/www.greenpeace.org\/czech\/wp-json\/wp\/v2\/tags?post=19799"},{"taxonomy":"p4-page-type","embeddable":true,"href":"https:\/\/www.greenpeace.org\/czech\/wp-json\/wp\/v2\/p4-page-type?post=19799"}],"curies":[{"name":"wp","href":"https:\/\/api.w.org\/{rel}","templated":true}]}}