{"id":19813,"date":"2023-11-29T11:43:00","date_gmt":"2023-11-29T10:43:00","guid":{"rendered":"https:\/\/www.greenpeace.org\/czech\/?p=19813"},"modified":"2023-12-12T17:51:36","modified_gmt":"2023-12-12T16:51:36","slug":"zakon-o-obnove-prirody-prezil-klicove-hlasovani-ve-vyboru-europarlamentu-a-je-krok-od-schvaleni","status":"publish","type":"post","link":"https:\/\/www.greenpeace.org\/czech\/tiskova-zprava\/19813\/zakon-o-obnove-prirody-prezil-klicove-hlasovani-ve-vyboru-europarlamentu-a-je-krok-od-schvaleni\/","title":{"rendered":"Z\u00e1kon o obnov\u011b p\u0159\u00edrody p\u0159e\u017eil kl\u00ed\u010dov\u00e9 hlasov\u00e1n\u00ed ve v\u00fdboru europarlamentu a je krok od schv\u00e1len\u00ed"},"content":{"rendered":"\n<p>V\u00fdbor pro \u017eivotn\u00ed prost\u0159ed\u00ed Evropsk\u00e9ho parlamentu dnes schv\u00e1lil kone\u010dn\u00e9 zn\u011bn\u00ed z\u00e1kona o obnov\u011b p\u0159\u00edrody. Byl to p\u0159edposledn\u00ed krok nutn\u00fd ke schv\u00e1len\u00ed tohoto z\u00e1kona, o kter\u00e9m by m\u011bl Evropsk\u00fd parlament definitivn\u011b hlasovat je\u0161t\u011b p\u0159ed koncem tohoto roku.<\/p>\n\n<figure class=\"wp-block-image size-large\"><img loading=\"lazy\" decoding=\"async\" width=\"1024\" height=\"682\" src=\"https:\/\/www.greenpeace.org\/static\/planet4-czech-republic-stateless\/2023\/12\/d288e310-gp0stpf5i_medium_res-1024x682.jpg\" alt=\"\" class=\"wp-image-19814\" srcset=\"https:\/\/www.greenpeace.org\/static\/planet4-czech-republic-stateless\/2023\/12\/d288e310-gp0stpf5i_medium_res-1024x682.jpg 1024w, https:\/\/www.greenpeace.org\/static\/planet4-czech-republic-stateless\/2023\/12\/d288e310-gp0stpf5i_medium_res-300x200.jpg 300w, https:\/\/www.greenpeace.org\/static\/planet4-czech-republic-stateless\/2023\/12\/d288e310-gp0stpf5i_medium_res-768x511.jpg 768w, https:\/\/www.greenpeace.org\/static\/planet4-czech-republic-stateless\/2023\/12\/d288e310-gp0stpf5i_medium_res-510x340.jpg 510w, https:\/\/www.greenpeace.org\/static\/planet4-czech-republic-stateless\/2023\/12\/d288e310-gp0stpf5i_medium_res.jpg 1199w\" sizes=\"auto, (max-width: 1024px) 100vw, 1024px\" \/><figcaption class=\"wp-element-caption\">Rys ostrovid (c) Greenpeace &#8211; Tom\u00e1\u0161 Hul\u00edk<\/figcaption><\/figure>\n\n<p>&nbsp;Z\u00e1kon o obnov\u011b p\u0159\u00edrody je kl\u00ed\u010dov\u00e1 pr\u00e1vn\u00ed norma, kter\u00e1 m\u00e1 Evropsk\u00e9 unii pomoci naplnit z\u00e1vazky vypl\u00fdvaj\u00edc\u00ed z&nbsp;mezin\u00e1rodn\u00edch dohod o ochran\u011b biodiverzity a klimatu. Obsahuje c\u00edle pro zlep\u0161en\u00ed stavu \u0159ek a potok\u016f, les\u016f i zem\u011bd\u011blsk\u00e9 krajiny \u2013 ekosyst\u00e9m\u016f, kter\u00e9 nejen zaru\u010duj\u00ed pestrou a bohatou krajinu, ale jsou i kl\u00ed\u010dov\u00e9 pro adaptaci i zm\u00edr\u0148ov\u00e1n\u00ed klimatick\u00e9 zm\u011bny.&nbsp;<\/p>\n\n<p>Je\u0161t\u011b v\u010dera ale nebylo z\u0159ejm\u00e9, zda z\u00e1kon v\u00fdborem projde, a to p\u0159esto, \u017ee byl oproti p\u016fvodn\u00edmu n\u00e1vrhu Evropsk\u00e9 komise zna\u010dn\u011b oslaben a dopln\u011bn o v\u00fdznamn\u00e9 \u00fastupky zejm\u00e9na sm\u011brem k&nbsp;zem\u011bd\u011blsk\u00fdm podnikatel\u016fm. Podle pravidel rozhodov\u00e1n\u00ed v&nbsp;Evropsk\u00e9 unii by europoslanci mohli z\u00e1konu u\u017e hlasov\u00e1n\u00edm ve v\u00fdboru vystavit z\u00e1konu stopku. Nakonec v\u0161ak z\u00e1kon v\u00fdraznou v\u011bt\u0161inou (53:28) pro\u0161el.<\/p>\n\n<p>\u201cTato pr\u00e1vn\u00ed norma formou na\u0159\u00edzen\u00ed Evropsk\u00e9ho parlamentu a Rady povede k prvn\u00edm krok\u016fm zm\u011bn\u011bn\u00e9ho p\u0159\u00edstupu k t\u011b\u017ece zkou\u0161en\u00e9 \u010desk\u00e9 krajin\u011b a nyn\u00ed bude na cel\u00e9m pl\u00e9nu Evropsk\u00e9ho parlamentu, aby na\u0159\u00edzen\u00ed dalo zelenou,\u201d upozor\u0148uje Pavel \u0160remer ze Spole\u010dnosti pro trvale udr\u017eiteln\u00fd \u017eivot (STU\u017d)<\/p>\n\n<p>\u201cZd\u00e1 se nyn\u00ed pravd\u011bpodobn\u00e9, \u017ee z\u00e1kon p\u0159ijme i pl\u00e9num Evropsk\u00e9ho parlamentu. Douf\u00e1me, \u017ee&nbsp; napln\u011bn\u00ed tohoto z\u00e1kona bude u n\u00e1s prob\u00edhat transparentn\u011b a za \u00fa\u010dasti ve\u0159ejnosti, jak ostatn\u011b z\u00e1kon p\u0159edpokl\u00e1d\u00e1. Nevl\u00e1dn\u00ed organizace jsou p\u0159ipraveny se tohoto procesu z\u00fa\u010dastnit a ze v\u0161ech sil ho podpo\u0159it,\u201d komentuje Vlastimil Karl\u00edk z Arniky.<\/p>\n\n<p>\u201eVe V\u00fdboru pro \u017eivotn\u00ed prost\u0159ed\u00ed dnes p\u0159evl\u00e1dla zodpov\u011bdnost s velkou p\u0159evahou. Pokud bude podobn\u011b hlasovat i cel\u00fd Evropsk\u00fd parlament, opravdu se do\u010dk\u00e1me zdrav\u011bj\u0161\u00ed a odoln\u011bj\u0161\u00ed Evropy. Prosp\u011bch z toho nakonec budeme m\u00edt v\u0161ichni,\u201c \u0159\u00edk\u00e1 \u0159editel \u010cesk\u00e9 spole\u010dnosti ornitologick\u00e9 Zden\u011bk Vermouzek.&nbsp;<\/p>\n","protected":false},"excerpt":{"rendered":"<p>V\u00fdbor pro \u017eivotn\u00ed prost\u0159ed\u00ed Evropsk\u00e9ho parlamentu dnes schv\u00e1lil kone\u010dn\u00e9 zn\u011bn\u00ed z\u00e1kona o obnov\u011b p\u0159\u00edrody. Byl to p\u0159edposledn\u00ed krok nutn\u00fd ke schv\u00e1len\u00ed tohoto z\u00e1kona, o kter\u00e9m by m\u011bl Evropsk\u00fd parlament definitivn\u011b&hellip;<\/p>\n","protected":false},"author":27,"featured_media":19814,"comment_status":"open","ping_status":"closed","sticky":false,"template":"","format":"standard","meta":{"ep_exclude_from_search":false,"p4_og_title":"","p4_og_description":"","p4_og_image":"","p4_og_image_id":"","p4_seo_canonical_url":"","p4_campaign_name":"","p4_local_project":"","p4_basket_name":"","p4_department":"","footnotes":""},"categories":[2],"tags":[17,22,28],"p4-page-type":[14],"class_list":["post-19813","post","type-post","status-publish","format-standard","has-post-thumbnail","hentry","category-priroda","tag-lesy-pralesy","tag-setrimeplanetu","tag-uspechy","p4-page-type-tiskova-zprava"],"_links":{"self":[{"href":"https:\/\/www.greenpeace.org\/czech\/wp-json\/wp\/v2\/posts\/19813","targetHints":{"allow":["GET"]}}],"collection":[{"href":"https:\/\/www.greenpeace.org\/czech\/wp-json\/wp\/v2\/posts"}],"about":[{"href":"https:\/\/www.greenpeace.org\/czech\/wp-json\/wp\/v2\/types\/post"}],"author":[{"embeddable":true,"href":"https:\/\/www.greenpeace.org\/czech\/wp-json\/wp\/v2\/users\/27"}],"replies":[{"embeddable":true,"href":"https:\/\/www.greenpeace.org\/czech\/wp-json\/wp\/v2\/comments?post=19813"}],"version-history":[{"count":2,"href":"https:\/\/www.greenpeace.org\/czech\/wp-json\/wp\/v2\/posts\/19813\/revisions"}],"predecessor-version":[{"id":19821,"href":"https:\/\/www.greenpeace.org\/czech\/wp-json\/wp\/v2\/posts\/19813\/revisions\/19821"}],"wp:featuredmedia":[{"embeddable":true,"href":"https:\/\/www.greenpeace.org\/czech\/wp-json\/wp\/v2\/media\/19814"}],"wp:attachment":[{"href":"https:\/\/www.greenpeace.org\/czech\/wp-json\/wp\/v2\/media?parent=19813"}],"wp:term":[{"taxonomy":"category","embeddable":true,"href":"https:\/\/www.greenpeace.org\/czech\/wp-json\/wp\/v2\/categories?post=19813"},{"taxonomy":"post_tag","embeddable":true,"href":"https:\/\/www.greenpeace.org\/czech\/wp-json\/wp\/v2\/tags?post=19813"},{"taxonomy":"p4-page-type","embeddable":true,"href":"https:\/\/www.greenpeace.org\/czech\/wp-json\/wp\/v2\/p4-page-type?post=19813"}],"curies":[{"name":"wp","href":"https:\/\/api.w.org\/{rel}","templated":true}]}}