{"id":19822,"date":"2023-12-13T10:05:20","date_gmt":"2023-12-13T09:05:20","guid":{"rendered":"https:\/\/www.greenpeace.org\/czech\/?p=19822"},"modified":"2025-11-12T12:14:30","modified_gmt":"2025-11-12T11:14:30","slug":"klimaticka-konference-cop28-dala-jasny-signal-k-ukonceni-ery-fosilnich-paliv","status":"publish","type":"post","link":"https:\/\/www.greenpeace.org\/czech\/tiskova-zprava\/19822\/klimaticka-konference-cop28-dala-jasny-signal-k-ukonceni-ery-fosilnich-paliv\/","title":{"rendered":"Klimatick\u00e1 konference COP28 dala jasn\u00fd sign\u00e1l k ukon\u010den\u00ed \u00e9ry fosiln\u00edch paliv"},"content":{"rendered":"\n<p>Po dvou t\u00fddnech dnes skon\u010dila v\u00fdro\u010dn\u00ed glob\u00e1ln\u00ed klimatick\u00e1 konference COP28, kter\u00e1 se konala v Dubaji ve Spojen\u00fdch arabsk\u00fdch emir\u00e1tech. Hlavn\u00edm t\u00e9matem konference byl odchod od fosiln\u00edch paliv tak, aby se glob\u00e1ln\u00ed oteplen\u00ed udr\u017eelo v souladu s Pa\u0159\u00ed\u017eskou dohodou na hranici 1,5 \u00b0C.&nbsp;<\/p>\n\n<p>Nad\u011bje je na obzoru a tato klimatick\u00e1 konference zah\u00e1jila za\u010d\u00e1tek konce \u00e9ry fosiln\u00edch paliv. Z\u00e1v\u011bre\u010dn\u00fd text glob\u00e1ln\u00ed inventury Pa\u0159\u00ed\u017esk\u00e9 dohody, tzv. UAE consensus [1], dnes p\u0159edstaven\u00fd prezidentem COP 28 sult\u00e1nem Ahmedem al D\u017e\u00e1birem dal jasn\u00fd sign\u00e1l, \u017ee se sv\u011btov\u00e9 zem\u011b dohodli, \u017ee fosiln\u00ed paliva mus\u00ed b\u00fdt nahrazena \u010distou energi\u00ed do roku 2050, aby se splnil c\u00edl oteplen\u00ed o maxim\u00e1ln\u011b 1,5 \u00b0C.&nbsp;&nbsp;<\/p>\n\n<p><strong>Miriam Macurov\u00e1<\/strong>,<strong> vedouc\u00ed klimatick\u00e9 kampan\u011b Greenpeace a \u00fa\u010dastnice Klimatick\u00e9 konference COP28<\/strong>, \u0159\u00edk\u00e1: <em>\u201e<\/em>Je to poprv\u00e9, kdy se zem\u011b na klimatick\u00e9 konferenci shodly na \u0159e\u0161en\u00ed hlavn\u00ed p\u0159\u00ed\u010diny klimatick\u00e9 krize, co\u017e je sign\u00e1lem, \u017ee konverzace o ukon\u010den\u00ed \u00e9ry fosiln\u00edch paliv za\u010dala. Text ale tak\u00e9 nech\u00e1v\u00e1 otev\u0159en\u00e9 dve\u0159e fale\u0161n\u00fdm \u0159e\u0161en\u00edm jako jsou technologie na zachycov\u00e1n\u00ed CO\u2082 nebo \u201ap\u0159echodov\u00e9 paliva\u2018 a neobsahuje dostate\u010dn\u00e9 finan\u010dn\u00ed prost\u0159edky pro rychl\u00e9 a spravedliv\u00e9 dosa\u017een\u00ed odchodu od fosiln\u00edch paliv pro v\u0161echny zem\u011b. Nyn\u00ed je pot\u0159eba, aby v\u0161ech t\u00e9m\u011b\u0159 130 l\u00eddr\u016f*y\u0148, z\u00e1stupc\u016f*ky\u0148 podnik\u016f a&nbsp;ob\u010dansk\u00e9 spole\u010dnosti, kte\u0159\u00ed se spojili, aby vytvo\u0159ili bezprecedentn\u00ed s\u00edlu pro zm\u011bnu, vyu\u017eili toto odhodl\u00e1n\u00ed a uskute\u010dnili odchod od fosiln\u00edch paliv ve sv\u00fdch zem\u00edch.\u201c&nbsp;<\/p>\n\n<p>Mezi hlavn\u00ed v\u00fdsledky konference pat\u0159\u00ed nepopirateln\u011b zprovozn\u011bn\u00ed Fondu pro \u00fahradu ztr\u00e1t a \u0161kod zp\u016fsoben\u00fdch zm\u011bnou klimatu v nejv\u00edce zraniteln\u00fdch zem\u00edch, kter\u00fd byl p\u0159ijat hned v prvn\u00edch dnech konference. [2] Nyn\u00ed je ale nutn\u00e9 ho dostate\u010dn\u011b naplnit pot\u0159ebn\u00fdmi financemi, aby pokryl pot\u0159eby nejzraniteln\u011bj\u0161\u00edch zem\u00ed. Jak uv\u00e1d\u00ed <strong>Pavel P\u0159ibyl<\/strong>,<strong> \u0159editel FoRS <\/strong>\u2013<strong> \u010cesk\u00e9ho f\u00f3ra pro rozvojovou spolupr\u00e1ci<\/strong>:<em> \u201eJe pot\u0159eba, aby se \u010cR konkr\u00e9tn\u011b vyj\u00e1d\u0159ila, jak se chyst\u00e1 p\u0159isp\u00edvat do nov\u011b z\u0159\u00edzen\u00e9ho Fondu pro \u00fahradu ztr\u00e1t a \u0161kod zp\u016fsoben\u00fdch zm\u011bnou klimatu v nejv\u00edce zraniteln\u00fdch zem\u00edch. Pro srovn\u00e1n\u00ed: f\u00e9rov\u00fd pod\u00edl \u010cR na prost\u0159ed\u00edch na finacov\u00e1n\u00ed ztr\u00e1t a \u0161kod zp\u016fsoben\u00fdch klimatickou kriz\u00ed je odhadov\u00e1n na 8 mld. korun ro\u010dn\u011b, zat\u00edmco \u010cR na n\u011b p\u0159isp\u00edv\u00e1 v objemu pouh\u00fdch 200\u2013300 mil. K\u010d ro\u010dn\u011b. P\u0159\u00edsp\u011bvek, v\u010detn\u011b toho do nov\u00e9ho fondu, je pot\u0159eba za\u010d\u00edt v\u00fdrazn\u011b navy\u0161ovat. Jednak to bude sign\u00e1l, \u017ee bereme pot\u0159eby nejzraniteln\u011bj\u0161\u00edch zem\u00edch opravdu v\u00e1\u017en\u011b, ale tak\u00e9 to pos\u00edl\u00ed pozici \u010cR na mezin\u00e1rodn\u00edm poli.\u201c&nbsp;<\/em><\/p>\n\n<p><strong>Magdalena Davis, \u0159editelka \u010desk\u00fdch klimatick\u00fdch program\u016f \u010clov\u011bk v t\u00edsni, k tomu \u0159\u00edk\u00e1:&nbsp; <\/strong><em>\u201eOce\u0148uji, \u017ee COP28 zam\u011b\u0159il pozornost na klimatick\u00e9 finance a vznikla \u0159ada impulz\u016f, jak pos\u00edlit z\u00e1vazek rozvinut\u00fdch pr\u016fmyslov\u00fdch zem\u00ed p\u0159isp\u00edvat 100 miliard dolar\u016f ro\u010dn\u011b rozvojov\u00fdm st\u00e1t\u016fm, kter\u00e9 trp\u00ed extr\u00e9mn\u00edmi dopady klimatick\u00e9 zm\u011bny, ani\u017e by ji sami zp\u016fsobili. Ale i to je jen za\u010d\u00e1tek \u2013 skute\u010dn\u00e9 n\u00e1klady na zvl\u00e1dnut\u00ed klimatick\u00e9 zm\u011bny se pohybuj\u00ed kolem 2,7 bilionu dolar\u016f ro\u010dn\u011b. A pokud se st\u00e1ty nedohodnou na \u0159e\u0161en\u00ed p\u0159\u00ed\u010diny klimatick\u00e9 zm\u011bny, tedy na pevn\u011b stanoven\u00e9m term\u00ednu ukon\u010den\u00ed spalov\u00e1n\u00ed v\u0161ech fosiln\u00edch paliv, n\u00e1klady se budou s postupuj\u00edc\u00edmi \u0161kodami i humanit\u00e1rn\u00edmi krizemi je\u0161t\u011b zvy\u0161ovat. Proto je d\u016fle\u017eit\u00e9 i nad\u00e1le v\u00e9st na p\u016fd\u011b OSN di \u201d<\/em><\/p>\n\n<p><strong>Tereza Fenclov\u00e1 Ma\u0161kov\u00e1<\/strong>, <strong>komunika\u010dn\u00ed koordin\u00e1torka Klimatick\u00e1 koalice<\/strong>,<strong> <\/strong>dod\u00e1v\u00e1: <em>\u201eKonference COP28 z\u00edskala \u0159adu prvenstv\u00ed, kdy\u017e se s po\u010dtem kolem 75 000 \u00fa\u010dastn\u00edk\u016f a \u00fa\u010dastnic, p\u0159i\u010dem\u017e 2500 z nich tvo\u0159ili z\u00e1stupci a z\u00e1stupkyn\u011b fosiln\u00edho pr\u016fmyslu, stala dosud nejv\u011bt\u0161\u00ed a konala se v doposud nejteplej\u0161\u00edm roce v historii m\u011b\u0159en\u00ed. Vol\u00e1n\u00ed po z\u00e1vazku \u00fapln\u011b p\u0159estat pou\u017e\u00edvat ve\u0161ker\u00e1 fosiln\u00ed paliva nebylo pln\u011b vysly\u0161eno, ale neziskov\u00e9 organizace oce\u0148uj\u00ed, \u017ee se ve fin\u00e1ln\u00ed verzi dohody odchod od fosiln\u00edch paliv nakonec objevil.\u201c&nbsp;<\/em><\/p>\n\n<p><strong>Kontakty:<\/strong><\/p>\n\n<p><strong>Miriam Macurov\u00e1<\/strong>, Greenpeace \u010cR, <a href=\"mailto:miriam.macurova@greenpeace.org\">miriam.macurova@greenpeace.org<\/a>, +420 771 154 362<\/p>\n\n<p><strong>Pavel P\u0159ibyl<\/strong>, FoRS \u2013 \u010cesk\u00e9 f\u00f3rum pro rozvojovou spolupr\u00e1ci, <a href=\"mailto:pavel.pribyl@fors.cz\">pavel.pribyl@fors.cz<\/a>, +420 603 207 249&nbsp;<\/p>\n\n<p><strong>Magdalena Davis<\/strong>, \u010clov\u011bk v t\u00edsni, <a href=\"mailto:magdalena.davis@peopleinneed.net\">magdalena.davis@peopleinneed.net<\/a>, +420 739 296 706<\/p>\n\n<p><strong>Tereza Fenclov\u00e1 Ma\u0161kov\u00e1<\/strong>, Klimatick\u00e1 koalice, <a href=\"mailto:tereza.maskova@klimatickakoalice.cz\">tereza.maskova@klimatickakoalice.cz<\/a><\/p>\n\n<p><strong>Pozn\u00e1mky pro editory a editorky:<\/strong><\/p>\n\n<p>[1]<\/p>\n\n<figure class=\"wp-block-embed\"><div class=\"wp-block-embed__wrapper\">\nhttps:\/\/unfccc.int\/sites\/default\/files\/resource\/cma2023_L17_adv.pdf\n<\/div><\/figure>\n\n<p>[2] <a href=\"https:\/\/www.cop28.com\/en\/news\/2023\/11\/COP28-Presidency-unites-the-world-on-Loss-and-Damage\">https:\/\/www.cop28.com\/en\/news\/2023\/11\/COP28-Presidency-unites-the-world-on-Loss-and-Damage<\/a><\/p>\n","protected":false},"excerpt":{"rendered":"<p>Po dvou t\u00fddnech dnes skon\u010dila v\u00fdro\u010dn\u00ed glob\u00e1ln\u00ed klimatick\u00e1 konference COP28, kter\u00e1 se konala v Dubaji ve Spojen\u00fdch arabsk\u00fdch emir\u00e1tech. Hlavn\u00edm t\u00e9matem konference byl odchod od\u2026<\/p>\n","protected":false},"author":74,"featured_media":19823,"comment_status":"open","ping_status":"closed","sticky":false,"template":"","format":"standard","meta":{"ep_exclude_from_search":false,"p4_og_title":"","p4_og_description":"","p4_og_image":"","p4_og_image_id":"","p4_seo_canonical_url":"","p4_campaign_name":"","p4_local_project":"","p4_basket_name":"","p4_department":"","footnotes":""},"categories":[4],"tags":[25,20,26],"p4-page-type":[14],"class_list":["post-19822","post","type-post","status-publish","format-standard","has-post-thumbnail","hentry","category-energeticka-revoluce","tag-konec-doby-fosilni","tag-zmena-klimatu","tag-obnovitelne-zdroje","p4-page-type-tiskova-zprava"],"_links":{"self":[{"href":"https:\/\/www.greenpeace.org\/czech\/wp-json\/wp\/v2\/posts\/19822","targetHints":{"allow":["GET"]}}],"collection":[{"href":"https:\/\/www.greenpeace.org\/czech\/wp-json\/wp\/v2\/posts"}],"about":[{"href":"https:\/\/www.greenpeace.org\/czech\/wp-json\/wp\/v2\/types\/post"}],"author":[{"embeddable":true,"href":"https:\/\/www.greenpeace.org\/czech\/wp-json\/wp\/v2\/users\/74"}],"replies":[{"embeddable":true,"href":"https:\/\/www.greenpeace.org\/czech\/wp-json\/wp\/v2\/comments?post=19822"}],"version-history":[{"count":4,"href":"https:\/\/www.greenpeace.org\/czech\/wp-json\/wp\/v2\/posts\/19822\/revisions"}],"predecessor-version":[{"id":23121,"href":"https:\/\/www.greenpeace.org\/czech\/wp-json\/wp\/v2\/posts\/19822\/revisions\/23121"}],"wp:featuredmedia":[{"embeddable":true,"href":"https:\/\/www.greenpeace.org\/czech\/wp-json\/wp\/v2\/media\/19823"}],"wp:attachment":[{"href":"https:\/\/www.greenpeace.org\/czech\/wp-json\/wp\/v2\/media?parent=19822"}],"wp:term":[{"taxonomy":"category","embeddable":true,"href":"https:\/\/www.greenpeace.org\/czech\/wp-json\/wp\/v2\/categories?post=19822"},{"taxonomy":"post_tag","embeddable":true,"href":"https:\/\/www.greenpeace.org\/czech\/wp-json\/wp\/v2\/tags?post=19822"},{"taxonomy":"p4-page-type","embeddable":true,"href":"https:\/\/www.greenpeace.org\/czech\/wp-json\/wp\/v2\/p4-page-type?post=19822"}],"curies":[{"name":"wp","href":"https:\/\/api.w.org\/{rel}","templated":true}]}}