{"id":19900,"date":"2024-01-16T14:09:00","date_gmt":"2024-01-16T13:09:00","guid":{"rendered":"https:\/\/www.greenpeace.org\/czech\/?p=19900"},"modified":"2024-01-16T15:18:29","modified_gmt":"2024-01-16T14:18:29","slug":"ustavni-soud-zamitl-stiznost-firmy-cez-na-videa-greenpeace-ktera-si-delala-legraci-z-jejiho-greenwashingu","status":"publish","type":"post","link":"https:\/\/www.greenpeace.org\/czech\/tiskova-zprava\/19900\/ustavni-soud-zamitl-stiznost-firmy-cez-na-videa-greenpeace-ktera-si-delala-legraci-z-jejiho-greenwashingu\/","title":{"rendered":"\u00dastavn\u00ed soud zam\u00edtl st\u00ed\u017enost firmy \u010cEZ na videa Greenpeace, kter\u00e1 si d\u011blala legraci z jej\u00edho greenwashingu"},"content":{"rendered":"\n<p>\u00dastavn\u00ed soud dnes <a href=\"https:\/\/www.usoud.cz\/aktualne\/nazor-ekologu-projeveny-prostrednictvim-satiry-obstal-pred-ustavnim-soudem\">zam\u00edtl st\u00ed\u017enost firmy \u010cEZ proti vide\u00edm<\/a>, kter\u00e1 v letech 2018 a 2019 vytvo\u0159ila organizace Greenpeace a kter\u00e1 se vysm\u00edvala greenwashingu spole\u010dnosti \u010cEZ. Spole\u010dnost \u010cEZ na Greenpeace podala \u017ealobu a po\u017eadovala omluvu a jejich sta\u017een\u00ed, proto\u017ee videa \u00fadajn\u011b poru\u0161ovala autorsk\u00e1 pr\u00e1va. Vlekl\u00fd soudn\u00ed spor v\u0161ak skon\u010dil v neprosp\u011bch \u010cEZu. Nejvy\u0161\u0161\u00ed soud loni v srpnu potvrdil p\u0159edchoz\u00ed rozsudek, \u017ee <a href=\"https:\/\/www.irozhlas.cz\/zpravy-domov\/cez-video-greenpeace-omluva-nejvyssi-soud_2308141924_har\">organizace Greenpeace zve\u0159ejn\u011bn\u00edm parodick\u00fdch vide\u00ed neporu\u0161ila z\u00e1kon<\/a>. \u00dastavn\u00ed soud nerozporoval rozhodov\u00e1n\u00ed ni\u017e\u0161\u00edch instanc\u00ed a uvedl, \u017ee \u201eparodick\u00e9 \u010di satirick\u00e9 um\u011bleck\u00e9 projevy, jako\u017eto p\u0159\u00edsp\u011bvky do ve\u0159ejn\u00e9 debaty budou ze sv\u00e9 podstaty provokovat a pobu\u0159ovat. Humor, nads\u00e1zka, ironie i sarkazmus jsou podle \u00dastavn\u00edho soudu nutnou sou\u010d\u00e1st\u00ed spole\u010densk\u00e9ho dialogu.\u201c<\/p>\n\n<figure class=\"wp-block-embed is-type-video is-provider-youtube wp-block-embed-youtube wp-embed-aspect-16-9 wp-has-aspect-ratio\"><div class=\"wp-block-embed__wrapper\">\n<lite-youtube style=\"background-image: url('https:\/\/i.ytimg.com\/vi\/Ekrku-vvCTg\/hqdefault.jpg');\" videoid=\"Ekrku-vvCTg\" params=\"rel=0\"><\/lite-youtube>\n<\/div><\/figure>\n\n<p>Po lo\u0148sk\u00e9m rozsudku Nejvy\u0161\u0161\u00edho soudu vytvo\u0159ila organizace Greenpeace na podzim <a href=\"https:\/\/www.facebook.com\/greenpeace.cz\/videos\/1071740504245960?locale=cs_CZ\">nov\u00e9 video<\/a>, kter\u00e9 op\u011bt vych\u00e1z\u00ed z aktu\u00e1ln\u00ed reklamy spole\u010dnosti \u010cEZ a upozor\u0148uje na neekologick\u00e9 aktivity \u010desk\u00e9ho energetick\u00e9ho giganta. Firma provozuje st\u00e1rnouc\u00ed flotilu uheln\u00fdch elektr\u00e1ren, kter\u00e9 zne\u010di\u0161\u0165uj\u00ed ovzdu\u0161\u00ed a maj\u00ed negativn\u00ed vlivy na klima.<\/p>\n\n<p>Spole\u010dnost \u010cEZ sama sebe ozna\u010duje jako ekologicky odpov\u011bdnou firmu, podle Greenpeace jsou v\u0161ak sou\u010dasn\u00e9 aktivity spole\u010dnosti pouh\u00fdm greenwashingem, pokud se nevzd\u00e1 sv\u00fdch pl\u00e1n\u016f na prodlou\u017een\u00ed t\u011b\u017eby uhl\u00ed na dole B\u00edlina.<\/p>\n\n<figure class=\"wp-block-image size-large\"><img loading=\"lazy\" decoding=\"async\" width=\"1024\" height=\"684\" src=\"https:\/\/www.greenpeace.org\/static\/planet4-czech-republic-stateless\/2023\/09\/4ac9f361-ajs_6064-2-1024x684.jpg\" title=\"\u010cEZ - \u010cesk\u00fd ekologick\u00fd zlo\u010din\" alt=\"\u010cEZ - \u010cesk\u00fd ekologick\u00fd zlo\u010din\" class=\"wp-image-19352\" srcset=\"https:\/\/www.greenpeace.org\/static\/planet4-czech-republic-stateless\/2023\/09\/4ac9f361-ajs_6064-2-1024x684.jpg 1024w, https:\/\/www.greenpeace.org\/static\/planet4-czech-republic-stateless\/2023\/09\/4ac9f361-ajs_6064-2-300x200.jpg 300w, https:\/\/www.greenpeace.org\/static\/planet4-czech-republic-stateless\/2023\/09\/4ac9f361-ajs_6064-2-768x513.jpg 768w, https:\/\/www.greenpeace.org\/static\/planet4-czech-republic-stateless\/2023\/09\/4ac9f361-ajs_6064-2-1536x1025.jpg 1536w, https:\/\/www.greenpeace.org\/static\/planet4-czech-republic-stateless\/2023\/09\/4ac9f361-ajs_6064-2-2048x1367.jpg 2048w, https:\/\/www.greenpeace.org\/static\/planet4-czech-republic-stateless\/2023\/09\/4ac9f361-ajs_6064-2-2046x1366.jpg 2046w, https:\/\/www.greenpeace.org\/static\/planet4-czech-republic-stateless\/2023\/09\/4ac9f361-ajs_6064-2-510x340.jpg 510w\" sizes=\"auto, (max-width: 1024px) 100vw, 1024px\" \/><figcaption class=\"wp-element-caption\">\u010cEZ &#8211; \u010cesk\u00fd ekologick\u00fd zlo\u010din<\/figcaption><\/figure>\n\n<p>Aktu\u00e1ln\u011b se Severo\u010desk\u00e9 doly spadaj\u00edc\u00ed pod skupinu \u010cEZ sna\u017e\u00ed <a href=\"https:\/\/www.greenpeace.org\/czech\/tiskova-zprava\/18725\/tezit-lze-i-po-roce-2035-rekultivace-nenavazuji-na-konec-tezby-vliv-na-klima-urady-ignoruji-greenpeace-se-odvolava-proti-tezbe-na-biline\/\">prodlou\u017eit t\u011b\u017ebu hn\u011bd\u00e9ho uhl\u00ed minim\u00e1ln\u011b do roku 2035<\/a> a nevylu\u010duj\u00ed t\u011b\u017ebu ani v roce 2050, co\u017e je v rozporu s vl\u00e1dn\u00edm slibem skon\u010dit s uhl\u00edm do roku 2033 i se snahou spole\u010dnosti prezentovat se jako \u010cist\u00e1 Energie Z\u00edt\u0159ka.<\/p>\n\n<p><strong>Jaroslav Bican, vedouc\u00ed energetick\u00e9 kampan\u011b Greenpeace \u010cR, \u0159\u00edk\u00e1: <br><\/strong><em>\u201eDlouhodob\u011b poukazujeme na rozpor mezi t\u00edm, jak se skupina \u010cEZ prezentuje navenek a jak\u00e1 je realita. V minulosti jsme na to upozornili nap\u0159\u00edklad i pomoc\u00ed n\u011bkolika vide\u00ed paroduj\u00edc\u00edch\u00a0 reklamy \u010cEZ, ve kter\u00fdch firma zd\u016fraz\u0148uje svou udr\u017eitelnost a zelenost. Skute\u010dnost je ale takov\u00e1, \u017ee spole\u010dnost \u010cEZ, respektive Severo\u010desk\u00e9 doly, kter\u00e9 pod n\u00ed spadaj\u00ed, usiluj\u00ed o prodlou\u017een\u00ed t\u011b\u017eby uhl\u00ed na dole B\u00edlina minim\u00e1ln\u011b do roku 2035. T\u011b\u017eba a spalov\u00e1n\u00ed uhl\u00ed maj\u00ed p\u0159itom v\u00fdrazn\u00fd negativn\u00ed dopad na \u017eivotn\u00ed prost\u0159ed\u00ed i klima. \u010cEZ na kritiku Greenpeace zareagoval \u017ealobou. \u00dastavn\u00ed soud nyn\u00ed definitivn\u011b potvrdil, \u017ee organizace Greenpeace sv\u00fdmi parodick\u00fdmi videi neporu\u0161ila autorsk\u00e1 pr\u00e1va skupiny \u010cEZ.\u201c<\/em><\/p>\n","protected":false},"excerpt":{"rendered":"<p>\u00dastavn\u00ed soud dnes zam\u00edtl st\u00ed\u017enost firmy \u010cEZ proti vide\u00edm, kter\u00e1 v letech 2018 a 2019 vytvo\u0159ila organizace Greenpeace a kter\u00e1 se vysm\u00edvala greenwashingu spole\u010dnosti \u010cEZ. Spole\u010dnost \u010cEZ na Greenpeace podala&hellip;<\/p>\n","protected":false},"author":27,"featured_media":19352,"comment_status":"open","ping_status":"closed","sticky":false,"template":"","format":"standard","meta":{"ep_exclude_from_search":false,"p4_og_title":"","p4_og_description":"","p4_og_image":"","p4_og_image_id":"","p4_seo_canonical_url":"","p4_campaign_name":"","p4_local_project":"","p4_basket_name":"","p4_department":"","footnotes":""},"categories":[4],"tags":[25,13,20,19],"p4-page-type":[14],"class_list":["post-19900","post","type-post","status-publish","format-standard","has-post-thumbnail","hentry","category-energeticka-revoluce","tag-konec-doby-fosilni","tag-o-greenpeace","tag-zmena-klimatu","tag-ovzdusi","p4-page-type-tiskova-zprava"],"_links":{"self":[{"href":"https:\/\/www.greenpeace.org\/czech\/wp-json\/wp\/v2\/posts\/19900","targetHints":{"allow":["GET"]}}],"collection":[{"href":"https:\/\/www.greenpeace.org\/czech\/wp-json\/wp\/v2\/posts"}],"about":[{"href":"https:\/\/www.greenpeace.org\/czech\/wp-json\/wp\/v2\/types\/post"}],"author":[{"embeddable":true,"href":"https:\/\/www.greenpeace.org\/czech\/wp-json\/wp\/v2\/users\/27"}],"replies":[{"embeddable":true,"href":"https:\/\/www.greenpeace.org\/czech\/wp-json\/wp\/v2\/comments?post=19900"}],"version-history":[{"count":3,"href":"https:\/\/www.greenpeace.org\/czech\/wp-json\/wp\/v2\/posts\/19900\/revisions"}],"predecessor-version":[{"id":19903,"href":"https:\/\/www.greenpeace.org\/czech\/wp-json\/wp\/v2\/posts\/19900\/revisions\/19903"}],"wp:featuredmedia":[{"embeddable":true,"href":"https:\/\/www.greenpeace.org\/czech\/wp-json\/wp\/v2\/media\/19352"}],"wp:attachment":[{"href":"https:\/\/www.greenpeace.org\/czech\/wp-json\/wp\/v2\/media?parent=19900"}],"wp:term":[{"taxonomy":"category","embeddable":true,"href":"https:\/\/www.greenpeace.org\/czech\/wp-json\/wp\/v2\/categories?post=19900"},{"taxonomy":"post_tag","embeddable":true,"href":"https:\/\/www.greenpeace.org\/czech\/wp-json\/wp\/v2\/tags?post=19900"},{"taxonomy":"p4-page-type","embeddable":true,"href":"https:\/\/www.greenpeace.org\/czech\/wp-json\/wp\/v2\/p4-page-type?post=19900"}],"curies":[{"name":"wp","href":"https:\/\/api.w.org\/{rel}","templated":true}]}}