{"id":20011,"date":"2024-03-08T21:48:08","date_gmt":"2024-03-08T20:48:08","guid":{"rendered":"https:\/\/www.greenpeace.org\/czech\/?p=20011"},"modified":"2024-11-25T11:56:32","modified_gmt":"2024-11-25T10:56:32","slug":"predali-jsme-vyzvu-proti-kaceni-starych-lesu-abychom-je-zachranili-musime-zacit-lepe-chranit-prirodu","status":"publish","type":"post","link":"https:\/\/www.greenpeace.org\/czech\/clanek\/20011\/predali-jsme-vyzvu-proti-kaceni-starych-lesu-abychom-je-zachranili-musime-zacit-lepe-chranit-prirodu\/","title":{"rendered":"P\u0159edali jsme v\u00fdzvu proti k\u00e1cen\u00ed star\u00fdch les\u016f. Abychom je zachr\u00e1nili, mus\u00edme za\u010d\u00edt l\u00e9pe chr\u00e1nit p\u0159\u00edrodu"},"content":{"rendered":"\n<p>Po dlouh\u00e9m odkl\u00e1d\u00e1n\u00ed jsme kone\u010dn\u011b m\u011bli mo\u017enost ministrovi zem\u011bd\u011blstv\u00ed Marku V\u00fdborn\u00e9mu p\u0159edat Nek\u00e1cejte.cz, pod kterou se podepsalo zhruba 41 tis\u00edc lid\u00ed. Bohu\u017eel pan ministr a jeho resort st\u00e1le zpochyb\u0148uj\u00ed nutnost ochrany star\u00fdch les\u016f i <a href=\"https:\/\/energie21.cz\/lesnictvi-se-musi-vice-podilet-na-ochrane-klimatu\/\">jejich schopnost ukl\u00e1dat uhl\u00edk<\/a>. <\/p>\n\n<figure class=\"wp-block-image size-large\"><img loading=\"lazy\" decoding=\"async\" width=\"1024\" height=\"683\" src=\"https:\/\/www.greenpeace.org\/static\/planet4-czech-republic-stateless\/2024\/03\/e25ae28d-petice-sl-1-of-4-1024x683.jpg\" alt=\"\" class=\"wp-image-20017\" srcset=\"https:\/\/www.greenpeace.org\/static\/planet4-czech-republic-stateless\/2024\/03\/e25ae28d-petice-sl-1-of-4-1024x683.jpg 1024w, https:\/\/www.greenpeace.org\/static\/planet4-czech-republic-stateless\/2024\/03\/e25ae28d-petice-sl-1-of-4-300x200.jpg 300w, https:\/\/www.greenpeace.org\/static\/planet4-czech-republic-stateless\/2024\/03\/e25ae28d-petice-sl-1-of-4-768x512.jpg 768w, https:\/\/www.greenpeace.org\/static\/planet4-czech-republic-stateless\/2024\/03\/e25ae28d-petice-sl-1-of-4-1536x1024.jpg 1536w, https:\/\/www.greenpeace.org\/static\/planet4-czech-republic-stateless\/2024\/03\/e25ae28d-petice-sl-1-of-4-2048x1366.jpg 2048w, https:\/\/www.greenpeace.org\/static\/planet4-czech-republic-stateless\/2024\/03\/e25ae28d-petice-sl-1-of-4-510x340.jpg 510w\" sizes=\"auto, (max-width: 1024px) 100vw, 1024px\" \/><figcaption class=\"wp-element-caption\">P\u0159ed\u00e1n\u00ed v\u00fdzvy Nek\u00e1cejte.cz (c) Greenpeace &#8211; Barbora Sommers<\/figcaption><\/figure>\n\n<p>Na sch\u016fzce s ministrem V\u00fdborn\u00fdm to bohu\u017eel byla ta sam\u00e1 p\u00edsni\u010dka jako na za\u010d\u00e1tku, kdy\u017e jsme loni v kv\u011btnu kampa\u0148 zahajovali. Pr\u00fd tady \u017e\u00e1dn\u00e9 vz\u00e1cn\u00e9 star\u00e9 lesy nem\u00e1me a ty vz\u00e1cn\u00e9 star\u00e9 lesy, kter\u00e9 tady n\u00e1hodou m\u00e1me, tak ty u\u017e jsou v chr\u00e1n\u011bn\u00fdch \u00fazem\u00edch, kde se nek\u00e1c\u00ed, a ty vz\u00e1cn\u00e9 star\u00e9 lesy, kter\u00e9 v chr\u00e1n\u011bn\u00fdch \u00fazem\u00edch n\u00e1hodou nejsou, tak v t\u011bch se p\u0159ece hospoda\u0159\u00ed \u0161etrn\u011b. A \u017ee v\u0161echny lesy &#8211; i ty star\u00e9 &#8211; se mus\u00ed jednou za \u010das vyk\u00e1cet, proto\u017ee jen vyk\u00e1cen\u00fd les je ten spr\u00e1vn\u00fd les. I kdy\u017e jsou tahle tvrzen\u00ed nesmysln\u00e1 u\u017e na prvn\u00ed pohled, ud\u011blali jsme za uplynul\u00fd necel\u00fd rok spoustu v\u011bc\u00ed, kter\u00e9 je jasn\u011b vyvr\u00e1tily a kter\u00e9 vedly ke konkr\u00e9tn\u00edm zm\u011bn\u00e1m a d\u00edl\u010d\u00edm \u00fasp\u011bch\u016fm. A ani Lesy \u010cR si u\u017e nyn\u00ed <a href=\"https:\/\/www.ceskatelevize.cz\/porady\/15926317615-knihovna-lesa\/\">pod t\u00edhou fakt\u016f a vyj\u00e1d\u0159en\u00ed v\u011bdc\u016f<\/a> nedovol\u00ed \u0159\u00edkat takov\u00e9 nesmysly jako ministr zem\u011bd\u011blstv\u00ed.<\/p>\n\n<h2 class=\"wp-block-heading\"><strong>Pro\u010d chr\u00e1nit star\u00e9 lesy?<\/strong><\/h2>\n\n<p>Star\u00e9 lesy jsou unik\u00e1tn\u00ed a jsou d\u016fle\u017eit\u00e9 pro zachov\u00e1n\u00ed biodiverzity. \u017dij\u00ed zde vz\u00e1cn\u00e9 druhy jako lejsek mal\u00fd, strakapoud prost\u0159edn\u00ed, sokol st\u011bhovav\u00fd a netop\u00fdr rezav\u00fd a brouci jako p\u00e1chn\u00edk hn\u011bd\u00fd, kova\u0159\u00edk fialov\u00fd, ale tak\u00e9 r\u016fzn\u00e9 druhy tesa\u0159\u00edk\u016f, nosoro\u017e\u00edk\u016f nebo roh\u00e1\u010d\u016f. V dutin\u00e1ch star\u00fdch strom\u016f se pak ukr\u00fdvaj\u00ed pl\u0161\u00ed i dal\u0161\u00ed savci. Krom\u011b biologick\u00e9 rozmanitosti jsou tyto lesy d\u016fle\u017eit\u00e9, proto\u017ee v sob\u011b v\u00e1\u017eou velk\u00e9 mno\u017estv\u00ed uhl\u00edku. Kv\u016fli ne\u0161etrn\u00e9mu k\u00e1cen\u00ed, p\u0159i n\u011bm\u017e vznikaj\u00ed holose\u010de nebo paseky, se uhl\u00edk uvol\u0148uje do atmosf\u00e9ry v podob\u011b sklen\u00edkov\u00e9ho plynu CO2, tak\u017ee k\u00e1cen\u00ed star\u00fdch les\u016f se pod\u00edl\u00ed na sou\u010dasn\u00e9 klimatick\u00e9 krizi.<\/p>\n\n<figure class=\"wp-block-image alignright size-large is-resized\"><img loading=\"lazy\" decoding=\"async\" width=\"768\" height=\"1024\" src=\"https:\/\/www.greenpeace.org\/static\/planet4-czech-republic-stateless\/2024\/01\/9151d047-img_2312-768x1024.jpeg\" alt=\"\" class=\"wp-image-19894\" style=\"width:181px;height:auto\" srcset=\"https:\/\/www.greenpeace.org\/static\/planet4-czech-republic-stateless\/2024\/01\/9151d047-img_2312-768x1024.jpeg 768w, https:\/\/www.greenpeace.org\/static\/planet4-czech-republic-stateless\/2024\/01\/9151d047-img_2312-225x300.jpeg 225w, https:\/\/www.greenpeace.org\/static\/planet4-czech-republic-stateless\/2024\/01\/9151d047-img_2312-1152x1536.jpeg 1152w, https:\/\/www.greenpeace.org\/static\/planet4-czech-republic-stateless\/2024\/01\/9151d047-img_2312-1536x2048.jpeg 1536w, https:\/\/www.greenpeace.org\/static\/planet4-czech-republic-stateless\/2024\/01\/9151d047-img_2312-1025x1366.jpeg 1025w, https:\/\/www.greenpeace.org\/static\/planet4-czech-republic-stateless\/2024\/01\/9151d047-img_2312-255x340.jpeg 255w, https:\/\/www.greenpeace.org\/static\/planet4-czech-republic-stateless\/2024\/01\/9151d047-img_2312-scaled.jpeg 1920w\" sizes=\"auto, (max-width: 768px) 100vw, 768px\" \/><figcaption class=\"wp-element-caption\">Nejstar\u0161\u00ed buk v \u010cesku<\/figcaption><\/figure>\n\n<p>V kampani za z\u00e1chranu vz\u00e1cn\u00fdch les\u016f star\u0161\u00edch 120 let s p\u016fvodn\u00ed druhovou skladbou jsme nav\u00e1zali na pr\u00e1ci, kterou jsme odvedli p\u0159i prosazov\u00e1n\u00ed v\u011bt\u0161\u00ed ochrany kru\u0161nohorsk\u00fdch bu\u010din. Je\u0161t\u011b p\u0159ed spu\u0161t\u011bn\u00edm v\u00fdzvy se d\u00edky na\u0161\u00ed kampani poda\u0159ilo uzav\u0159\u00edt smluvn\u00ed ochranu s jedn\u00edm z vlastn\u00edk\u016f t\u011bch v\u016fbec nejvz\u00e1cn\u011bj\u0161\u00edch m\u00edstn\u00edch les\u016f. Kdy\u017e jsme <a href=\"https:\/\/www.greenpeace.org\/czech\/clanek\/13507\/dalsi-rana-pro-zjizvenou-krajinu-severnich-cech-tisice-let-stare-lesy-v-krusnych-horach-padaji-k-zemi\/\">tehdy \u0159\u00edkali<\/a>, \u017ee na n\u011bkter\u00fdch m\u00edstech t\u011bchto les\u016f se nikdy nezasahovalo a \u017ee jsou tedy tis\u00edce let star\u00e9, tehdej\u0161\u00ed majitel &#8211; firma I.H. Farm &#8211; tvrdil, \u017ee to nen\u00ed pravda. A v\u00edte co? P\u0159esn\u011b na tomhle m\u00edst\u011b pozd\u011bji <a href=\"https:\/\/www.greenpeace.org\/czech\/tiskova-zprava\/19893\/vedci-nasli-v-krusnych-horach-nejstarsi-buk-v-cesku-je-stary-pres-470-let-a-zachranila-ho-kampan-greenpeace\/\">v\u011bdci objevili v\u016fbec nejstar\u0161\u00ed buk v \u010cesku<\/a>, kter\u00fd tu roste u\u017e p\u0159es 470 let.&nbsp;<\/p>\n\n<h2 class=\"wp-block-heading\">Odhalili jsme neleg\u00e1ln\u00ed k\u00e1cen\u00ed<\/h2>\n\n<p>Spole\u010dn\u011b s m\u011bstem Horn\u00ed Ji\u0159et\u00edn jsme pak v Kru\u0161n\u00fdch hor\u00e1ch pouk\u00e1zali na p\u0159\u00edpady neleg\u00e1ln\u00edho k\u00e1cen\u00ed firem <a href=\"https:\/\/archiv.hn.cz\/c1-67045560-stat-kaci-cenne-krusnohorske-buky-z-doby-marie-terezie-bez-povoleni-a-proti-vuli-vedcu-i-mistnich\">Lesy \u010cR<\/a> a <a href=\"https:\/\/www.greenpeace.org\/czech\/tiskova-zprava\/18693\/greenpeace-a-horni-jiretin-si-stezuji-inspekci-na-firmu-ktera-podle-nich-ilegalne-kacela-v-krusnych-horach\/\">Royal Pine<\/a>. Stromy neleg\u00e1ln\u011b pok\u00e1cen\u00e9 nad Mari\u00e1nsk\u00fdm \u00dadol\u00edm jsme <a href=\"https:\/\/www.greenpeace.org\/czech\/tiskova-zprava\/19396\/zlocin-proti-prirode-aktiviste-a-aktivistky-greenpeace-protestuji-u-firmy-ktera-zpracovava-ilegalne-vytezene-drevo\/\">dosledovali pomoc\u00ed GPS tracker\u016f na pilu v Chomutov\u011b<\/a>, odkud byly prod\u00e1v\u00e1ny jako palivov\u00e9 d\u0159\u00edv\u00ed. Proti tomu jsme pak p\u0159\u00edmo na m\u00edst\u011b protestovali a za p\u0159\u00edtomnosti novin\u00e1\u0159\u016f jsme vyndali tracker z kl\u00e1dy.<\/p>\n\n<figure class=\"wp-block-image size-full\"><img loading=\"lazy\" decoding=\"async\" width=\"800\" height=\"533\" src=\"https:\/\/www.greenpeace.org\/static\/planet4-czech-republic-stateless\/2023\/10\/2a0f657d-10.jpg\" alt=\"\" class=\"wp-image-19545\" srcset=\"https:\/\/www.greenpeace.org\/static\/planet4-czech-republic-stateless\/2023\/10\/2a0f657d-10.jpg 800w, https:\/\/www.greenpeace.org\/static\/planet4-czech-republic-stateless\/2023\/10\/2a0f657d-10-300x200.jpg 300w, https:\/\/www.greenpeace.org\/static\/planet4-czech-republic-stateless\/2023\/10\/2a0f657d-10-768x512.jpg 768w, https:\/\/www.greenpeace.org\/static\/planet4-czech-republic-stateless\/2023\/10\/2a0f657d-10-510x340.jpg 510w\" sizes=\"auto, (max-width: 800px) 100vw, 800px\" \/><figcaption class=\"wp-element-caption\">Protest proti ileg\u00e1ln\u00edmu k\u00e1cen\u00ed v kru\u0161nohorsk\u00fdch bu\u010din\u00e1ch a z\u00edsk\u00e1n\u00ed GPS trackeru z kl\u00e1dy na pile v Chomutov\u011b. (c) Greenpeace &#8211; Barbora Sommers<\/figcaption><\/figure>\n\n<p>I na z\u00e1klad\u011b zji\u0161t\u011bn\u00ed na\u0161\u00ed kampan\u011b vydal \u00dasteck\u00fd kraj <a href=\"https:\/\/ct24.ceskatelevize.cz\/clanek\/regiony\/ustecky-kraj-zakazal-kaceni-starych-bukovych-lesu-i-v-dalsich-lokalitach-v-krusnych-horach-2881\">z\u00e1kaz k\u00e1cen\u00ed v porostech star\u0161\u00edch 120 let pro 13 vlastn\u00edk\u016f<\/a>. Poda\u0159ilo se tak zachr\u00e1nit tis\u00edce star\u00fdch strom\u016f p\u0159ed k\u00e1cen\u00edm, ale n\u011bkte\u0159\u00ed z vlastn\u00edk\u016f &#8211; v\u010detn\u011b <a href=\"https:\/\/www.greenpeace.org\/czech\/tiskova-zprava\/17589\/lesy-cr-se-odvolaly-proti-omezeni-tezby-v-bucinach-v-krusnych-horach-greenpeace-zada-dalsi-zprisneni\/\">Les\u016f \u010cR<\/a> a <a href=\"https:\/\/www.greenpeace.org\/czech\/tiskova-zprava\/19434\/ilegalni-kaceni-znicilo-domov-ohrozenym-druhum-ted-chce-firma-v-niceni-lesa-v-krusnych-horach-pokracovat\/\">Royal Pine<\/a> &#8211; se proti z\u00e1kazu k\u00e1cen\u00ed odvolali. <\/p>\n\n<p><a href=\"https:\/\/www.ceskenoviny.cz\/zpravy\/2452431\">Anal\u00fdza Agentury ochrany p\u0159\u00edrody a krajiny<\/a>, kter\u00e1 vznikla po spu\u0161t\u011bn\u00ed kampan\u011b Nek\u00e1cejte.cz, varuje, \u017ee pokud se bude v Kru\u0161n\u00fdch hor\u00e1ch k\u00e1cet podle sou\u010dasn\u00fdch pl\u00e1n\u016f, v\u0161echny star\u00e9 lesy zmiz\u00ed, a navrhuje proto vyhl\u00e1\u0161en\u00ed ob\u0159\u00ed n\u00e1rodn\u00ed p\u0159\u00edrodn\u00ed rezervace. V\u0161echny tyhle lesy jsou sou\u010d\u00e1st\u00ed Evropsky v\u00fdznamn\u00e9 lokality V\u00fdchodn\u00ed Kru\u0161noho\u0159\u00ed a m\u011bly by b\u00fdt chr\u00e1n\u011bn\u00e9 a\u017e te\u010f. Ale jak se ukazuje, sou\u010dasn\u00e1 ochrana nesta\u010d\u00ed. Na nedostate\u010dnou ochranu m\u00edstn\u00edch les\u016f si proto <a href=\"https:\/\/www.greenpeace.org\/czech\/tiskova-zprava\/19915\/greenpeace-si-stezuje-ombudsmanovi-kvuli-planum-na-kaceni-ve-vzacnych-bucinach-v-krusnych-horach\/\">st\u011b\u017eujeme u ve\u0159ejn\u00e9ho ochr\u00e1nce pr\u00e1v<\/a> i <a href=\"https:\/\/www.greenpeace.org\/czech\/tiskova-zprava\/19968\/greenpeace-si-stezuje-evropske-komisi-na-nedostatecnou-ochranu-vzacnych-lesu-ceskou-republikou\/\">u Evropsk\u00e9 komise<\/a>. Podporujeme n\u00e1vrh na vyhl\u00e1\u0161en\u00ed velk\u00e9 n\u00e1rodn\u00ed p\u0159\u00edrodn\u00ed rezervace a po\u017eadujeme co nejrychlej\u0161\u00ed vyhl\u00e1\u0161en\u00ed Chr\u00e1n\u011bn\u00e9 krajinn\u00e9 oblasti, v n\u00ed\u017e budou v\u0161echny vz\u00e1cn\u00e9 porosty v I. z\u00f3n\u011b.<\/p>\n\n<figure class=\"wp-block-image size-large\"><img loading=\"lazy\" decoding=\"async\" width=\"1024\" height=\"683\" src=\"https:\/\/www.greenpeace.org\/static\/planet4-czech-republic-stateless\/2023\/10\/8a6e2340-dsb_0001_ibra_net-1024x683.jpg\" alt=\"\" class=\"wp-image-19576\" srcset=\"https:\/\/www.greenpeace.org\/static\/planet4-czech-republic-stateless\/2023\/10\/8a6e2340-dsb_0001_ibra_net-1024x683.jpg 1024w, https:\/\/www.greenpeace.org\/static\/planet4-czech-republic-stateless\/2023\/10\/8a6e2340-dsb_0001_ibra_net-300x200.jpg 300w, https:\/\/www.greenpeace.org\/static\/planet4-czech-republic-stateless\/2023\/10\/8a6e2340-dsb_0001_ibra_net-768x512.jpg 768w, https:\/\/www.greenpeace.org\/static\/planet4-czech-republic-stateless\/2023\/10\/8a6e2340-dsb_0001_ibra_net-510x340.jpg 510w, https:\/\/www.greenpeace.org\/static\/planet4-czech-republic-stateless\/2023\/10\/8a6e2340-dsb_0001_ibra_net.jpg 1500w\" sizes=\"auto, (max-width: 1024px) 100vw, 1024px\" \/><figcaption class=\"wp-element-caption\">GPS tracker (c) Greenpeace &#8211; Ibra Ibrahimovi\u010d<\/figcaption><\/figure>\n\n<h2 class=\"wp-block-heading\">Kdy\u017e se star\u00e9 lesy drt\u00ed na pap\u00edr&#8230;<\/h2>\n\n<p>Dal\u0161\u00ed lokalitou, kde jsme byli v kampani aktivn\u00ed, je \u017dd\u00e1nick\u00fd les na ji\u017en\u00ed Morav\u011b a jeho nejcenn\u011bj\u0161\u00ed sou\u010d\u00e1st &#8211; Evropsky v\u00fdznamn\u00e1 lokalita Dambo\u0159ick\u00fd les, kde v posledn\u00edch letech intenzivn\u011b k\u00e1cely Lesy \u010cR. Toto k\u00e1cen\u00ed ned\u00e1vno <a href=\"https:\/\/zpravy.aktualne.cz\/domaci\/lesy-cr-tezba-obnova-vedci\/r~f3054200cffa11ee9a4b0cc47ab5f122\/\">kritizovali i v\u011bdci a odborn\u00edci na ekologii lesa<\/a>. <\/p>\n\n<p><a href=\"https:\/\/www.greenpeace.org\/czech\/tiskova-zprava\/19619\/drevo-ze-vzacnych-starych-lesu-konci-v-kamnech-nebov-papirne-v-zahranici-ukazalo-vysetrovani-greenpeace\/\">Pomoc\u00ed GPS tracker\u016f jsme zjistili<\/a>, \u017ee se vzrostl\u00e9 buky a duby voz\u00ed do pap\u00edrny Mondi ve slovensk\u00e9m Ru\u017eomberku, zat\u00edmco dal\u0161\u00ed d\u0159evo se voz\u00ed do \u0161t\u011bpk\u00e1rny v Hodon\u00edn\u011b a kon\u010d\u00ed v kamnech. Zji\u0161t\u011bn\u00ed o GPS trackov\u00e1n\u00ed jsme zve\u0159ejnili v reportu Zlo\u010din proti p\u0159\u00edrod\u011b: Jak \u010desk\u00e9 firmy ni\u010d\u00ed vz\u00e1cn\u00e9 star\u00e9 lesy. Je to prvn\u00ed ze s\u00e9rie report\u016f Greenpeace, kter\u00e9 mapuj\u00ed destrukci vz\u00e1cn\u00fdch les\u016f na r\u016fzn\u00fdch m\u00edstech Evropy. Dal\u0161\u00ed reporty budou ji\u017e brzy n\u00e1sledovat.<\/p>\n\n<figure class=\"wp-block-image size-large\"><img loading=\"lazy\" decoding=\"async\" width=\"1024\" height=\"768\" src=\"https:\/\/www.greenpeace.org\/static\/planet4-czech-republic-stateless\/2023\/10\/3ba98cd6-dji_fly_20230704_141834_199_1688473199160_photo_optimized-1024x768.jpg\" alt=\"\" class=\"wp-image-19565\" srcset=\"https:\/\/www.greenpeace.org\/static\/planet4-czech-republic-stateless\/2023\/10\/3ba98cd6-dji_fly_20230704_141834_199_1688473199160_photo_optimized-1024x768.jpg 1024w, https:\/\/www.greenpeace.org\/static\/planet4-czech-republic-stateless\/2023\/10\/3ba98cd6-dji_fly_20230704_141834_199_1688473199160_photo_optimized-300x225.jpg 300w, https:\/\/www.greenpeace.org\/static\/planet4-czech-republic-stateless\/2023\/10\/3ba98cd6-dji_fly_20230704_141834_199_1688473199160_photo_optimized-768x576.jpg 768w, https:\/\/www.greenpeace.org\/static\/planet4-czech-republic-stateless\/2023\/10\/3ba98cd6-dji_fly_20230704_141834_199_1688473199160_photo_optimized-1536x1152.jpg 1536w, https:\/\/www.greenpeace.org\/static\/planet4-czech-republic-stateless\/2023\/10\/3ba98cd6-dji_fly_20230704_141834_199_1688473199160_photo_optimized-2048x1536.jpg 2048w, https:\/\/www.greenpeace.org\/static\/planet4-czech-republic-stateless\/2023\/10\/3ba98cd6-dji_fly_20230704_141834_199_1688473199160_photo_optimized-1821x1366.jpg 1821w, https:\/\/www.greenpeace.org\/static\/planet4-czech-republic-stateless\/2023\/10\/3ba98cd6-dji_fly_20230704_141834_199_1688473199160_photo_optimized-453x340.jpg 453w\" sizes=\"auto, (max-width: 1024px) 100vw, 1024px\" \/><figcaption class=\"wp-element-caption\">Ob\u0159\u00ed pap\u00edrna Mondi ve slovensk\u00e9m Ru\u017eomberku (c) Greenpeace &#8211; Matej Kump\u00e1n<\/figcaption><\/figure>\n\n<p>Po prosincov\u00e9 sch\u016fzce s ministry \u017eivotn\u00edho prost\u0159ed\u00ed a zem\u011bd\u011blstv\u00ed a s m\u00edstn\u00edmi lidmi z iniciativy \u017div\u00fd les pro \u017eiv\u00fd region \u0159editel Les\u016f \u010cR Dalibor \u0160afa\u0159\u00edk ozn\u00e1mil, \u017ee <a href=\"https:\/\/twitter.com\/SafarikDalibor\/status\/1732682034638631116\/video\/1\">bude prob\u00edhat monitoring cenn\u00fdch porost\u016f a rozhodne se o zp\u016fsobu jejich ochrany<\/a>. Na setk\u00e1n\u00ed s ob\u011bma ministry letos na jedn\u00e1n\u00ed 3. ledna na Ministerstvu \u017eivotn\u00edho prost\u0159ed\u00ed v Praze pak \u0160afa\u0159\u00edk informoval, \u017ee na z\u00e1klad\u011b sch\u016fzky ve \u017dd\u00e1nick\u00e9m lese byla t\u011b\u017eba d\u0159eva skute\u010dn\u011b zastavena a \u017ee m\u00edstn\u00ed lesn\u00ed porosty budou vyhodnoceny Agenturou ochrany p\u0159\u00edrody a krajiny. P\u0159esto se o n\u011bkolik t\u00fddn\u016f pozd\u011bji v lese <a href=\"https:\/\/www.greenpeace.org\/czech\/tiskova-zprava\/19986\/ve-zdanickem-lese-se-opet-kacelo-necitlivym-zpusobem-tezka-technika-rozryla-pudu-podmacenou-po-destich\/\">za\u010dalo op\u011bt k\u00e1cet, a to i ne\u0161etrn\u00fdm zp\u016fsobem<\/a>, kdy t\u011b\u017ek\u00e1 technika rozryla podm\u00e1\u010denou p\u016fdu, jak potvrdil i n\u00e1\u0161 pr\u016fzkum p\u0159\u00edmo na m\u00edst\u011b. Spolu s m\u00edstn\u00edmi po\u017eaduje, aby byla t\u011b\u017eba zastavena alespo\u0148 do doby, kdy bude rozhodnuto o ochran\u011b m\u00edstn\u00edch porost\u016f.<\/p>\n\n<figure class=\"wp-block-image size-large\"><img loading=\"lazy\" decoding=\"async\" width=\"1024\" height=\"683\" src=\"https:\/\/www.greenpeace.org\/static\/planet4-czech-republic-stateless\/2024\/02\/87de1167-zdanickyles_greenpeace-3-1-1024x683.jpg\" alt=\"\" class=\"wp-image-19987\" srcset=\"https:\/\/www.greenpeace.org\/static\/planet4-czech-republic-stateless\/2024\/02\/87de1167-zdanickyles_greenpeace-3-1-1024x683.jpg 1024w, https:\/\/www.greenpeace.org\/static\/planet4-czech-republic-stateless\/2024\/02\/87de1167-zdanickyles_greenpeace-3-1-300x200.jpg 300w, https:\/\/www.greenpeace.org\/static\/planet4-czech-republic-stateless\/2024\/02\/87de1167-zdanickyles_greenpeace-3-1-768x512.jpg 768w, https:\/\/www.greenpeace.org\/static\/planet4-czech-republic-stateless\/2024\/02\/87de1167-zdanickyles_greenpeace-3-1-1536x1024.jpg 1536w, https:\/\/www.greenpeace.org\/static\/planet4-czech-republic-stateless\/2024\/02\/87de1167-zdanickyles_greenpeace-3-1-510x340.jpg 510w, https:\/\/www.greenpeace.org\/static\/planet4-czech-republic-stateless\/2024\/02\/87de1167-zdanickyles_greenpeace-3-1.jpg 2048w\" sizes=\"auto, (max-width: 1024px) 100vw, 1024px\" \/><figcaption class=\"wp-element-caption\">Ne\u0161etrn\u00e9 k\u00e1cen\u00ed ve \u017dd\u00e1nick\u00e9m lese (c) Greenpeace &#8211; Andrea \u0160pak<\/figcaption><\/figure>\n\n<h2 class=\"wp-block-heading\">A co se bude d\u00edt te\u010f? <\/h2>\n\n<p>B\u011bhem p\u0159ed\u00e1n\u00ed petice za z\u00e1chranu star\u00fdch les\u016f \u0159ekl ministr V\u00fdborn\u00fd alespo\u0148 dv\u011b rozumn\u00e9 v\u011bci &#8211; \u017ee ministerstvo zem\u011bd\u011blstv\u00ed podporuje vytvo\u0159en\u00ed CHKO Kru\u0161n\u00e9 hory a \u017ee zav\u00e1d\u011bn\u00ed a zp\u0159\u00edsn\u011bn\u00ed ochrany p\u0159\u00edrody m\u00e1 na starosti ministerstvo \u017eivotn\u00edho prost\u0159ed\u00ed. N\u00e1m z toho vypl\u00fdv\u00e1, \u017ee m\u00ed\u010d je te\u010f u ministerstva \u017eivotn\u00edho prost\u0159ed\u00ed. Proto jsme v\u00fdzvu za z\u00e1chranu star\u00fdch les\u016f doru\u010dili i ministrovi Petru Hlad\u00edkovi. <\/p>\n\n<figure class=\"wp-block-image size-large\"><img loading=\"lazy\" decoding=\"async\" width=\"1024\" height=\"659\" src=\"https:\/\/www.greenpeace.org\/static\/planet4-czech-republic-stateless\/2024\/03\/41334fb3-petice-sl-1-of-1-1024x659.jpg\" alt=\"\" class=\"wp-image-20041\" srcset=\"https:\/\/www.greenpeace.org\/static\/planet4-czech-republic-stateless\/2024\/03\/41334fb3-petice-sl-1-of-1-1024x659.jpg 1024w, https:\/\/www.greenpeace.org\/static\/planet4-czech-republic-stateless\/2024\/03\/41334fb3-petice-sl-1-of-1-300x193.jpg 300w, https:\/\/www.greenpeace.org\/static\/planet4-czech-republic-stateless\/2024\/03\/41334fb3-petice-sl-1-of-1-768x494.jpg 768w, https:\/\/www.greenpeace.org\/static\/planet4-czech-republic-stateless\/2024\/03\/41334fb3-petice-sl-1-of-1-1536x988.jpg 1536w, https:\/\/www.greenpeace.org\/static\/planet4-czech-republic-stateless\/2024\/03\/41334fb3-petice-sl-1-of-1-2048x1317.jpg 2048w, https:\/\/www.greenpeace.org\/static\/planet4-czech-republic-stateless\/2024\/03\/41334fb3-petice-sl-1-of-1-510x328.jpg 510w\" sizes=\"auto, (max-width: 1024px) 100vw, 1024px\" \/><\/figure>\n\n<p>A i po p\u0159ed\u00e1n\u00ed v\u00fdzvy se budeme star\u00fdm les\u016fm v\u011bnovat, zam\u011b\u0159\u00edme se v\u0161ak nejen na zastaven\u00ed jejich k\u00e1cen\u00ed, ale p\u0159edev\u0161\u00edm na prosazov\u00e1n\u00ed nov\u00fdch chr\u00e1n\u011bn\u00fdch \u00fazem\u00ed, v nich\u017e budou star\u00e9 vz\u00e1cn\u00e9 lesy zastoupeny. \u010cesk\u00e1 republika se spole\u010dn\u011b s dal\u0161\u00edmi evropsk\u00fdmi st\u00e1ty zav\u00e1zala, \u017ee <a href=\"https:\/\/www.mzp.cz\/cz\/news_20221219-Svet-se-v-Montrealu-dohodl-na-zachrane-a-obnove-zive-prirody\">30 % \u00fazem\u00ed EU bude chr\u00e1n\u011bno<\/a>. Star\u00e9 lesy s p\u016fvodn\u00ed druhovou skladbou jedn\u00edm z ekosyst\u00e9m\u016f, kter\u00e9 si zaslou\u017e\u00ed vysokou m\u00edru ochrany.<\/p>\n\n<div class=\"wp-block-buttons is-content-justification-center is-layout-flex wp-container-core-buttons-is-layout-16018d1d wp-block-buttons-is-layout-flex\">\n<div class=\"wp-block-button is-style-cta\"><a class=\"wp-block-button__link wp-element-button\" href=\"http:\/\/www.zachranmeprirodu.cz\"><strong>P\u0159idejte se ke kampani Zachra\u0148me p\u0159\u00edrodu<\/strong><\/a><\/div>\n<\/div>\n\n<p>Mysl\u00edm si, \u017ee lid\u00e9 na ministerstvu \u017eivotn\u00edho prost\u0159ed\u00ed to dob\u0159e v\u011bd\u00ed. Sta\u010d\u00ed tedy, kdy\u017e jim jejich pr\u00e1ci nebudou \u00fa\u0159edn\u00edci z ministerstva zem\u011bd\u011blstv\u00ed a Lesy \u010cR sabotovat.<\/p>\n","protected":false},"excerpt":{"rendered":"<p>Ministrovi zem\u011bd\u011blstv\u00ed Marku V\u00fdborn\u00e9mu jsme p\u0159edali v\u00fdzvu Nek\u00e1cejte.cz, pod kterou se podepsalo zhruba 41 tis\u00edc lid\u00ed. Bohu\u017eel pan ministr a jeho resort st\u00e1le zpochyb\u0148uj\u00ed nutnost ochrany star\u00fdch les\u016f a jejich schopnost ukl\u00e1dat uhl\u00edk. <\/p>\n","protected":false},"author":27,"featured_media":20041,"comment_status":"closed","ping_status":"closed","sticky":false,"template":"","format":"standard","meta":{"ep_exclude_from_search":false,"p4_og_title":"","p4_og_description":"","p4_og_image":"","p4_og_image_id":"","p4_seo_canonical_url":"","p4_campaign_name":"","p4_local_project":"","p4_basket_name":"","p4_department":"","footnotes":""},"categories":[2],"tags":[17],"p4-page-type":[16],"class_list":["post-20011","post","type-post","status-publish","format-standard","has-post-thumbnail","hentry","category-priroda","tag-lesy-pralesy","p4-page-type-clanek"],"_links":{"self":[{"href":"https:\/\/www.greenpeace.org\/czech\/wp-json\/wp\/v2\/posts\/20011","targetHints":{"allow":["GET"]}}],"collection":[{"href":"https:\/\/www.greenpeace.org\/czech\/wp-json\/wp\/v2\/posts"}],"about":[{"href":"https:\/\/www.greenpeace.org\/czech\/wp-json\/wp\/v2\/types\/post"}],"author":[{"embeddable":true,"href":"https:\/\/www.greenpeace.org\/czech\/wp-json\/wp\/v2\/users\/27"}],"replies":[{"embeddable":true,"href":"https:\/\/www.greenpeace.org\/czech\/wp-json\/wp\/v2\/comments?post=20011"}],"version-history":[{"count":10,"href":"https:\/\/www.greenpeace.org\/czech\/wp-json\/wp\/v2\/posts\/20011\/revisions"}],"predecessor-version":[{"id":20148,"href":"https:\/\/www.greenpeace.org\/czech\/wp-json\/wp\/v2\/posts\/20011\/revisions\/20148"}],"wp:featuredmedia":[{"embeddable":true,"href":"https:\/\/www.greenpeace.org\/czech\/wp-json\/wp\/v2\/media\/20041"}],"wp:attachment":[{"href":"https:\/\/www.greenpeace.org\/czech\/wp-json\/wp\/v2\/media?parent=20011"}],"wp:term":[{"taxonomy":"category","embeddable":true,"href":"https:\/\/www.greenpeace.org\/czech\/wp-json\/wp\/v2\/categories?post=20011"},{"taxonomy":"post_tag","embeddable":true,"href":"https:\/\/www.greenpeace.org\/czech\/wp-json\/wp\/v2\/tags?post=20011"},{"taxonomy":"p4-page-type","embeddable":true,"href":"https:\/\/www.greenpeace.org\/czech\/wp-json\/wp\/v2\/p4-page-type?post=20011"}],"curies":[{"name":"wp","href":"https:\/\/api.w.org\/{rel}","templated":true}]}}